{"id":527551,"date":"2021-11-18T00:08:07","date_gmt":"2021-11-18T06:08:07","guid":{"rendered":"https:\/\/www.diarioimagen.net\/?p=527551"},"modified":"2021-11-19T05:04:06","modified_gmt":"2021-11-19T11:04:06","slug":"oposicion-politica-debil","status":"publish","type":"post","link":"https:\/\/www.diarioimagen.net\/?p=527551","title":{"rendered":"Oposici\u00f3n pol\u00edtica d\u00e9bil"},"content":{"rendered":"<h2>Punto por punto<\/h2>\n<h5>Augusto Corro<\/h5>\n<p>&nbsp;<\/p>\n<p>Intensas luchas internas se realizan en los diferentes partidos de oposici\u00f3n. La unidad qued\u00f3 atr\u00e1s. Los l\u00edderes no son capaces de sacar del letargo en que cayeron esas organizaciones pol\u00edticas tras las elecciones presidenciales de 2018.<\/p>\n<p>Los institutos pol\u00edticos no han podido enfrentar con \u00e9xito a su principal adversario el partido Movimiento Regeneraci\u00f3n Nacional (Morena).<\/p>\n<p>Por ejemplo, las iniciativas morenistas que llegan a la C\u00e1mara de Diputados son aprobadas por la mayor\u00eda de legisladores guindas.<\/p>\n<p>Como informamos en este espacio, ahora los partidos se preparan para la batalla por la aprobaci\u00f3n de la llamada reforma el\u00e9ctrica.<\/p>\n<p>S\u00f3lo que Morena no tiene los suficientes votos para la aprobaci\u00f3n de esa nueva ley.\u00a0 Tendr\u00e1 que recurrir a la oposici\u00f3n en busca de apoyo.<\/p>\n<p>Sin embargo, el l\u00edder de Acci\u00f3n Nacional, Marko Cort\u00e9s, declar\u00f3 que no van a permitir m\u00e1s retrocesos con Morena, \u201cno aprobaremos su capricho de reforma el\u00e9ctrica\u201d.<\/p>\n<p>En el Partido Revolucionario Institucional (PRI) se dividieron las opiniones.\u00a0 El coordinador de los legisladores tricolores se pronunci\u00f3 por el di\u00e1logo con morenistas para llegar a un acuerdo.<\/p>\n<p>Por su parte, el l\u00edder del Revolucionario Institucional, Alejandro Moreno (a) <em>Amlito<\/em> dio por muerto el di\u00e1logo.<\/p>\n<p>En t\u00e9rminos generales, los grupos parlamentarios del PAN y PRD, que forman la alianza legislativa de Va por M\u00e9xico, expresaron su rechazo a la citada reforma.<\/p>\n<p>Adem\u00e1s, diputados panistas y perredistas pidieron al PRI votar contra la reforma el\u00e9ctrica, si no, su alianza se fracturar\u00e1.<\/p>\n<p>Cabe preguntarse que viene despu\u00e9s de esos pronunciamientos de la oposici\u00f3n pol\u00edtica de total rechazo a la multicitada reforma.<\/p>\n<p>\u00bfTendr\u00e1n los dirigentes el apoyo necesario de sus militantes para oponerse a la reforma el\u00e9ctrica?<\/p>\n<p>La pregunta era obligada porque en Acci\u00f3n Nacional su dirigente Marko Cort\u00e9s propici\u00f3 el divisionismo entre la jerarqu\u00eda panista.<\/p>\n<p>Su reelecci\u00f3n como presidente nacional de su partido no cay\u00f3 bien a los panistas, quienes argumentaron que el dirigente no ha dado resultados positivos al frente de Acci\u00f3n Nacional.<\/p>\n<p>Tambi\u00e9n criticaron su esp\u00edritu derrotista que lo llev\u00f3 a vaticinar la p\u00e9rdida de 5 de 6 estados, en los que habr\u00e1 elecciones para cambios de gobernador el pr\u00f3ximo a\u00f1o.<\/p>\n<p>Dijo que su partido s\u00f3lo ganar\u00e1 en Aguascalientes.<\/p>\n<p>Las contiendas electorales se efectuar\u00e1n en Oaxaca, Durango, Tamaulipas, Hidalgo, Quintana Roo y Aguascalientes.<\/p>\n<p>Suman ya un sinn\u00famero de desaires de los panistas hacia su dirigente. Hace varios d\u00edas design\u00f3 a los delegados del partido para atender las elecciones en puerta. Todos los nombrados rechazaron el nombramiento de coordinadores. El \u00faltimo inconforme contra Marko Cort\u00e9s fue Roberto Gil Zuarth, quien fue designado como coordinador pol\u00edtico en Tamaulipas, no acept\u00f3 el nombramiento.<\/p>\n<p>\u00bfSus razones? Dijo Gil Zuarth que la actual dirigencia del blanquiazul se ha caracterizado por llevar una conducci\u00f3n con tentaciones facciosas.<\/p>\n<p>En el caso del Revolucionario Institucional tendr\u00e1 que definirse su actitud. El asunto es interesante, pues se sabr\u00e1 a cambio de que va el apoyo tricolor a la reforma morenista.<\/p>\n<p>En el PRI, surgieron las contradicciones entre el l\u00edder de los diputados, Rub\u00e9n Moreira, y el dirigente nacional, Alejandro Moreno. El primero quiere di\u00e1logo, el segundo dijo que no.<\/p>\n<p>\u00bfY qu\u00e9 opinan las bases? \u00bfEsos dirigentes tomar\u00e1n en cuenta a la militancia?<\/p>\n<p>El Partido de la Revoluci\u00f3n Democr\u00e1tica esperar\u00e1 a lo que digan los partidos y su jefe el empresario Claudio X Gonz\u00e1lez. Los perredistas pasan tiempos dif\u00edciles, de plena sobrevivencia, no tienen nada con que apoyar a sus aliados.<\/p>\n<p>\u201cLos Chuchos\u201d, Jes\u00fas Zambrano y Jes\u00fas Ortega, los due\u00f1os del sol azteca, se encuentran en condiciones de aceptar y obedecer lo que le ordenen los jefes de los otros partidos de la alianza Va por M\u00e9xico.<\/p>\n<p>En el escenario pol\u00edtico no s\u00f3lo estar\u00e1 presente la lucha por la reforma el\u00e9ctrica, sino que tambi\u00e9n ser\u00e1n tema de discusi\u00f3n la llamada revocaci\u00f3n de mandato y posibles cambios en la ley electoral.<\/p>\n<p>\u00bfUsted qu\u00e9 opina amable lector?<\/p>\n<p><a href=\"mailto:aco2742@hotmail.com\" target=\"_blank\" rel=\"noopener noreferrer\"><em>aco2742@hotmail.com<\/em><\/a><\/p>\n","protected":false},"excerpt":{"rendered":"<p><span style=\"color: #005497;\"><strong>Augusto Corro<\/strong><\/span><\/p>\n","protected":false},"author":3,"featured_media":0,"comment_status":"open","ping_status":"open","sticky":false,"template":"","format":"standard","meta":{"_monsterinsights_skip_tracking":false,"_monsterinsights_sitenote_active":false,"_monsterinsights_sitenote_note":"","_monsterinsights_sitenote_category":0,"footnotes":""},"categories":[157],"tags":[43686,43674,11515],"class_list":["post-527551","post","type-post","status-publish","format-standard","hentry","category-augusto-corro","tag-augusto-corro","tag-opinion","tag-punto-por-punto"],"_links":{"self":[{"href":"https:\/\/www.diarioimagen.net\/index.php?rest_route=\/wp\/v2\/posts\/527551","targetHints":{"allow":["GET"]}}],"collection":[{"href":"https:\/\/www.diarioimagen.net\/index.php?rest_route=\/wp\/v2\/posts"}],"about":[{"href":"https:\/\/www.diarioimagen.net\/index.php?rest_route=\/wp\/v2\/types\/post"}],"author":[{"embeddable":true,"href":"https:\/\/www.diarioimagen.net\/index.php?rest_route=\/wp\/v2\/users\/3"}],"replies":[{"embeddable":true,"href":"https:\/\/www.diarioimagen.net\/index.php?rest_route=%2Fwp%2Fv2%2Fcomments&post=527551"}],"version-history":[{"count":0,"href":"https:\/\/www.diarioimagen.net\/index.php?rest_route=\/wp\/v2\/posts\/527551\/revisions"}],"wp:attachment":[{"href":"https:\/\/www.diarioimagen.net\/index.php?rest_route=%2Fwp%2Fv2%2Fmedia&parent=527551"}],"wp:term":[{"taxonomy":"category","embeddable":true,"href":"https:\/\/www.diarioimagen.net\/index.php?rest_route=%2Fwp%2Fv2%2Fcategories&post=527551"},{"taxonomy":"post_tag","embeddable":true,"href":"https:\/\/www.diarioimagen.net\/index.php?rest_route=%2Fwp%2Fv2%2Ftags&post=527551"}],"curies":[{"name":"wp","href":"https:\/\/api.w.org\/{rel}","templated":true}]}}