{"id":527563,"date":"2021-11-18T00:08:59","date_gmt":"2021-11-18T06:08:59","guid":{"rendered":"https:\/\/www.diarioimagen.net\/?p=527563"},"modified":"2021-11-18T04:27:20","modified_gmt":"2021-11-18T10:27:20","slug":"amlo-a-favor-de-la-encuesta-porque-le-permite-elegir-sucesora","status":"publish","type":"post","link":"https:\/\/www.diarioimagen.net\/?p=527563","title":{"rendered":"AMLO, a favor de la encuesta porque le permite elegir sucesor(a)"},"content":{"rendered":"<h2>Clase Pol\u00edtica<\/h2>\n<h5>Miguel \u00c1ngel Rivera<\/h5>\n<p>&nbsp;<\/p>\n<p>La jefa de Gobierno de la Ciudad de M\u00e9xico, Claudia Sheinbaum Pardo, est\u00e1 a menos de un mes de cumplir tres a\u00f1os en el cargo, pero hasta ahora no se conoce p\u00fablicamente la encuesta que la convirti\u00f3 en candidata del ahora partido oficial, Morena.<\/p>\n<p>Fue un estudio demosc\u00f3pico que caus\u00f3 sorpresa, pues la entonces gobernante de la delegaci\u00f3n de Tlalpan super\u00f3 al tambi\u00e9n delegado, pero en Cuauht\u00e9moc, Ricardo Monreal \u00c1vila, un experimentado pol\u00edtico que fue uno de los primeros en vencer a su ex partido, el PRI, para convertirse en gobernador de su natal Zacatecas.<\/p>\n<p>Esa encuesta tuvo resultados tan sorpresivos como el hecho de que Monreal fuera relegado hasta el tercer sitio, pues fue superado tambi\u00e9n por un pol\u00edtico local que hasta la fecha se ubica en la <em>segunda divisi\u00f3n, <\/em>Mart\u00ed Batres Guadarrama, como lo evidencia el hecho de que trabaja para Sheinbaum, como secretario general de Gobierno. Para mayor asombro, el primero en anunciar la victoria de Sheinbaum fue precisamente Mart\u00ed, quien evidentemente estaba entre los pocos enterados del resultado o \u201calguien\u201d se lo filtr\u00f3 y le orden\u00f3 difundirlo.<\/p>\n<p>Uno de los otros pocos que conocen ese sondeo y sus resultados es el presidente Andr\u00e9s Manuel L\u00f3pez Obrador, quien no pierde la confianza en estos estudios que, al decir de sus cr\u00edticos, ocultan o intentan disfrazar que es realmente quien toma las decisiones, al igual que sus antecesores del PRI, que disfrutaban de facultades <strong><em>metaconstitucionales<\/em><\/strong>, entre las cuales estaba de manera destacada nombrar candidatos a cargos de representaci\u00f3n popular y especialmente a quien ser\u00eda su sucesor.<\/p>\n<p>Por eso no resulta sorpresiva la declaraci\u00f3n de ayer, durante su ma\u00f1anera efectuada en Canc\u00fan, poco antes de volar a Washington para la Reuni\u00f3n Cumbre de Norteam\u00e9rica con los gobernantes de los Estados Unidos, Joe Biden, y de Canad\u00e1, Justin Trudeau, de que apoyar\u00e1 al candidato presidencial (de Morena) que gane la encuesta.<\/p>\n<p>En opini\u00f3n de muchos analistas y observadores la favorita del Presidente es la jefe de Gobierno de la Ciudad de M\u00e9xico, Claudia Sheinbaum, quien igualmente en diversas ocasiones se ha manifestado a favor de las encuestas como el m\u00e9todo para definir la candidatura presidencial del partido oficial.<\/p>\n<p>Los otros dos destacados pol\u00edticos que aparecen como precandidatos, el mencionado Monreal y el secretario de Relaciones Exteriores, Marcelo Ebrard Casaubon, adem\u00e1s de confirmar sus aspiraciones a la nominaci\u00f3n presidencial se han declarado en contra del m\u00e9todo de encuestas, pero no han tenido eco en quien verdaderamente decide, no obstante que el presidente nacional de Morena, Mario Delgado Carrillo, es considerado un personero de Ebrard.<\/p>\n<p>En su conferencia ma\u00f1anera de ayer, el presidente L\u00f3pez Obrador se refiri\u00f3 en la elecci\u00f3n para la gubernatura de Quintana Roo pero su declaraci\u00f3n tambi\u00e9n tiene alcance para su propia sucesi\u00f3n.<\/p>\n<p>Asegur\u00f3 que apoyar\u00e1 al candidato o candidata de Morena que resulte ganador en las encuestas internas realizadas por el partido oficial.<\/p>\n<p>\u201cYo voy estar con el que gane la encuesta -y de una vez lo voy a decir para no estarlo repitiendo- porque no me gusta meterme en estos asuntos, pero tambi\u00e9n aplica para lo nacional. Cuando se decida qui\u00e9n va a ser el candidato de nuestro movimiento voy a apoyar a quien gane la encuesta, hombre o mujer\u201d.<\/p>\n<p>\u201cA ese voy apoyar, claro que ser\u00e1 solo con mi voto, porque no puedo utilizar los recursos p\u00fablicos para beneficiar a ning\u00fan candidato o a ning\u00fan partido. Pero como ciudadano si me dicen: \u00bfa qui\u00e9n va a apoyar de su movimiento? Ser\u00e1 a quien gane la encuesta\u201d.<\/p>\n<p>Como se\u00f1alamos, esta actitud se interpreta generalmente como la confirmaci\u00f3n de que el primer mandatario tiene como favorita a la gobernante de la Ciudad de M\u00e9xico y que la eventual encuesta servir\u00e1 para convalidar su decisi\u00f3n.Lo que falta conocer son las decisiones que asumir\u00e1n los otros dos precandidatos.<\/p>\n<p>Todav\u00eda hace unos d\u00edas, en Oaxaca, al asistir al informe de labores del gobernador saliente, Alejandro Murat Hinojosa, a quien se supone muy alineado con el presidente L\u00f3pez Obrador, Monreal confirm\u00f3 su propuesta de que, en vez de una encuesta, se realice una consulta entre los militantes del partido.<\/p>\n<p>La tradici\u00f3n priista que ahora revive con L\u00f3pez Obrador, indica que es el Presidente que va de salida quien tiene la facultad de decidir, pero Monreal evidenci\u00f3 que se pod\u00eda triunfar sin ser beneficiario del \u201cdedazo\u201d y Ebrard abandon\u00f3 al tricolor, al lado de su entonces jefe, Manuel Camacho, en protesta porque \u00e9ste no fue el elegido.<\/p>\n<p style=\"text-align: center;\"><strong>\u00a0Un senador, o senadora, no hace verano<\/strong><\/p>\n<p>La senadora Martha Cecilia M\u00e1rquez Alvarado encendi\u00f3 las luces de alarma en el Partido Acci\u00f3n Nacional (PAN) no s\u00f3lo por abandonar su bancada, sino que puso en peligro el eventual triunfo de ese partido en las elecciones que se celebrar\u00e1n el a\u00f1o venidero para elegir nuevo gobernador.<\/p>\n<p>Hace muy pocos d\u00edas, el presidente nacional del partido azul y blanco, Marko Cort\u00e9s Mendoza, qued\u00f3 expuesto a la cr\u00edtica por la revelaci\u00f3n de un video difundido subrepticiamente en el que admiti\u00f3 que su partido ten\u00eda pocas posibilidades de victoria en las elecciones de seis gobernadores programadas para el a\u00f1o venidero y que su \u00fanica plaza segura era Aguascalientes.<\/p>\n<p>La salida de la senadora M\u00e1rquez Alvarado proyect\u00f3 la duda inclusive sobre esa plaza que parec\u00eda la \u00fanica fortaleza de Acci\u00f3n Nacional. Esto adem\u00e1s de que daba pie a las especulaciones en sentido de que hab\u00eda una fuerte divisi\u00f3n en las filas panistas, acentuadas por la reciente reelecci\u00f3n del presidente Cort\u00e9s Mendoza, acusado de haber abusado de sus poderes para eliminar a posibles competidores.<\/p>\n<p>Por ello fue necesario que el coordinador del Grupo Parlamentario del PAN, Julen Rementer\u00eda del Puerto, saliera para aclarar que no existe divisi\u00f3n<\/p>\n<p>\u201cYo lo que veo simplemente son temas personales que hay que mantenerlos as\u00ed. No hay divisi\u00f3n en el PAN, son asuntos individuales que se est\u00e1n atendiendo y se tendr\u00e1n que atender por las instancias que corresponde\u201d, sostuvo el l\u00edder panista.<\/p>\n<p>A pesar de las referidas protestas por la reelecci\u00f3n de Cort\u00e9s Mendoza, el senador por el estado de Veracruz afirm\u00f3 que no hay ninguna queja y se encuentran en la disposici\u00f3n de dialogar y hablar sin ning\u00fan problema.<\/p>\n<p>Acompa\u00f1ado de los senadores del partido albiazul, el coordinador de esta fracci\u00f3n en el Senado reiter\u00f3 que los asuntos del PAN se tienen que resolver al interior de este instituto pol\u00edtico.<\/p>\n<p style=\"text-align: center;\"><strong>La Comisi\u00f3n de los Derechos Humanos da se\u00f1ales de vida<\/strong><\/p>\n<p>Envuelta en controversias desde la designaci\u00f3n de su actual titular, Rosario Piedra Ibarra, la Comisi\u00f3n Nacional de los Derechos Humanos (CNDH) hab\u00eda ca\u00eddo en una larga etapa de silencio durante la cual el \u00fanico hecho sobresaliente fue pedir mejor trato en prisi\u00f3n para Mario Aburto, el confeso asesino de Luis Donaldo Colosio Murrieta, candidato presidencial del PRI en un barrio de Tijuana, hace ya m\u00e1s de un cuarto de siglo.<\/p>\n<p>Luego de un breve revuelo ocasionado por esa extra\u00f1a y extempor\u00e1nea demanda, la CNDH asumi\u00f3 un caso mucho m\u00e1s vinculado de lo que se supone que son sus responsabilidades.<\/p>\n<p>En efecto, la Comisi\u00f3n pidi\u00f3 ayer mi\u00e9rcoles al gobierno mexicano atender y respetar los derechos de la caravana migrante que avanza ahora por el este del pa\u00eds hacia la frontera norte en condiciones cada vez m\u00e1s precarias.<\/p>\n<p>La CNDH solicit\u00f3 al Instituto Nacional de Migraci\u00f3n (INM) y a la Guardia Nacional respetar los derechos humanos de los migrantes, en su mayor\u00eda de Centroam\u00e9rica, que ahora est\u00e1n en el estado de Veracruz, en el oriente de M\u00e9xico.<\/p>\n<p>\u201cEste organismo nacional llama a las autoridades responsables a que se atienda el principio de no devoluci\u00f3n de las personas que pretendan solicitar refugio, brindando la seguridad necesaria en condiciones dignas y adecuadas a las diversas necesidades, en los lugares de tr\u00e1nsito y pernocta\u201d, indic\u00f3 la resoluci\u00f3n de la CNDH.<\/p>\n<p>La Comisi\u00f3n plante\u00f3 esta demanda luego de la llegada, el pasado martes, de la caravana de migrantes a Veracruz, el tercer estado que pisan desde su salida de\u00a0 la ciudad de Tapachula, fronteriza con Guatemala y en el estado de Chiapas, y su paso por Oaxaca.\u00a0 Fuera de \u201csospechosismos\u201d, lo que llama la atenci\u00f3n es que la alerta de la CNDH, muy cercana a la llamada Cuarta Transformaci\u00f3n, se produzca la v\u00edspera de la reuni\u00f3n cumbre de Norteam\u00e9rica, en donde la migraci\u00f3n es uno de los temas latentes.<\/p>\n<p><em><a href=\"mailto:riparcangel@hotmail.com\" target=\"_blank\" rel=\"noopener noreferrer\">riparcangel@hotmail.com<\/a><\/em><\/p>\n","protected":false},"excerpt":{"rendered":"<p><span style=\"color: #005497;\"><strong>Miguel \u00c1ngel Rivera<\/strong><\/span<\/span><\/p>\n","protected":false},"author":3,"featured_media":0,"comment_status":"open","ping_status":"open","sticky":false,"template":"","format":"standard","meta":{"_monsterinsights_skip_tracking":false,"_monsterinsights_sitenote_active":false,"_monsterinsights_sitenote_note":"","_monsterinsights_sitenote_category":0,"footnotes":""},"categories":[84119],"tags":[84120,84121,43674],"class_list":["post-527563","post","type-post","status-publish","format-standard","hentry","category-miguel-angel-rivera","tag-clase-politica","tag-miguel-angel-rivera","tag-opinion"],"_links":{"self":[{"href":"https:\/\/www.diarioimagen.net\/index.php?rest_route=\/wp\/v2\/posts\/527563","targetHints":{"allow":["GET"]}}],"collection":[{"href":"https:\/\/www.diarioimagen.net\/index.php?rest_route=\/wp\/v2\/posts"}],"about":[{"href":"https:\/\/www.diarioimagen.net\/index.php?rest_route=\/wp\/v2\/types\/post"}],"author":[{"embeddable":true,"href":"https:\/\/www.diarioimagen.net\/index.php?rest_route=\/wp\/v2\/users\/3"}],"replies":[{"embeddable":true,"href":"https:\/\/www.diarioimagen.net\/index.php?rest_route=%2Fwp%2Fv2%2Fcomments&post=527563"}],"version-history":[{"count":0,"href":"https:\/\/www.diarioimagen.net\/index.php?rest_route=\/wp\/v2\/posts\/527563\/revisions"}],"wp:attachment":[{"href":"https:\/\/www.diarioimagen.net\/index.php?rest_route=%2Fwp%2Fv2%2Fmedia&parent=527563"}],"wp:term":[{"taxonomy":"category","embeddable":true,"href":"https:\/\/www.diarioimagen.net\/index.php?rest_route=%2Fwp%2Fv2%2Fcategories&post=527563"},{"taxonomy":"post_tag","embeddable":true,"href":"https:\/\/www.diarioimagen.net\/index.php?rest_route=%2Fwp%2Fv2%2Ftags&post=527563"}],"curies":[{"name":"wp","href":"https:\/\/api.w.org\/{rel}","templated":true}]}}