{"id":527571,"date":"2021-11-18T00:09:52","date_gmt":"2021-11-18T06:09:52","guid":{"rendered":"https:\/\/www.diarioimagen.net\/?p=527571"},"modified":"2021-11-18T04:39:00","modified_gmt":"2021-11-18T10:39:00","slug":"oposicion-sin-estrategias-ni-inteligencia","status":"publish","type":"post","link":"https:\/\/www.diarioimagen.net\/?p=527571","title":{"rendered":"Oposici\u00f3n sin estrategias, ni inteligencia"},"content":{"rendered":"<h2>Poder y dinero<\/h2>\n<h5>V\u00edctor S\u00e1nchez Ba\u00f1os<\/h5>\n<p>&nbsp;<\/p>\n<ul>\n<li><strong><em>La reforma el\u00e9ctrica, aniquilada\u00a0<\/em><\/strong><\/li>\n<li><strong><em>PRI-PAN-PRD, visi\u00f3n limitada<\/em><\/strong><\/li>\n<li><strong><em>PVEM fij\u00f3 su posici\u00f3n en contra<\/em><\/strong><\/li>\n<li><strong><em>Lista la puntilla a Morena, pero&#8230;\u00a0<\/em><\/strong><\/li>\n<li><strong><em>Carlos Joaqu\u00edn, al gabinete de AMLO<\/em><\/strong><\/li>\n<li><strong><em>Otro disparate de L\u00f3pez-Gatell\u00a0 &#8211; Henkel, RSC<\/em><\/strong><\/li>\n<\/ul>\n<p>&nbsp;<\/p>\n<p style=\"text-align: right;\"><em>La sumisi\u00f3n a un hombre d\u00e9bil es disciplina.<br \/>\nLa sumisi\u00f3n a un hombre fuerte es s\u00f3lo servilismo<br \/>\n<\/em><strong>Gilbert Keith Chesterton<\/strong> (1874-1936) Escritor brit\u00e1nico<\/p>\n<p>&nbsp;<\/p>\n<p>La reforma el\u00e9ctrica, hoy, est\u00e1 aniquilada. Ni Morena, ni sus aliados, suman los votos suficientes para realizar una reforma constitucional.<\/p>\n<p>Lo peor que le ocurre a los l\u00edderes de las c\u00e1maras, Ignacio Mier, en Diputados, y Ricardo Monreal, en Senadores, saben de la hecatombe que podr\u00eda venir. Mientras Mier, sin una reflexi\u00f3n pol\u00edtica y menospreciando la inteligencia de los legisladores y, sobre todo, las matem\u00e1ticas. Dice que este a\u00f1o saca esa reforma. No es audacia, sino grave error pol\u00edtico. Sabe que si no es ahora, enviar\u00e1n otra y otra y otra m\u00e1s, hasta que se apruebe la orden presidencial.<\/p>\n<p>En cambio, Monreal fue m\u00e1s precavido. El menciona que hasta abril ser\u00eda la discusi\u00f3n y aprobaci\u00f3n de esa reforma. Les da tiempo para lograr acuerdos pol\u00edticos y que convenzan a los opositores de las posibles bondades del proyecto lopezobradorista.<\/p>\n<p>Sin embargo, no han evaluado el peso del voto de los miembros del Partido Verde Ecologista, que anunciaron su posici\u00f3n en contra de la reforma el\u00e9ctrica, lo que da al traste a cualquier posibilidad de obtener la mayor\u00eda calificada de dos terceras partes y de la mitad m\u00e1s uno de los Congresos locales.<\/p>\n<p>Los \u201cverdes\u201d dieron una justificaci\u00f3n que realmente es la base para mantener una imagen, aunque deteriorada, de un partido ecologista: La reforma el\u00e9ctrica va contra los principios de su partido. As\u00ed pierde de un plumazo 43 de los 334 votos, de los 500 legisladores, que necesita para la aprobaci\u00f3n.<\/p>\n<p>Juntos, los 202 de Morena y los 33 del PT, s\u00f3lo juntan 235 votos. Si logra maicear o convencer a otros opositores como los de Movimiento Ciudadano o de la alianza opositora formada por PRI-PAN Y PRD, es muy dif\u00edcil lograrlo. Les faltar\u00eda 99 votos, una tarea poco menos que imposible.<\/p>\n<p>Por ello, se podr\u00edan ya practicar las exequias para el proyecto que impuls\u00f3, irracionalmente, el director de la Comisi\u00f3n Federal de Electricidad.<\/p>\n<p style=\"text-align: center;\"><strong>OPOSICI\u00d3N MIOPE, NO <\/strong><strong>VE OPORTUNIDAD<\/strong><\/p>\n<p>Ahora, \u00bfqu\u00e9 es lo que esto significa para el ego de los pol\u00edticos de Morena, que siempre hablan de \u201cla confianza de 34 millones de electores\u201d (somos 93 millones de electores)?<\/p>\n<p>Al interior de los partidos pol\u00edticos, no han mencionado un hecho que es relevante y que podr\u00eda abrirles otra puerta de oportunidad para ganar m\u00e1s posiciones en la lucha electoral de 2022, donde est\u00e1n en juego las gubernaturas de 6 estados: Aguascalientes, Quintana Roo, Oaxaca, Hidalgo, Durango y Tamaulipas.<\/p>\n<p>Primero, ya est\u00e1 muerta la reforma el\u00e9ctrica y Morena pide tiempo para resucitarla.<\/p>\n<p>Por ello, es fundamental, en estos momentos, que se lleve al pleno del Congreso y que estrat\u00e9gicamente se acabe con esa legislaci\u00f3n que va en contra del desarrollo del pa\u00eds, al aniquilar la confianza de los capitales extranjeros y nacionales, para invertir en el pa\u00eds.<\/p>\n<p>Es hoy y ahora.<\/p>\n<p>No se puede dar un descanso en la lucha pol\u00edtica. En estos momentos, est\u00e1n dadas las condiciones para acabar con la reforma de Manuel Bartlett, que adem\u00e1s destruye nuestro ambiente con el uso de combustibles m\u00e1s sucios para generar electricidad; adem\u00e1s, terminan con las fuentes de energ\u00eda e\u00f3lica y solar, as\u00ed como la generaci\u00f3n de energ\u00eda, sin competencia y fortalecido un monopolio, cada vez a m\u00e1s altos precios. Hoy el precio de la electricidad de la CFE es uno de los m\u00e1s altos del planeta.<\/p>\n<p>Al derrumbar, en el Legislativo, uno de los proyectos ic\u00f3nicos del gobierno de Andr\u00e9s Manuel L\u00f3pez Obrador, la oposici\u00f3n tiene un respiro importante. Ese an\u00e1lisis no es derivado de las encuestas, que muchas veces est\u00e1n <em>cuchareadas<\/em>. Es una conclusi\u00f3n derivada del an\u00e1lisis y la estrategia.<\/p>\n<p>Al respirar la oposici\u00f3n, luego de acabar este a\u00f1o con la \u201creforma Bartlett\u201d, tendr\u00eda m\u00e1s posibilidades de ganar m\u00e1s de una gubernatura, con los lazos s\u00f3lidos entre la oposici\u00f3n.<\/p>\n<p>Vemos a un Marko Cort\u00e9s, del PAN, un Alejandro Moreno (<em>Amlito<\/em>) del PRI y a Jes\u00fas Zambrano, del PRD, sin pedir a sus legisladores que act\u00faen con rapidez. Claro, muchos diputados y senadores, esperan que caiga el ma\u00edz en sus corrales y encarecer su voto sobre esa sobrevaluada, por Morena, reforma el\u00e9ctrica.<\/p>\n<p>Pero, el pueblo (la sociedad mexicana), otra vez podr\u00eda ser traicionada por su clase pol\u00edtica.<\/p>\n<p>Si Morena les gana esta reforma, es definitivo que a quienes les debemos las exequias, es a la oposici\u00f3n mexicana. Nacer\u00eda un partido \u00fanico, como lo fue el PRI por 7 d\u00e9cadas, con un deterioro de la democracia en M\u00e9xico y el mundo.<\/p>\n<p style=\"text-align: center;\"><strong>PODEROSOS CABALLEROS<\/strong><\/p>\n<p><strong>CARLOS JOAQU\u00cdN- AMLO: <\/strong>Una noticia que le cala a la dirigencia de la alianza opositora, es que el presidente L\u00f3pez Obrador coquetee con los gobernadores que dejan su cargo y militan en el PRI y el PAN. Primero fue con Quirino Ordaz, en Sinaloa; luego con Claudia Pavlovich, en Sonora: y ahora busca convencer a Carlos Joaqu\u00edn para que lo ayude en su gobierno. \u201cYo estoy muy a gusto con el trabajo que est\u00e1 haciendo el gobernador de Quintana Roo\u201d, dijo AMLO. Que bueno para la oposici\u00f3n. Eso quiere decir que son pol\u00edticos h\u00e1biles y que, hasta la oposici\u00f3n, les da reconocimiento.<\/p>\n<p><strong>OTRA BARRABASADA DE L\u00d3PEZ-GATELL: <\/strong>Los jueces no son expertos en salud, al ordenar a la 4T vacunar a menores de 18 a\u00f1os, dijo el subsecretario de Salud, Hugo L\u00f3pez-Gatell. Es cierto que ellos no son expertos en salud, pero, y a las pruebas me remito, L\u00f3pez Gatell, ni su jefe Jorge Alcocer, tampoco han demostrado pericia y conocimiento en el manejo de la pandemia. Imaginen que este tipo se dice \u201ct\u00e9cnico\u201d. Ya se le demostr\u00f3 que es un charlat\u00e1n al negar la utilidad del cubrebocas en enfermedades respiratorias como la Covid-19; al mentir sobre el n\u00famero real de muertos y, lo peor, al no tener ni la m\u00e1s m\u00ednima idea de c\u00f3mo distribuir medicamentos en el pa\u00eds. En cambio, es un experto en zalamer\u00eda. En otras naciones con aut\u00e9nticos m\u00e9dicos y cient\u00edficos al frente de la salud de sus sociedades, contin\u00faan con la vacunaci\u00f3n de menores de edad. Lo que pasa es que ellos tienen otros datos. Por eso ellos no encabezan las listas de mortalidad por la pandemia.<\/p>\n<p><strong>FUGA DE CAPITALES: <\/strong>Han salido del mercado burs\u00e1til 3 mil 598.1 millones de pesos y en el discurso oficial, ni idea tienen. El capital extranjero para la compra de acciones en las bolsas mexicanas (BMV y Biva) registraron una salida neta por 3 mil 598.1 millones de d\u00f3lares de enero a octubre de este a\u00f1o. Es el peor desempe\u00f1o desde el mismo periodo de 2011, de acuerdo con cifras publicadas por el Banco de M\u00e9xico. En otros factores, como la falta de un Estado de Derecho s\u00f3lido en los capitales extranjeros, la fuga de capitales burs\u00e1tiles se debe a la rentabilidad ronda el 30 por ciento de otros mercados financieros.<\/p>\n<p style=\"text-align: center;\"><strong>RESPONSABILIDAD SOCIAL <\/strong><strong>CORPORATIVA<\/strong><\/p>\n<p><strong> HENKEL: <\/strong>Bajo el liderazgo de Valent\u00edn L\u00f3pez, la alemana Henkel, acord\u00f3 comprar energ\u00eda limpia para garantizar que toda la que se consume dentro de las plantas de producci\u00f3n de Adhesivos en M\u00e9xico, a fin que sea energ\u00eda el\u00e9ctrica renovable. Refuerza su compromiso con el programa de clima positivo hacia las ambiciones de sustentabilidad para 2040, mediante el incremento de adquisici\u00f3n de energ\u00eda renovable fuera del sitio. La operaci\u00f3n la encabez\u00f3 Eduardo Nascimento, Regional Sustainability Manager de Henkel M\u00e9xico.<\/p>\n<p>&nbsp;<\/p>\n<blockquote>\n<p style=\"text-align: right;\"><strong>Esc\u00fachame de lunes a viernes, de 21 a 22 horas,<br \/>\nen \u201cV\u00edctor S\u00e1nchez Ba\u00f1os en MVS\u201d<\/strong><\/p>\n<\/blockquote>\n<p>&nbsp;<\/p>\n<p><a href=\"https:\/\/mvsnoticias.com\/\" target=\"_blank\" rel=\"noopener noreferrer\"><em>MVSnoticias.com<\/em><\/a><br \/>\n<a href=\"http:\/\/poderydinero.mx\" target=\"_blank\" rel=\"noopener noreferrer\"><em>poderydinero.mx<\/em><\/a><em><b><br \/>\n<\/b><a href=\"mailto:vsb@poderydinero.mx\" target=\"_blank\" rel=\"noopener noreferrer\">vsb@poderydinero.mx<\/a><a href=\"mailto:vsanchezb@gmail.com\" target=\"_blank\" rel=\"noopener noreferrer\"><br \/>\n<\/a><strong>Twitter:<\/strong><a href=\"https:\/\/twitter.com\/vsanchezbanos\" target=\"_blank\" rel=\"noopener noreferrer\">@vsanchezbanos<br \/>\n<\/a><strong>Facebook: <\/strong><a href=\"https:\/\/www.facebook.com\/vsanchezbanos?fref=ts\" target=\"_blank\" rel=\"noopener noreferrer\">vsanchezbanos<\/a><\/em><\/p>\n","protected":false},"excerpt":{"rendered":"<p><span style=\"color: #005497;\"><strong>V\u00edctor S\u00e1nchez Ba\u00f1os<\/strong><\/span<\/span><\/p>\n","protected":false},"author":3,"featured_media":0,"comment_status":"open","ping_status":"open","sticky":false,"template":"","format":"standard","meta":{"_monsterinsights_skip_tracking":false,"_monsterinsights_sitenote_active":false,"_monsterinsights_sitenote_note":"","_monsterinsights_sitenote_category":0,"footnotes":""},"categories":[38844],"tags":[43674,38847,38848],"class_list":["post-527571","post","type-post","status-publish","format-standard","hentry","category-victor-sanchez-banos","tag-opinion","tag-poder-y-dinero","tag-victor-sanchez-banos"],"_links":{"self":[{"href":"https:\/\/www.diarioimagen.net\/index.php?rest_route=\/wp\/v2\/posts\/527571","targetHints":{"allow":["GET"]}}],"collection":[{"href":"https:\/\/www.diarioimagen.net\/index.php?rest_route=\/wp\/v2\/posts"}],"about":[{"href":"https:\/\/www.diarioimagen.net\/index.php?rest_route=\/wp\/v2\/types\/post"}],"author":[{"embeddable":true,"href":"https:\/\/www.diarioimagen.net\/index.php?rest_route=\/wp\/v2\/users\/3"}],"replies":[{"embeddable":true,"href":"https:\/\/www.diarioimagen.net\/index.php?rest_route=%2Fwp%2Fv2%2Fcomments&post=527571"}],"version-history":[{"count":0,"href":"https:\/\/www.diarioimagen.net\/index.php?rest_route=\/wp\/v2\/posts\/527571\/revisions"}],"wp:attachment":[{"href":"https:\/\/www.diarioimagen.net\/index.php?rest_route=%2Fwp%2Fv2%2Fmedia&parent=527571"}],"wp:term":[{"taxonomy":"category","embeddable":true,"href":"https:\/\/www.diarioimagen.net\/index.php?rest_route=%2Fwp%2Fv2%2Fcategories&post=527571"},{"taxonomy":"post_tag","embeddable":true,"href":"https:\/\/www.diarioimagen.net\/index.php?rest_route=%2Fwp%2Fv2%2Ftags&post=527571"}],"curies":[{"name":"wp","href":"https:\/\/api.w.org\/{rel}","templated":true}]}}