{"id":527633,"date":"2021-11-19T00:01:40","date_gmt":"2021-11-19T06:01:40","guid":{"rendered":"https:\/\/www.diarioimagen.net\/?p=527633"},"modified":"2021-11-25T04:15:14","modified_gmt":"2021-11-25T10:15:14","slug":"pide-amlo-a-biden-y-a-trudeau-dejar-de-rechazar-migrantes-indocumentados","status":"publish","type":"post","link":"https:\/\/www.diarioimagen.net\/?p=527633","title":{"rendered":"Pide AMLO a Biden y a Trudeau dejar de rechazar migrantes indocumentados"},"content":{"rendered":"<p>&nbsp;<\/p>\n<ul>\n<li><strong><em>Cumbre de L\u00edderes de Am\u00e9rica del Norte<\/em><\/strong><\/li>\n<\/ul>\n<p>&nbsp;<\/p>\n<div id=\"attachment_527713\" style=\"width: 470px\" class=\"wp-caption aligncenter\"><a href=\"https:\/\/www.diarioimagen.net\/?attachment_id=527713\" rel=\"attachment wp-att-527713\"><img loading=\"lazy\" decoding=\"async\" aria-describedby=\"caption-attachment-527713\" class=\"size-full wp-image-527713\" src=\"https:\/\/www.diarioimagen.net\/wp-content\/uploads\/2021\/11\/amlo-7.jpg\" alt=\"\" width=\"460\" height=\"270\" \/><\/a><p id=\"caption-attachment-527713\" class=\"wp-caption-text\">En el encuentro con Joe Biden y Justin Trudeau, Andr\u00e9s Manuel L\u00f3pez Obrador pidi\u00f3 dejar de rechazar a los migrantes indocumentados.<\/p><\/div>\n<p>&nbsp;<\/p>\n<p>Durante su intervenci\u00f3n en la Cumbre de L\u00edderes de Am\u00e9rica del Norte, realizada ayer en Washington, el presidente Andr\u00e9s Manuel L\u00f3pez Obrador pidi\u00f3 a sus hom\u00f3logos de Estados Unidos, Joe Biden; y de Canad\u00e1, el primer ministro Justin Trudeau, dejar de rechazar a migrantes indocumentados que por necesidad emprenden su viaje por M\u00e9xico y que representan parte importante de la mano de obra.<\/p>\n<p>El mandatario plante\u00f3 fortalecer la econom\u00eda regional para retomar el liderazgo comercial en el mundo como hace 30 a\u00f1os y para ello solicit\u00f3 trabajar para abrir ordenadamente el flujo migratorio y as\u00ed satisfacer la demanda de mano de obra.<\/p>\n<p>\u00abSe necesita de fuerza de trabajo que en realidad no se tiene con fuerza ni en Estados Unidos ni en Canad\u00e1. \u00bfPor qu\u00e9 no estudiar la demanda de mano de obra y abrir ordenadamente el flujo migratorio?\u00bb, cuestion\u00f3.<\/p>\n<p>\u201cSe deben dejar a un lado los mitos y prejuicios como rechazar a migrantes cuando para crecer se necesita de su fuerza de trabajo que en realidad no se tiene con suficiencia ni en Estados Unidos, ni en Canad\u00e1\u00bb, dijo L\u00f3pez Obrador.<\/p>\n<p>El presidente L\u00f3pez Obrador dijo que de mantenerse la tendencia, en 30 a\u00f1os, China tendr\u00e1 el dominio del 42% del mercado mundial, mientras que Estados Unidos, Canad\u00e1 y M\u00e9xico se quedar\u00edan con el 12%, pero para que eso no suceda debe fortalecer las econom\u00edas y su comercio.<\/p>\n<p>En el mismo tema, el presidente L\u00f3pez Obrador agradeci\u00f3 el trabajo que realiza Joe Biden para regularizar a 11 millones de migrantes que trabajan en EU. \u201cDeseo que cuente con el apoyo del Congreso. Estaremos atentos y sabremos corresponder con gratitud y amistad\u201d, dijo.<\/p>\n<p>Por su parte, Joe Biden anunci\u00f3 durante la reuni\u00f3n trilateral que entreg\u00f3 250 millones de dosis de la vacuna contra la Covid-19 a 10 pa\u00edses para cumplir con el compromiso de dosis gratis que entregar\u00e1 el pa\u00eds al mundo.<\/p>\n<p>Biden tambi\u00e9n destac\u00f3 que se compr\u00f3 en EU 10 millones de tratamientos contra la Covid-19 que se entregar\u00e1n en caso de que sea aprobado por la Administraci\u00f3n de Medicamentos y Alimentos (FDA por sus siglas en ingl\u00e9s).<\/p>\n<p style=\"text-align: center;\"><strong>Agradecemos que EU nos d\u00e9 trato de iguales, no de patio trasero: AMLO<\/strong><\/p>\n<p>Previo a su encuentro bilateral con Joe Biden, el presidente L\u00f3pez Obrador agradeci\u00f3 que en una nueva era de las relaciones bilaterales, el trato hacia M\u00e9xico sea como igual y no como el patio trasero de Estados Unidos.<\/p>\n<p>Y ya en declaraciones conjuntas, el mandatario mexicano agradeci\u00f3 la visi\u00f3n que Biden ha puesto en su enfoque con M\u00e9xico basado en el respeto y la soberan\u00eda nacionales.<\/p>\n<p>Me dijo que no nos iban a ver como patio trasero, cosa que agradecemos porque de esa manera no necesitamos estar reafirmando nuestros principios de independencia y soberan\u00eda\u201d, dijo el jefe del Ejecutivo mexicano.<\/p>\n<p>\u201cEn esta nueva etapa de nuestra relaci\u00f3n se nos facilita porque como lo ha expresado el presidente Biden, \u00e9l quiere que el trato sea respetuoso y entre iguales\u201d, sostuvo.<\/p>\n<p>Como lo hizo con la vicepresidenta Kamala Harris, el tabasque\u00f1o agradeci\u00f3 a su par estadounidense haber mandado al Congreso estadounidense una reforma migratoria para legalizar a 11 millones de mexicanos.<\/p>\n<p>L\u00f3pez Obrador agreg\u00f3 que le dijo a Biden que estar\u00edan pendientes del proceso y confi\u00f3 en que los legisladores apoyen dicha iniciativa ya que los connacionales han contribuido al crecimiento de Estados Unidos.<\/p>\n<p>En su intervenci\u00f3n, el presidente Joe Biden reconoci\u00f3 las relaciones hist\u00f3ricas entre ambos pa\u00edses y la necesidad en que se refrende el compromiso de un trato entre iguales y no como meros socios comerciales.<\/p>\n<p>El mandatario estadounidense tambi\u00e9n coment\u00f3 sobre los planes de su administraci\u00f3n sobre infraestructura y contribuir a la reactivaci\u00f3n econ\u00f3mica en su pa\u00eds.<\/p>\n<p>Destac\u00f3 que como parte del nuevo di\u00e1logo entre M\u00e9xico y Estados Unidos, durante este a\u00f1o se han reactivado importantes conversaciones bilaterales en materia econ\u00f3mica, de seguridad y en torno al bicentenario de las relaciones diplom\u00e1ticas.<\/p>\n<p>\u201cMuchas gracias por su compromiso por nuestra relaci\u00f3n y espero podamos a hablar de diversos temas de nuestra agenda\u201d, indic\u00f3 Biden.<\/p>\n","protected":false},"excerpt":{"rendered":"<p>Durante su intervenci\u00f3n en la Cumbre de L\u00edderes de Am\u00e9rica del Norte, realizada ayer en Washington, el presidente Andr\u00e9s Manuel L\u00f3pez Obrador pidi\u00f3 a sus hom\u00f3logos de Estados Unidos, Joe Biden; y de Canad\u00e1, el primer ministro Justin Trudeau, dejar de rechazar a migrantes indocumentados que por necesidad emprenden su viaje por M\u00e9xico y que representan parte importante de la mano de obra.<\/p>\n","protected":false},"author":3,"featured_media":527713,"comment_status":"open","ping_status":"open","sticky":false,"template":"","format":"standard","meta":{"_monsterinsights_skip_tracking":false,"_monsterinsights_sitenote_active":false,"_monsterinsights_sitenote_note":"","_monsterinsights_sitenote_category":0,"footnotes":""},"categories":[3],"tags":[2545,46228,10383,43673],"class_list":["post-527633","post","type-post","status-publish","format-standard","has-post-thumbnail","hentry","category-nacional","tag-amlo","tag-cumbre","tag-migrantes","tag-nacional"],"_links":{"self":[{"href":"https:\/\/www.diarioimagen.net\/index.php?rest_route=\/wp\/v2\/posts\/527633","targetHints":{"allow":["GET"]}}],"collection":[{"href":"https:\/\/www.diarioimagen.net\/index.php?rest_route=\/wp\/v2\/posts"}],"about":[{"href":"https:\/\/www.diarioimagen.net\/index.php?rest_route=\/wp\/v2\/types\/post"}],"author":[{"embeddable":true,"href":"https:\/\/www.diarioimagen.net\/index.php?rest_route=\/wp\/v2\/users\/3"}],"replies":[{"embeddable":true,"href":"https:\/\/www.diarioimagen.net\/index.php?rest_route=%2Fwp%2Fv2%2Fcomments&post=527633"}],"version-history":[{"count":0,"href":"https:\/\/www.diarioimagen.net\/index.php?rest_route=\/wp\/v2\/posts\/527633\/revisions"}],"wp:featuredmedia":[{"embeddable":true,"href":"https:\/\/www.diarioimagen.net\/index.php?rest_route=\/wp\/v2\/media\/527713"}],"wp:attachment":[{"href":"https:\/\/www.diarioimagen.net\/index.php?rest_route=%2Fwp%2Fv2%2Fmedia&parent=527633"}],"wp:term":[{"taxonomy":"category","embeddable":true,"href":"https:\/\/www.diarioimagen.net\/index.php?rest_route=%2Fwp%2Fv2%2Fcategories&post=527633"},{"taxonomy":"post_tag","embeddable":true,"href":"https:\/\/www.diarioimagen.net\/index.php?rest_route=%2Fwp%2Fv2%2Ftags&post=527633"}],"curies":[{"name":"wp","href":"https:\/\/api.w.org\/{rel}","templated":true}]}}