{"id":527636,"date":"2021-11-19T00:05:06","date_gmt":"2021-11-19T06:05:06","guid":{"rendered":"https:\/\/www.diarioimagen.net\/?p=527636"},"modified":"2021-11-22T05:08:10","modified_gmt":"2021-11-22T11:08:10","slug":"responde-uaem-a-demandas-de-la-comunidad-universitaria","status":"publish","type":"post","link":"https:\/\/www.diarioimagen.net\/?p=527636","title":{"rendered":"Responde UAEM a demandas de la comunidad universitaria"},"content":{"rendered":"<p><em>\u00a0<\/em><\/p>\n<ul>\n<li><strong><em>El rector, Carlos Eduardo Barrera D\u00edaz encabez\u00f3 el cuarto informe anual de actividades del encargado de despacho de la direcci\u00f3n de la Facultad de Arquitectura y Dise\u00f1o, Jaime Guadarrama Gonz\u00e1lez<\/em><\/strong><\/li>\n<\/ul>\n<p>&nbsp;<\/p>\n<div id=\"attachment_527717\" style=\"width: 470px\" class=\"wp-caption aligncenter\"><a href=\"https:\/\/www.diarioimagen.net\/?attachment_id=527717\" rel=\"attachment wp-att-527717\"><img loading=\"lazy\" decoding=\"async\" aria-describedby=\"caption-attachment-527717\" class=\"size-full wp-image-527717\" src=\"https:\/\/www.diarioimagen.net\/wp-content\/uploads\/2021\/11\/uaem-10.jpg\" alt=\"\" width=\"460\" height=\"270\" \/><\/a><p id=\"caption-attachment-527717\" class=\"wp-caption-text\">Carlos Eduardo Barrera D\u00edaz, rector de la UAEM, resalt\u00f3 que la instituci\u00f3n realiza diversos trabajos de infraestructura, tal es el caso de la remodelaci\u00f3n de la cancha de voleibol y la colocaci\u00f3n de una vinilona en el t\u00fanel que une los edificios A y B de dicha facultad.<\/p><\/div>\n<p>&nbsp;<\/p>\n<p><strong>Toluca, Estado de M\u00e9xico.\u2014 <\/strong>Respondiendo a las demandas de la comunidad universitaria, la Administraci\u00f3n 2021-2025 de la Universidad Aut\u00f3noma del Estado de M\u00e9xico (UAEM) realiza diversos trabajos de infraestructura, tal es el caso de la remodelaci\u00f3n de la cancha de voleibol y la colocaci\u00f3n de una vinilona en el t\u00fanel que une los edificios A y B de la Facultad de Arquitectura y Dise\u00f1o, afirm\u00f3 el rector\u00a0 Carlos Eduardo Barrera D\u00edaz. Al encabezar el cuarto informe anual de actividades del encargado de despacho de la direcci\u00f3n de este espacio universitario, Jaime Guadarrama Gonz\u00e1lez, sostuvo que la comunidad universitaria est\u00e1 comprometida a seguir creando nuevas soluciones para superar los problemas y adversidades que la cotidianidad plantea como la contingencia sanitaria.<\/p>\n<p>Carlos Eduardo Barrera D\u00edaz destac\u00f3 algunas de las metas alcanzadas el \u00faltimo a\u00f1o por la administraci\u00f3n de la Facultad de Arquitectura y Dise\u00f1o como el incremento de la matr\u00edcula de nuevo ingreso, que 100 por ciento de los programas educativos posee calidad certificada, adem\u00e1s de la reducci\u00f3n del \u00edndice de reprobaci\u00f3n y deserci\u00f3n escolar.<\/p>\n<p>En tanto Guadarrama Gonz\u00e1lez dio cuenta de diversas actividades y acciones que permitieron, durante el \u00faltimo a\u00f1o, que estudiantes y docentes mantuvieran e incrementar\u00e1n su formaci\u00f3n y profesionalizaci\u00f3n como el programa de C\u00e1tedras Abiertas, las conferencias, coloquios y congresos que se desarrollaron de manera virtual, la participaci\u00f3n en 12 proyectos estrat\u00e9gicos de la Ciudad de Toluca, colaborando con la Direcci\u00f3n de Desarrollo Urbano municipal. Asimismo, la participaci\u00f3n de estudiantes en concursos y congresos de impacto nacional e internacional y la titulaci\u00f3n de 226 estudiantes de licenciatura y 35 de posgrado.<\/p>\n<p>En el marco de este ejercicio de rendici\u00f3n de cuentas, se homenaje\u00f3 a integrantes de la Facultad que perdieron la vida a consecuencia de la presencia de la pandemia por la Covid-19 y fueron entregadas las Preseas \u201cIgnacio Manuel Altamirano Basilio\u201d.<\/p>\n","protected":false},"excerpt":{"rendered":"<p>Respondiendo a las demandas de la comunidad universitaria, la Administraci\u00f3n 2021-2025 de la Universidad Aut\u00f3noma del Estado de M\u00e9xico (UAEM) realiza diversos trabajos de infraestructura, tal es el caso de la remodelaci\u00f3n de la cancha de voleibol y la colocaci\u00f3n de una vinilona en el t\u00fanel que une los edificios A y B de la Facultad de Arquitectura y Dise\u00f1o, afirm\u00f3 el rector\u00a0 Carlos Eduardo Barrera D\u00edaz.<\/p>\n","protected":false},"author":3,"featured_media":527717,"comment_status":"open","ping_status":"open","sticky":false,"template":"","format":"standard","meta":{"_monsterinsights_skip_tracking":false,"_monsterinsights_sitenote_active":false,"_monsterinsights_sitenote_note":"","_monsterinsights_sitenote_category":0,"footnotes":""},"categories":[5],"tags":[11593,94079,452,94080],"class_list":["post-527636","post","type-post","status-publish","format-standard","has-post-thumbnail","hentry","category-estado-de-mexico","tag-demanda","tag-estado-de-mexicocarlos-eduardo-barrera-diaz","tag-toluca","tag-universitaria"],"_links":{"self":[{"href":"https:\/\/www.diarioimagen.net\/index.php?rest_route=\/wp\/v2\/posts\/527636","targetHints":{"allow":["GET"]}}],"collection":[{"href":"https:\/\/www.diarioimagen.net\/index.php?rest_route=\/wp\/v2\/posts"}],"about":[{"href":"https:\/\/www.diarioimagen.net\/index.php?rest_route=\/wp\/v2\/types\/post"}],"author":[{"embeddable":true,"href":"https:\/\/www.diarioimagen.net\/index.php?rest_route=\/wp\/v2\/users\/3"}],"replies":[{"embeddable":true,"href":"https:\/\/www.diarioimagen.net\/index.php?rest_route=%2Fwp%2Fv2%2Fcomments&post=527636"}],"version-history":[{"count":0,"href":"https:\/\/www.diarioimagen.net\/index.php?rest_route=\/wp\/v2\/posts\/527636\/revisions"}],"wp:featuredmedia":[{"embeddable":true,"href":"https:\/\/www.diarioimagen.net\/index.php?rest_route=\/wp\/v2\/media\/527717"}],"wp:attachment":[{"href":"https:\/\/www.diarioimagen.net\/index.php?rest_route=%2Fwp%2Fv2%2Fmedia&parent=527636"}],"wp:term":[{"taxonomy":"category","embeddable":true,"href":"https:\/\/www.diarioimagen.net\/index.php?rest_route=%2Fwp%2Fv2%2Fcategories&post=527636"},{"taxonomy":"post_tag","embeddable":true,"href":"https:\/\/www.diarioimagen.net\/index.php?rest_route=%2Fwp%2Fv2%2Ftags&post=527636"}],"curies":[{"name":"wp","href":"https:\/\/api.w.org\/{rel}","templated":true}]}}