{"id":527644,"date":"2021-11-19T00:01:26","date_gmt":"2021-11-19T06:01:26","guid":{"rendered":"https:\/\/www.diarioimagen.net\/?p=527644"},"modified":"2021-11-19T05:27:49","modified_gmt":"2021-11-19T11:27:49","slug":"el-1-de-diciembre-entrara-en-funciones-batallon-de-seguridad-turistica-de-la-guardia-nacional","status":"publish","type":"post","link":"https:\/\/www.diarioimagen.net\/?p=527644","title":{"rendered":"El 1 de diciembre entrar\u00e1 en funciones Batall\u00f3n de Seguridad Tur\u00edstica de la Guardia Nacional"},"content":{"rendered":"<h2>De cinco estrellas<\/h2>\n<h5>Victoria Gonz\u00e1lez Prado<\/h5>\n<p>&nbsp;<\/p>\n<ul>\n<li><strong><em>Walfred Castro recibi\u00f3 del titular de la Secretar\u00eda de Turismi federal reconocimiento por su contribuci\u00f3n a la conectividad a\u00e9rea de M\u00e9xico \u00a0<\/em><\/strong><\/li>\n<li><strong><em>En el primer trimestre de 2022, la compa\u00f1\u00eda guatemalteca <\/em>TAG Airlines<em>, conectar\u00e1 a la ciudad de Guatemala con M\u00e9rida, Yucat\u00e1n<\/em><\/strong><\/li>\n<\/ul>\n<p><strong>\u00a0<\/strong><\/p>\n<div id=\"attachment_527731\" style=\"width: 470px\" class=\"wp-caption aligncenter\"><a href=\"https:\/\/www.diarioimagen.net\/?attachment_id=527731\" rel=\"attachment wp-att-527731\"><img loading=\"lazy\" decoding=\"async\" aria-describedby=\"caption-attachment-527731\" class=\"size-full wp-image-527731\" src=\"https:\/\/www.diarioimagen.net\/wp-content\/uploads\/2021\/11\/turismo-7.jpg\" alt=\"\" width=\"460\" height=\"114\" \/><\/a><p id=\"caption-attachment-527731\" class=\"wp-caption-text\">Anuncian la creaci\u00f3n del batall\u00f3n de Seguridad Tur\u00edstica.<\/p><\/div>\n<p><strong>\u00a0<\/strong><\/p>\n<p><strong>\u00a0<\/strong><\/p>\n<p><strong>M\u00e9rida, Yucat\u00e1n.\u2014<\/strong> <strong>Andr\u00e9s Manuel L\u00f3pez Obrador<\/strong>, en Canc\u00fan, durante la conferencia ma\u00f1anera destac\u00f3, una vez m\u00e1s, el cari\u00f1o y afecto que le tiene a Quintana Roo y al refertise a los recientes actos violentos en Puerto Morelos instruy\u00f3 a <strong>Luis Cresencio Sandoval Gonz\u00e1lez<\/strong>, secretario de la Defensa Nacional, crear el Batall\u00f3n de Seguridad Tur\u00edstica de la Guardia Nacional, que entrar\u00e1 en funciones a partir del 1 de diciembre de este a\u00f1o 2021.<\/p>\n<p><strong>Sandoval Gonz\u00e1lez<\/strong>, indic\u00f3 que este Batall\u00f3n de Seguridad Tur\u00edstica de la Guardia Nacional estar\u00e1 en Canc\u00fan, pero tendr\u00e1 presencia en toda la Riviera Maya para dar mayor seguridad a turistas internacionales y nacionales. \u201cEste batall\u00f3n que tambi\u00e9n tendr\u00e1 toda la atenci\u00f3n a la Riviera Maya, va a contar con mil 445 agentes, quienes tendr\u00e1n bajo su responsabilidad la prioridad de atender a los municipios de Benito Ju\u00e1rez, Solidaridad y Tulum\u201d,<\/p>\n<p>De igual forma,, anunci\u00f3 que ser\u00e1 construida en Tulum sede de la Guardia Nacional para reforzar la seguridad en este importante destino tur\u00edstico.<\/p>\n<p>El funcionario destac\u00f3 que esta sede de la Guardia Nacional no estaba contemplada, pero para reforzar la seguridad y tener mayor presencia de fuerzas federales decidieron la construcci\u00f3n del cuartel en terreno de m\u00e1s de una hect\u00e1rea, donado por el gobierno de Quintana Roo y, adelant\u00f3, que este modelo de seguridad que iniciar\u00e1 en la Riviera Maya se aplicarr\u00e1 m\u00e1s adelante en otros destinos tur\u00edsticos del pa\u00eds.<\/p>\n<p>Por su parte, <strong>Miguel Torruco Marqu\u00e9<\/strong>s, secretario de turismo federal indic\u00f3 que la falta de seguridad es problema \u201ca\u00f1ejo\u201d que se busca resolver en la actual administraci\u00f3n. \u201cPara eso est\u00e1n las autoridades (para resolver la inseguridad), se sigue incrementando la Guardia Nacional y poco a poco se va ir resolviendo un problema a\u00f1ejo. Eso depende de las autoridades (acelerar la estrategia) que est\u00e1n al mando de ello; yo estoy al mando del turismo\u201d, asever\u00f3 <strong>Torruco Marqu\u00e9s. <\/strong><\/p>\n<p>El titular de la Sectur dijo que el gobierno trabaja de la mano con los empresarios en la estrategia de seguridad e indic\u00f3 que los hechos ocurridos en la Riviera Maya y Tulum son hechos \u2018aislados\u2019.<\/p>\n<p>\u201cSe est\u00e1n llevando a cabo cuarteles (de la Guardia Nacional) en donde hay m\u00e1s presencia de la inseguridad. Son casos aislados de inseguridad\u201d, apunt\u00f3 Torruco en entrevista con medios.<\/p>\n<p>Record\u00f3 que la contribuci\u00f3n del turismo al PIB se recuperar\u00e1 hasta finales del 2023. Antes de la pandemia, la actividad tur\u00edstica representaba alrededor del 8.7 por ciento de la econom\u00eda mexicana y otorgaba una balanza comercial positiva por 14 mil millones de d\u00f3lares.\u00e7<\/p>\n<p>\u2730\u2730\u2730\u2730\u2730 Viva Aerobus recibi\u00f3 reconocimiento de la Secretar\u00eda de Turismopor, que preside, <strong>Miguel Torrucoo <\/strong>por su contribuci\u00f3n a la conectividad a\u00e9rea de M\u00e9xico en sus 15 a\u00f1os de trayectoria, que cumple el pr\u00f3ixmo 30 de noviembre. <strong>\u00a0<\/strong><\/p>\n<p><strong>Walfred Castro<\/strong>, director de Comunicaci\u00f3n de la aerol\u00ednea recibi\u00f3 y agradeci\u00f3 el reconocimiento a la Secretaria de\u00a0Turismo, y dijo sentirse muy orgulloso de cumplir 15 a\u00f1os como la aerol\u00ednea que ha transformado la manera de\u00a0viajar en avi\u00f3n,. \u201cHoy somo un medio de transporte verdaderamente accesible\u201d.<\/p>\n<p>Adem\u00e1s, asegur\u00f3: \u201csomos un eslab\u00f3n clave de la cadena de valor\u00a0tur\u00edstica.\u00a0Nuestros precios bajos permiten a los viajeros ahorrar en su transporte y aprovechar m\u00e1s atractivos en cada sitio que visitan en beneficio de la derrama econ\u00f3mica local\u201d.<\/p>\n<p>La aerol\u00ednea celebra su quinceavo aniversario en un momento de crecimiento y liderazgo hist\u00f3rico, habiendo transportado m\u00e1s de 80 millones de pasajeros desde su fundaci\u00f3n en 2006 y mostrando \u00a0s\u00f3lida reactivaci\u00f3n de la demanda en un contexto de pandemia.<\/p>\n<p>Viva Aerobus se posicion\u00f3 en marzo de 2021 como la primera aerol\u00ednea mexicana en superar el tr\u00e1fico de pasajeros pre-Covid-19, tendencia que ha mantenido en los \u00faltimos ocho meses con m\u00e1s de un mill\u00f3n de pasajeros al mes.<\/p>\n<p>Cabe destacar que Viva Aerobus mantiene firme sus planes de crecimiento y concluir\u00e1 este 2021 con 55 aeronaves <em>Airbus, <\/em>lo que la convierte en la flota m\u00e1s joven de M\u00e9xico, considerando los cuatro aviones que recibir\u00e1 en estos dos \u00faltimos meses del a\u00f1o. La aerol\u00ednea tambi\u00e9n recuerda que este a\u00f1o ya ha lanzado 11 nuevas rutas, 5 nacionales y 6 internacionales.<\/p>\n<p>\u2730\u2730\u2730\u2730\u2730 En el primer trimestre de 2022, la compa\u00f1\u00eda guatemalteca <em>TAG Airlines<\/em>, conectar\u00e1 a la ciudad de Guatemala con M\u00e9rida, Yucat\u00e1n, en vuelo directo con cuatro frecuencias semanales y atractivas tarifas competitivas.<\/p>\n<p><strong>Julio Gamero<\/strong>, CEO de la compa\u00f1\u00eda a\u00e9rea dijo: \u201cagradecemos la confianza de las autoridades del estado de Yucat\u00e1n, tenemos el objetivo de avanzar en el fortalecimiento de la conectividad a\u00e9rea con todos los estados que integran la regi\u00f3n del Mundo Maya, y Yucat\u00e1n es, sin duda, un destino estrat\u00e9gico\u201d, asegur\u00f3.<\/p>\n<p>En compa\u00f1\u00eda de <strong>Marcela Toriello<\/strong>, presidenta de la Junta Directiva de <em>TAG Airlines<\/em>, <strong>Gamero<\/strong> se\u00f1al\u00f3: \u201choy queremos refrendar el compromiso de la l\u00ednea a\u00e9rea con el impulso al desarrollo de la industria de la aviaci\u00f3n y del\u00a0turismo, que son dos motores importantes para el crecimiento econ\u00f3mico de nuestros pueblos, y agradeci\u00f3 el papel del alcalde de M\u00e9rida, <strong>Ren\u00e1n Barre<\/strong>r<strong>a Concha,<\/strong> como facilitador de esta nueva ruta\u201d.<\/p>\n<p>El gobernador del Estado de Yucat\u00e1n, <strong>Mauricio Vila<\/strong>, celebr\u00f3 el pr\u00f3ximo inicio de operaciones en el estado, y asegur\u00f3 que el trabajo en conjunto dar\u00e1 como resultado que le vaya bien a Yucat\u00e1n y a Guatemala.<\/p>\n<p>Resalt\u00f3 que esta nueva ruta a\u00e9rea contribuir\u00e1 a fortalecer los lazos de unidad entre los dos pueblos, as\u00ed como el desarrollo econ\u00f3mico de la regi\u00f3n del Mundo Maya.<\/p>\n<p>Por su parte, <strong>Barrera Concha<\/strong>, se\u00f1al\u00f3 que la llegada de <em>TAG Airlines<\/em> a la capital yucateca es de las buenas noticias que el sector esperaba, especialmente en el marco del\u00a0Tianguis\u00a0Tur\u00edstico\u00a0M\u00e9rida 2021. Refiri\u00f3 que la conectividad a\u00e9rea, sin duda, fomentar\u00e1 el desarrollo de la actividad\u00a0tur\u00edstica\u00a0y de los negocios.<\/p>\n<p>Yucat\u00e1n ofrece al viajero de placer y de negocios importantes atractivos, entre los que destacan la cosmopolita ciudad de M\u00e9rida, la zona arqueol\u00f3gica de Chichen Itz\u00e1 (considerada una las maravillas del mundo), Valladolid, Izamal, adem\u00e1s de su gran riqueza cultural, natural y grastron\u00f3mica.<\/p>\n<p>En tanto, Guatemala, como coraz\u00f3n del mundo Maya, ofrece una amplia diversidad de atractivos culturales y comerciales, y representa la principal puerta de entrada a la regi\u00f3n de Centroam\u00e9rica.<\/p>\n<p>La compa\u00f1\u00eda a\u00e9rea\u00a0es empresa 100 por ciento guatemalteca que desde hace 50 a\u00f1os mantiene firme compromiso con la conectividad a\u00e9rea y el desarrollo. Actualmente opera 27 vuelos diarios en Guatemala, Honduras, El Salvador, Belice y M\u00e9xico, con moderna flota de m\u00e1s de 20 aeronaves.<\/p>\n<p>Cabe recordar que inici\u00f3 recientemente operaciones en M\u00e9xico, con las rutas a\u00e9reas que conectan a la ciudad de Guatemala con Canc\u00fan y Tapachula, adem\u00e1s de la ruta entre\u00a0Canc\u00fan y la ciudad de Flores, en la regi\u00f3n del Pet\u00e9n.<\/p>\n<p>&nbsp;<\/p>\n<blockquote>\n<p style=\"text-align: right;\">\u201c<strong>El<\/strong> <strong>\u00e1ngel de la fama tiene sus alas hechas de papel&#8230; peri\u00f3dico\u201d.<br \/>\n<\/strong><\/p>\n<\/blockquote>\n<p>&nbsp;<\/p>\n<p><em><span class=\"Apple-converted-space\"><a href=\"mailto:victoriagprado@gmail.com\" target=\"_blank\" rel=\"noopener noreferrer\">victoriagprado@gmail.com<\/a><br \/>\nTwitter: <a href=\"https:\/\/twitter.com\/victoriagprado\" target=\"_blank\" rel=\"noopener noreferrer\">@victoriagprado<\/a><\/span><\/em><\/p>\n","protected":false},"excerpt":{"rendered":"<p><strong>Andr\u00e9s Manuel L\u00f3pez Obrador<\/strong>, en Canc\u00fan, durante la conferencia ma\u00f1anera destac\u00f3, una vez m\u00e1s, el cari\u00f1o y afecto que le tiene a Quintana Roo y al refertise a los recientes actos violentos en Puerto Morelos instruy\u00f3 a <strong>Luis Cresencio Sandoval Gonz\u00e1lez<\/strong>, secretario de la Defensa Nacional, crear el Batall\u00f3n de Seguridad Tur\u00edstica de la Guardia Nacional, que entrar\u00e1 en funciones a partir del 1 de diciembre de este a\u00f1o 2021.<\/p>\n","protected":false},"author":3,"featured_media":527732,"comment_status":"open","ping_status":"open","sticky":false,"template":"","format":"standard","meta":{"_monsterinsights_skip_tracking":false,"_monsterinsights_sitenote_active":false,"_monsterinsights_sitenote_note":"","_monsterinsights_sitenote_category":0,"footnotes":""},"categories":[11],"tags":[107,43674,43681,106],"class_list":["post-527644","post","type-post","status-publish","format-standard","has-post-thumbnail","hentry","category-turismo","tag-de-cinco-estrellas","tag-opinion","tag-turismo","tag-victoria-gonzalez-prado"],"_links":{"self":[{"href":"https:\/\/www.diarioimagen.net\/index.php?rest_route=\/wp\/v2\/posts\/527644","targetHints":{"allow":["GET"]}}],"collection":[{"href":"https:\/\/www.diarioimagen.net\/index.php?rest_route=\/wp\/v2\/posts"}],"about":[{"href":"https:\/\/www.diarioimagen.net\/index.php?rest_route=\/wp\/v2\/types\/post"}],"author":[{"embeddable":true,"href":"https:\/\/www.diarioimagen.net\/index.php?rest_route=\/wp\/v2\/users\/3"}],"replies":[{"embeddable":true,"href":"https:\/\/www.diarioimagen.net\/index.php?rest_route=%2Fwp%2Fv2%2Fcomments&post=527644"}],"version-history":[{"count":0,"href":"https:\/\/www.diarioimagen.net\/index.php?rest_route=\/wp\/v2\/posts\/527644\/revisions"}],"wp:featuredmedia":[{"embeddable":true,"href":"https:\/\/www.diarioimagen.net\/index.php?rest_route=\/wp\/v2\/media\/527732"}],"wp:attachment":[{"href":"https:\/\/www.diarioimagen.net\/index.php?rest_route=%2Fwp%2Fv2%2Fmedia&parent=527644"}],"wp:term":[{"taxonomy":"category","embeddable":true,"href":"https:\/\/www.diarioimagen.net\/index.php?rest_route=%2Fwp%2Fv2%2Fcategories&post=527644"},{"taxonomy":"post_tag","embeddable":true,"href":"https:\/\/www.diarioimagen.net\/index.php?rest_route=%2Fwp%2Fv2%2Ftags&post=527644"}],"curies":[{"name":"wp","href":"https:\/\/api.w.org\/{rel}","templated":true}]}}