{"id":527663,"date":"2021-11-19T00:03:51","date_gmt":"2021-11-19T06:03:51","guid":{"rendered":"https:\/\/www.diarioimagen.net\/?p=527663"},"modified":"2021-11-19T05:57:58","modified_gmt":"2021-11-19T11:57:58","slug":"entregan-dos-aulas-en-la-secundaria-escudo-nacional-en-el-barrio-belem-de-tultitlan","status":"publish","type":"post","link":"https:\/\/www.diarioimagen.net\/?p=527663","title":{"rendered":"Entregan dos aulas en la Secundaria \u201cEscudo Nacional\u201d en el Barrio Belem de Tultitl\u00e1n"},"content":{"rendered":"<p>&nbsp;<\/p>\n<p><a href=\"https:\/\/www.diarioimagen.net\/?attachment_id=527752\" rel=\"attachment wp-att-527752\"><img loading=\"lazy\" decoding=\"async\" class=\"aligncenter size-full wp-image-527752\" src=\"https:\/\/www.diarioimagen.net\/wp-content\/uploads\/2021\/11\/tultitlan.jpg\" alt=\"\" width=\"460\" height=\"270\" \/><\/a><\/p>\n<p>&nbsp;<\/p>\n<p><strong>Tultitl\u00e1n, Estado de M\u00e9xico.\u2013<\/strong> La presidenta municipal de Tultitl\u00e1n, Elena Garc\u00eda, hizo entrega de la construcci\u00f3n de dos aulas en la Secundaria No. 36 \u201cEscudo Nacional\u201d en el Barrio Belem de la zona centro de la demarcaci\u00f3n.<\/p>\n","protected":false},"excerpt":{"rendered":"<p>La presidenta municipal de Tultitl\u00e1n, Elena Garc\u00eda, hizo entrega de la construcci\u00f3n de dos aulas en la Secundaria No. 36 \u201cEscudo Nacional\u201d en el Barrio Belem de la zona centro de la demarcaci\u00f3n.<\/p>\n","protected":false},"author":3,"featured_media":527752,"comment_status":"open","ping_status":"open","sticky":false,"template":"","format":"standard","meta":{"_monsterinsights_skip_tracking":false,"_monsterinsights_sitenote_active":false,"_monsterinsights_sitenote_note":"","_monsterinsights_sitenote_category":0,"footnotes":""},"categories":[5],"tags":[94082,43675,578],"class_list":["post-527663","post","type-post","status-publish","format-standard","has-post-thumbnail","hentry","category-estado-de-mexico","tag-barrio-belem","tag-estado-de-mexico","tag-tultitlan"],"_links":{"self":[{"href":"https:\/\/www.diarioimagen.net\/index.php?rest_route=\/wp\/v2\/posts\/527663","targetHints":{"allow":["GET"]}}],"collection":[{"href":"https:\/\/www.diarioimagen.net\/index.php?rest_route=\/wp\/v2\/posts"}],"about":[{"href":"https:\/\/www.diarioimagen.net\/index.php?rest_route=\/wp\/v2\/types\/post"}],"author":[{"embeddable":true,"href":"https:\/\/www.diarioimagen.net\/index.php?rest_route=\/wp\/v2\/users\/3"}],"replies":[{"embeddable":true,"href":"https:\/\/www.diarioimagen.net\/index.php?rest_route=%2Fwp%2Fv2%2Fcomments&post=527663"}],"version-history":[{"count":0,"href":"https:\/\/www.diarioimagen.net\/index.php?rest_route=\/wp\/v2\/posts\/527663\/revisions"}],"wp:featuredmedia":[{"embeddable":true,"href":"https:\/\/www.diarioimagen.net\/index.php?rest_route=\/wp\/v2\/media\/527752"}],"wp:attachment":[{"href":"https:\/\/www.diarioimagen.net\/index.php?rest_route=%2Fwp%2Fv2%2Fmedia&parent=527663"}],"wp:term":[{"taxonomy":"category","embeddable":true,"href":"https:\/\/www.diarioimagen.net\/index.php?rest_route=%2Fwp%2Fv2%2Fcategories&post=527663"},{"taxonomy":"post_tag","embeddable":true,"href":"https:\/\/www.diarioimagen.net\/index.php?rest_route=%2Fwp%2Fv2%2Ftags&post=527663"}],"curies":[{"name":"wp","href":"https:\/\/api.w.org\/{rel}","templated":true}]}}