{"id":527666,"date":"2021-11-19T00:04:21","date_gmt":"2021-11-19T06:04:21","guid":{"rendered":"https:\/\/www.diarioimagen.net\/?p=527666"},"modified":"2021-11-19T05:58:46","modified_gmt":"2021-11-19T11:58:46","slug":"participacion-responsable-de-ciudadanos-en-esterilizacion-de-animales-de-compania","status":"publish","type":"post","link":"https:\/\/www.diarioimagen.net\/?p=527666","title":{"rendered":"Participaci\u00f3n responsable de ciudadanos en esterilizaci\u00f3n de animales de compa\u00f1\u00eda"},"content":{"rendered":"<p>&nbsp;<\/p>\n<ul>\n<li><strong><em>Campa\u00f1a en Tultepec<\/em><\/strong><\/li>\n<\/ul>\n<p>&nbsp;<\/p>\n<div id=\"attachment_527755\" style=\"width: 470px\" class=\"wp-caption aligncenter\"><a href=\"https:\/\/www.diarioimagen.net\/?attachment_id=527755\" rel=\"attachment wp-att-527755\"><img loading=\"lazy\" decoding=\"async\" aria-describedby=\"caption-attachment-527755\" class=\"size-full wp-image-527755\" src=\"https:\/\/www.diarioimagen.net\/wp-content\/uploads\/2021\/11\/tultepec.jpg\" alt=\"\" width=\"460\" height=\"270\" \/><\/a><p id=\"caption-attachment-527755\" class=\"wp-caption-text\">Los tultepequenses mostraron su responsabilidad\u00a0al esterilizar a sus animales de compa\u00f1\u00eda.<\/p><\/div>\n<p>&nbsp;<\/p>\n<p><strong>Tultepec, Estado de M\u00e9xico.\u2014<\/strong> Con esta pol\u00edtica p\u00fablica llevada a cabo a trav\u00e9s de la Direcci\u00f3n de Ecolog\u00eda y Salud P\u00fablica municipal, la dependencia acerca este servicio a toda la ciudadan\u00eda con base en un cronograma semestral que puede variar solo con base en la demanda del servicio, o a solicitud de los presidentes de los Consejos de Participaci\u00f3n Ciudadana (COPACI), para sus respectivas colonias.<\/p>\n<p>Chiristian Lara Fraire, Director de Ecolog\u00eda y Salud P\u00fablica,\u00a0agradeci\u00f3 a los tultepequenses por ser buenos ciudadanos y mostrar su responsabilidad\u00a0de tener un animal de compa\u00f1\u00eda, en el esfuerzo de esta pol\u00edtica p\u00fablica de realizar cirug\u00edas de esterilizaci\u00f3n, cuyo costo en una cl\u00ednica particular llega a tener un costo de entre 800 y mil pesos o m\u00e1s.<\/p>\n<p>Explic\u00f3 que \u201cperros y gatos son los animales de compa\u00f1\u00eda con mayor presencia en los hogares de las personas, de ah\u00ed la importancia de mantenerlos sanos, vacunados y\u00a0esterilizados para evitar que proliferen sin control, evitando as\u00ed toda la problem\u00e1tica que ello implica de animales abandonados y enfermos en las calles\u201d.<\/p>\n<p>Dijo que para evitar esta problem\u00e1tica y debido a la alta demanda que se dio en la zona de fraccionamientos, espec\u00edficamente en el\u00a0Club Parque Canino\u00a0ubicado en Real de Tultepec, se ampliaron las fechas del servicio para los d\u00edas viernes 19 y 26 de noviembre y 3 y 10 de diciembre respectivamente realizando un registro previo.<\/p>\n<p>La operaci\u00f3n consiste en una incisi\u00f3n de aproximadamente dos cent\u00edmetros, por debajo de la cicatriz umbilical, donde se identifican cuernos uterinos para retirar los ovarios hasta el c\u00e9rvix con ligadura y sutura absorbible para que no tenga da\u00f1o el cuerpo del animal, en una maniobra que dura entre 10 a 15 minutos.<\/p>\n<p>La gente s\u00f3lo necesit\u00f3 llevar a sus canes o gatos no lactando, no en celo, ni gestantes y con ayuno de al menos 12 horas, para que sean operados sin ning\u00fan costo, a partir de los seis meses de edad, de preferencia limpios.<\/p>\n<p>Una vez concluida la operaci\u00f3n, los canes y felinos son dejados en reposo durante aproximadamente una hora, por lo que es recomendable traer una cobija o frazada para ello, dependiendo de c\u00f3mo metabolicen el medicamento en su cuerpo.<\/p>\n<p>Gracias\u00a0a la aplicaci\u00f3n de este sistema de trabajo, y a la responsabilidad de la ciudadan\u00eda, se ha reducido considerablemente el n\u00famero de animales en las calles, haciendo de Tultepec un modelo que ha servido de ejemplo para municipios vecinos de disminuir tambi\u00e9n su poblaci\u00f3n canina y felina en las calles.<\/p>\n<p>Todos aquellos que por alg\u00fan motivo no pueden acudir a las campa\u00f1as itinerantes para recibir el servicio, pueden solicitar la atenci\u00f3n gratuita directamente en el Centro de Control Canino, ubicado en Cerrada Tarasco s\/n, en colonia La Ca\u00f1ada, arriba de El Mirador, de las 8 a 17:30 horas, de lunes a viernes o de 9 a 12 los s\u00e1bados.<\/p>\n<p>En este sitio tambi\u00e9n se cuenta con vacunaci\u00f3n antirr\u00e1bica de forma gratuita, donde se les entrega su certificado de vacunaci\u00f3n. El calendario del programa itinerante de esterilizaci\u00f3n de perros y gatos, se puede consultar en la p\u00e1gina oficial de Facebook del Ayuntamiento.<\/p>\n","protected":false},"excerpt":{"rendered":"<p>Con esta pol\u00edtica p\u00fablica llevada a cabo a trav\u00e9s de la Direcci\u00f3n de Ecolog\u00eda y Salud P\u00fablica municipal, la dependencia acerca este servicio a toda la ciudadan\u00eda con base en un cronograma semestral que puede variar solo con base en la demanda del servicio, o a solicitud de los presidentes de los Consejos de Participaci\u00f3n Ciudadana (COPACI), para sus respectivas colonias.<\/p>\n","protected":false},"author":3,"featured_media":527755,"comment_status":"open","ping_status":"open","sticky":false,"template":"","format":"standard","meta":{"_monsterinsights_skip_tracking":false,"_monsterinsights_sitenote_active":false,"_monsterinsights_sitenote_note":"","_monsterinsights_sitenote_category":0,"footnotes":""},"categories":[5],"tags":[94083,43675,81961,3802],"class_list":["post-527666","post","type-post","status-publish","format-standard","has-post-thumbnail","hentry","category-estado-de-mexico","tag-animales-de-compania","tag-estado-de-mexico","tag-esterilizacion","tag-tultepec"],"_links":{"self":[{"href":"https:\/\/www.diarioimagen.net\/index.php?rest_route=\/wp\/v2\/posts\/527666","targetHints":{"allow":["GET"]}}],"collection":[{"href":"https:\/\/www.diarioimagen.net\/index.php?rest_route=\/wp\/v2\/posts"}],"about":[{"href":"https:\/\/www.diarioimagen.net\/index.php?rest_route=\/wp\/v2\/types\/post"}],"author":[{"embeddable":true,"href":"https:\/\/www.diarioimagen.net\/index.php?rest_route=\/wp\/v2\/users\/3"}],"replies":[{"embeddable":true,"href":"https:\/\/www.diarioimagen.net\/index.php?rest_route=%2Fwp%2Fv2%2Fcomments&post=527666"}],"version-history":[{"count":0,"href":"https:\/\/www.diarioimagen.net\/index.php?rest_route=\/wp\/v2\/posts\/527666\/revisions"}],"wp:featuredmedia":[{"embeddable":true,"href":"https:\/\/www.diarioimagen.net\/index.php?rest_route=\/wp\/v2\/media\/527755"}],"wp:attachment":[{"href":"https:\/\/www.diarioimagen.net\/index.php?rest_route=%2Fwp%2Fv2%2Fmedia&parent=527666"}],"wp:term":[{"taxonomy":"category","embeddable":true,"href":"https:\/\/www.diarioimagen.net\/index.php?rest_route=%2Fwp%2Fv2%2Fcategories&post=527666"},{"taxonomy":"post_tag","embeddable":true,"href":"https:\/\/www.diarioimagen.net\/index.php?rest_route=%2Fwp%2Fv2%2Ftags&post=527666"}],"curies":[{"name":"wp","href":"https:\/\/api.w.org\/{rel}","templated":true}]}}