{"id":527675,"date":"2021-11-19T00:02:03","date_gmt":"2021-11-19T06:02:03","guid":{"rendered":"https:\/\/www.diarioimagen.net\/?p=527675"},"modified":"2021-11-24T02:49:42","modified_gmt":"2021-11-24T08:49:42","slug":"fundacion-azteca-inaugura-cumbre-de-emprendimiento-e-innovacion-social","status":"publish","type":"post","link":"https:\/\/www.diarioimagen.net\/?p=527675","title":{"rendered":"Fundaci\u00f3n Azteca inaugura Cumbre de Emprendimiento e Innovaci\u00f3n Social"},"content":{"rendered":"<h2>La Retaguardia<\/h2>\n<h5>Adriana Moreno Cordero<em>\u00a0<\/em><\/h5>\n<p><em>\u00a0<\/em><\/p>\n<ul>\n<li style=\"text-align: justify;\"><strong><em>Biden, diplom\u00e1ticamente, puso en su lugar a L\u00f3pez Obrador<\/em><\/strong><\/li>\n<\/ul>\n<p>&nbsp;<\/p>\n<p>Sin duda, el emprendimiento forma parte esencial en la econom\u00eda del pa\u00eds, ya que genera empleo y ofrece soluciones creativas a muchas problem\u00e1ticas actuales. Convencida de ello, <strong>Fundaci\u00f3n Azteca<\/strong> realiz\u00f3 con gran \u00e9xito la tercera Cumbre de Emprendimiento e Innovaci\u00f3n Social 2021, donde personalidades del rubro compartieron su visi\u00f3n a fin de que los nuevos emprendedores puedan inspirarse, aprender y crecer.<\/p>\n<p>En este importante evento se cont\u00f3 con la participaci\u00f3n del gobernador de Puebla, <strong>Luis Miguel Barbosa<\/strong>, y del Director General del British Council M\u00e9xico, <strong>Brian Young<\/strong>, entre otras destacadas personalidades. Por su parte, <strong>Ninfa Salinas<\/strong>, presidenta del Consejo Directivo de Fundaci\u00f3n Azteca, inaugur\u00f3 el Centro de Innovaci\u00f3n, Emprendimiento y Negocios (CIEN), de la Secretar\u00eda de Econom\u00eda de Puebla, recinto que aspira a convertirse en referente de innovaci\u00f3n, creatividad y generaci\u00f3n de oportunidades en beneficio de todos los mexicanos.<\/p>\n<p>Durante su intervenci\u00f3n, Ninfa Salinas se\u00f1al\u00f3 que la pandemia nos dej\u00f3 como ense\u00f1anza que no podemos seguir haciendo las cosas de la misma forma ya que tenemos que ser m\u00e1s eficientes y realizarlas mejor. \u201cSolo a trav\u00e9s de nuevas ideas, de crear, podemos dar salida a todas las preocupaciones que tenemos y ocuparnos con una soluci\u00f3n m\u00e1s eficiente\u201d, subray\u00f3 Salinas Sada.<\/p>\n<p>A su vez, el gobernador Barbosa Huerta resalt\u00f3 que el emprendimiento y la innovaci\u00f3n son fundamentales para encontrar soluciones a las grandes problem\u00e1ticas de nuestra sociedad, el mejor lugar para que surjan las pol\u00edticas p\u00fablicas necesarias para resolverlas.<\/p>\n<p>El evento cont\u00f3 con la participaci\u00f3n de miles de emprendedores y nuevos aliados como Impact Hub, Social Lab, Bimbo, <strong>Banco Azteca, Totalplay<\/strong> e Industria Mexicana de Coca-Cola.<\/p>\n<p>Y mientras esto ocurr\u00eda en apoyo a las empresas que han sabido sortearla en los tiempos tan dif\u00edciles que se transitaron como producto de la pandemia, en el pa\u00eds se registraron una serie de masacres verdaderamente escalofriantes, de esas que el presidente <strong>Andr\u00e9s Manuel L\u00f3pez Obrador<\/strong> asegura que en esta errada y llamada Cuarta Transformaci\u00f3n, ya se acabaron y en el segundo d\u00eda de su gira por los Estados Unidos, a lo mejor, el tabasque\u00f1o ni se enter\u00f3.<\/p>\n<p>El caso es que estando el de Tepetit\u00e1n por aquellas tierras, habr\u00eda que preguntarse si en el encuentro entre el presidente de M\u00e9xico y el de los Estados Unidos<strong>, Joe Biden<\/strong>, \u00bfqui\u00e9n puso en su lugar a qui\u00e9n?<\/p>\n<p>Esta pregunta viene a cuento porque como se recordar\u00e1, L\u00f3pez Obrador estuvo en una actitud muy retadora la v\u00edspera de su visita a los Estados Unidos, asegurando que \u201cbalconear\u00eda\u201d a congresistas norteamericanos que votaran en contra de la regularizaci\u00f3n de la estancia de 11 millones de mexicanos en aquel pa\u00eds y que no tendr\u00eda empacho alguno en decirle a Biden que empresas estadounidenses roban en M\u00e9xico, de ah\u00ed que propusiera su controvertida Reforma El\u00e9ctrica, que se empe\u00f1a en sacar al costo que sea.<\/p>\n<p>Y pues nada, que a la hora de la verdad, cuando el tabasque\u00f1o tuvo frente a s\u00ed al presidente Joe Biden, parece que todas sus balandronadas se le olvidaron y en la primera reuni\u00f3n bilateral presencial entre ambos mandatarios, de manera muy elegante y diplom\u00e1tica, el presidente de Estados Unidos le dijo a su contraparte mexicano que le \u201cbajara dos rayitas\u201d a sus provocaciones, ya que el gobierno que \u00e9l encabeza, construye una nueva relaci\u00f3n con M\u00e9xico, basada en el respeto.<\/p>\n<p>Espec\u00edficamente, el inquilino de la Casa Blanca se\u00f1al\u00f3: \u201csiempre dije que no iba a ser la pol\u00edtica de buenos vecinos (entre M\u00e9xico y Estados Unidos), sino la pol\u00edtica de iguales. Y en realidad, se\u00f1or presidente, ya no usamos expresiones como nuestros amigos del sur, sino que estamos hablando de nuestros pares, nuestros pa\u00edses est\u00e1n en pie de igualdad y eso es lo que me gusta\u201d.<\/p>\n<p>As\u00ed que al Ejecutivo mexicano no le qued\u00f3 m\u00e1s que quedarse quietecito y cumplir con el resto de la agenda de la reuni\u00f3n de los L\u00edderes de Am\u00e9rica del Norte. Y qu\u00e9 raro, ya no hubo tantas porras para el tabasque\u00f1o.<\/p>\n<p style=\"text-align: center;\"><strong>Municiones<\/strong><\/p>\n<p>*** El coordinador de la bancada de Morena en el Senado de la Rep\u00fablica, Ricardo Monreal \u00c1vila, adelant\u00f3 que ser\u00e1 el pr\u00f3ximo martes cuando el Pleno del Senado podr\u00eda designar a quien ocupe la vacante que dejar\u00e1 el ministro <strong>Jos\u00e9 Fernando Franco Gonz\u00e1lez Salas<\/strong>, el pr\u00f3ximo 12 de didiembre, en la Suprema Corte de Justicia de la Naci\u00f3n (SCJN). \u00a0En entrevista, el legislador zacatecano explic\u00f3 que los tres perfiles ya pasaron la prueba de la idoneidad en la C\u00e1mara Alta, al tiempo que record\u00f3 que en otras ocasiones <strong>Ver\u00f3nica de Gyv\u00e9s Z\u00e1rate<\/strong> y <strong>Loretta Ortiz Ahlf<\/strong> ya fueron candidatas para formar parte la SCJN, y Bernardo B\u00e1tiz V\u00e1zquez se present\u00f3 como aspirantes para la Fiscal\u00eda General de la Rep\u00fablica. Hoy se dar\u00e1 tr\u00e1mite a las comparecencias ante la Comisi\u00f3n de Justicia, que preside el senador <strong>Julio Menchaca Salazar<\/strong>, y el martes expondr\u00e1n su plan de trabajo ante el Pleno, mismo d\u00eda en que las y los legisladores votar\u00e1n por quien genere m\u00e1s confianza y aceptaci\u00f3n.\u00a0Sin embargo, en los corrillos pol\u00edticos se comenta que la que tendr\u00eda m\u00e1s posibilidades para llegar a la Suprema Corte es Loretta Ortiz porque ya se la deben, \u00bfser\u00e1? De cualquier manera, el senador Monreal explic\u00f3 que buscar\u00e1 un consenso con todos los grupos parlamentarios, pues se requiere mayor\u00eda calificada. En ese sentido, revel\u00f3 que su bancada a\u00fan no se decanta por ning\u00fan aspirante; no obstante, \u201ccualquiera de los tres puede ser ministro o ministra\u201d. Adem\u00e1s, afirm\u00f3 que son perfiles cercanos a la Ley y al Derecho.<\/p>\n<p>*** Al reunirse con directivos de la FIFA y la Concacaf, la jefa de Gobierno de la Ciudad de M\u00e9xico, <strong>Claudia Sheinbaum<\/strong> present\u00f3 los beneficios que redituar\u00eda al pa\u00eds que el partido inaugural del Copa de Futbol, 2026, se realice en la CDMX. \u00bfAcaso estar\u00e1 pensando que de llevarse a cabo dicho partido, ella llevar\u00e1 dos a\u00f1os residiendo en Palacio Nacional?, que, \u00bfacaso no se est\u00e1 adelantando demasiado la funcionaria?, \u00bfson tantos sus afanes por ser la sucesora de L\u00f3pez Obrador?, no tendr\u00eda tanta suerte. \u00bfPor qu\u00e9 no se ocupa la siempre flamante funcionaria en cuestiones m\u00e1s urgentes como por ejemplo los diversos incidentes que se han venido presentando en el Sistema de Transporte Colectivo? Cuando no es en la L\u00ednea 1, es en la 8 y la escena que m\u00e1s se ve es olor a humo, retraso de trenes que se tienen que quedar parados hasta una hora y nadie, en este flamant\u00edsimo gobierno capitalino, ofrece explicaci\u00f3n alguna. Igualmente la se\u00f1ora Sheinbaum, hace hasta lo imposible por tapar estos hechos que perjudican tanto a la poblaci\u00f3n capitalina. No cabe duda, el Metro ha sido y por lo visto, seguir\u00e1 siendo, el \u201ctal\u00f3n de Aquiles\u201d de quien anda m\u00e1s ocupada en su campa\u00f1a proselitista, cuando no de la mano de su l\u00edder y jefe, ella sola, eso, no\u00a0 importa.<\/p>\n<p><u><a href=\"mailto:morcora@gmail.com\" target=\"_blank\" rel=\"noopener noreferrer\"><em>morcora@gmail.com<\/em><\/a><\/u><\/p>\n","protected":false},"excerpt":{"rendered":"<p><span style=\"color: #005497;\"><strong>Adriana Moreno Cordero<\/strong><\/span><\/p>\n","protected":false},"author":3,"featured_media":0,"comment_status":"open","ping_status":"open","sticky":false,"template":"","format":"standard","meta":{"_monsterinsights_skip_tracking":false,"_monsterinsights_sitenote_active":false,"_monsterinsights_sitenote_note":"","_monsterinsights_sitenote_category":0,"footnotes":""},"categories":[69370],"tags":[69369,69368,94086],"class_list":["post-527675","post","type-post","status-publish","format-standard","hentry","category-adriana-moreno-cordero","tag-adriana-moreno-cordero","tag-la-retaguardia","tag-opiinionk"],"_links":{"self":[{"href":"https:\/\/www.diarioimagen.net\/index.php?rest_route=\/wp\/v2\/posts\/527675","targetHints":{"allow":["GET"]}}],"collection":[{"href":"https:\/\/www.diarioimagen.net\/index.php?rest_route=\/wp\/v2\/posts"}],"about":[{"href":"https:\/\/www.diarioimagen.net\/index.php?rest_route=\/wp\/v2\/types\/post"}],"author":[{"embeddable":true,"href":"https:\/\/www.diarioimagen.net\/index.php?rest_route=\/wp\/v2\/users\/3"}],"replies":[{"embeddable":true,"href":"https:\/\/www.diarioimagen.net\/index.php?rest_route=%2Fwp%2Fv2%2Fcomments&post=527675"}],"version-history":[{"count":0,"href":"https:\/\/www.diarioimagen.net\/index.php?rest_route=\/wp\/v2\/posts\/527675\/revisions"}],"wp:attachment":[{"href":"https:\/\/www.diarioimagen.net\/index.php?rest_route=%2Fwp%2Fv2%2Fmedia&parent=527675"}],"wp:term":[{"taxonomy":"category","embeddable":true,"href":"https:\/\/www.diarioimagen.net\/index.php?rest_route=%2Fwp%2Fv2%2Fcategories&post=527675"},{"taxonomy":"post_tag","embeddable":true,"href":"https:\/\/www.diarioimagen.net\/index.php?rest_route=%2Fwp%2Fv2%2Ftags&post=527675"}],"curies":[{"name":"wp","href":"https:\/\/api.w.org\/{rel}","templated":true}]}}