{"id":527686,"date":"2021-11-19T00:03:16","date_gmt":"2021-11-19T06:03:16","guid":{"rendered":"https:\/\/www.diarioimagen.net\/?p=527686"},"modified":"2021-11-19T04:50:12","modified_gmt":"2021-11-19T10:50:12","slug":"reunion-eu-canada-mexico","status":"publish","type":"post","link":"https:\/\/www.diarioimagen.net\/?p=527686","title":{"rendered":"Reuni\u00f3n EU, Canad\u00e1, M\u00e9xico"},"content":{"rendered":"<h2>Perfil de M\u00e9xico<\/h2>\n<h5>Armando R\u00edos Ruiz<\/h5>\n<p>&nbsp;<\/p>\n<p>Al momento de escribir la presente columna, seguramente a\u00fan no hab\u00eda dado comienzo la reuni\u00f3n entre los presidentes de Estados Unidos, Joe Biden; de Canad\u00e1, Justin Trudeau y de M\u00e9xico, Andr\u00e9s Manuel L\u00f3pez Obrador, en la que adem\u00e1s hubo un encuentro con la vicepresidente del pa\u00eds vecino, Kamala Harris.<\/p>\n<p>Tanto nuestro mandatario, como su secretario de Relaciones Exteriores, Marcelo Ebrard, han insistido en que posiblemente no sea abordado el tema de las energ\u00edas. Sin embargo, los especialistas\u00a0 piensan lo contrario: que es un punto obligado, por constituir una de las grandes preocupaciones de nuestro vecino del norte, quien desde que inici\u00f3 su mandato ha mostrado un inter\u00e9s muy particular por aligerarle la carga de veneno ambiental al mundo entero.<\/p>\n<p>No s\u00f3lo se trata del anterior. Existen otros de inter\u00e9s compartido. Est\u00e1n los de migraci\u00f3n, que envuelve a M\u00e9xico por ser paso obligado de los viajeros centroamericanos que han invadido grandes espacios en nuestro territorio, con vistas a arribar al otro lado de la frontera norte y en donde se han alojado, se dice, para de alguna manera mexicanizarse y obtener credenciales para votar a favor de Morena, adem\u00e1s del de la reforma el\u00e9ctrica, ya en la mesa del Congreso mexicano.<\/p>\n<p>Hasta hoy conoceremos parte de la realidad, debido a que como se acostumbra, no se dan a conocer los asuntos m\u00e1s preocupantes. O para decirlo de otra forma, los rega\u00f1os infligidos a los participantes que se niegan a seguir los pasos de la modernidad, que hoy corresponde a la implantaci\u00f3n en todos lados, de las energ\u00edas que no contaminan el ambiente, producidas por modernas fuentes de suministro que tienden a sustituir al carb\u00f3n y al petr\u00f3leo.<\/p>\n<p>Nuestro Presidente dijo que de ser tocado el punto, insistir\u00e1 en defender el uso de energ\u00edas sucias y caras, porque antes, las limpias se convirtieron en fuentes de corrupci\u00f3n, cuyo ataque es bandera de su gobierno, aunque s\u00f3lo de palabra, ya que este fen\u00f3meno subsiste pese a toda la verborrea envuelta en el discurso diario, que no opera. Fuentes seguras afirman que ha crecido m\u00e1s que en los gobiernos anteriores, que no cesa de aludir a toda hora, en cualquier lugar y sin motivos.<\/p>\n<p>La respuesta m\u00e1s obvia frente a juicios como el anterior, ser\u00eda que se olvide del enfermizo recuerdo del pasado y se ponga a combatir lo que tiene en su propio ejercicio de gobierno. Lo que ocurri\u00f3 antes ya no es posible deshacerlo. Puede borrarse y hasta ponerse un ejemplo, con acciones exactamente diferentes. Lo malo es que hoy s\u00f3lo se ataca el problema con palabras, aunque en el fondo, las cosas no sigan iguales, sino que hayan empeorado.<\/p>\n<p>Adem\u00e1s, ning\u00fan argumento vale la pena, si de salvar al planeta entero de la contaminaci\u00f3n se trata. \u00bfQu\u00e9 encierra en el fondo la insistencia del Presidente, de continuar con la aplicaci\u00f3n de ox\u00edgeno a una empresa endeudada y moribunda como Pemex y presionar a sus huestes y a otros partidos en las c\u00e1maras, para que se apruebe una reforma el\u00e9ctrica que lejos de beneficiar perjudicar\u00e1?<\/p>\n<p>Los mal pensados dicen que el asunto se trata de consumir carb\u00f3n por miles de\u00a0 millones de toneladas al a\u00f1o, que producen las minas del senador Armando Guadiana, quien suministrar\u00eda la materia prima gracias a un arreglo que dejar\u00eda mucho dinero. Por cierto, se sabe que tres de sus empresas fueron beneficiadas por la presente administraci\u00f3n, con condonaciones de adeudos fiscales, desde que es senador por Morena. Se trata de la Compa\u00f1\u00eda Minera Ameca, Compa\u00f1\u00eda Minera Huajicari y la firma Carb\u00f3n Mexicano, de acuerdo con un medio digital.<\/p>\n<p>Otro tema que pudo ser tratado, es el relacionado con la seguridad, que tambi\u00e9n afecta a Estados Unidos por compartir con M\u00e9xico la misma frontera y en donde a cada rato hay balaceras y muertos por bandas de criminales que se mueven entre los dos pa\u00edses para defender intereses creados por el trasiego de drogas.<\/p>\n<p>Lo curioso de esto es que todos los temas que preocupan a los vecinos, han sido creados por la dejadez, por la nula participaci\u00f3n de nuestras autoridades en imponer el orden y por actuar exactamente al rev\u00e9s de lo que pudiera favorecer al inter\u00e9s popular. No es cuesti\u00f3n de inteligencia, sino de simple sentido com\u00fan.<\/p>\n<p><a href=\"mailto:ariosruiz@gmail.com\" target=\"_blank\" rel=\"noopener noreferrer\"><em>ariosruiz@gmail.com<\/em><\/a><\/p>\n","protected":false},"excerpt":{"rendered":"<p><span style=\"color: #005497;\"><strong>Armando R\u00edos Ruiz<\/strong><\/span><\/p>\n","protected":false},"author":3,"featured_media":0,"comment_status":"open","ping_status":"open","sticky":false,"template":"","format":"standard","meta":{"_monsterinsights_skip_tracking":false,"_monsterinsights_sitenote_active":false,"_monsterinsights_sitenote_note":"","_monsterinsights_sitenote_category":0,"footnotes":""},"categories":[88405],"tags":[88407,43674,91193],"class_list":["post-527686","post","type-post","status-publish","format-standard","hentry","category-armando-rios-ruiz","tag-armando-rios-ruiz","tag-opinion","tag-perfil-de-mexico"],"_links":{"self":[{"href":"https:\/\/www.diarioimagen.net\/index.php?rest_route=\/wp\/v2\/posts\/527686","targetHints":{"allow":["GET"]}}],"collection":[{"href":"https:\/\/www.diarioimagen.net\/index.php?rest_route=\/wp\/v2\/posts"}],"about":[{"href":"https:\/\/www.diarioimagen.net\/index.php?rest_route=\/wp\/v2\/types\/post"}],"author":[{"embeddable":true,"href":"https:\/\/www.diarioimagen.net\/index.php?rest_route=\/wp\/v2\/users\/3"}],"replies":[{"embeddable":true,"href":"https:\/\/www.diarioimagen.net\/index.php?rest_route=%2Fwp%2Fv2%2Fcomments&post=527686"}],"version-history":[{"count":0,"href":"https:\/\/www.diarioimagen.net\/index.php?rest_route=\/wp\/v2\/posts\/527686\/revisions"}],"wp:attachment":[{"href":"https:\/\/www.diarioimagen.net\/index.php?rest_route=%2Fwp%2Fv2%2Fmedia&parent=527686"}],"wp:term":[{"taxonomy":"category","embeddable":true,"href":"https:\/\/www.diarioimagen.net\/index.php?rest_route=%2Fwp%2Fv2%2Fcategories&post=527686"},{"taxonomy":"post_tag","embeddable":true,"href":"https:\/\/www.diarioimagen.net\/index.php?rest_route=%2Fwp%2Fv2%2Ftags&post=527686"}],"curies":[{"name":"wp","href":"https:\/\/api.w.org\/{rel}","templated":true}]}}