{"id":527689,"date":"2021-11-19T00:08:14","date_gmt":"2021-11-19T06:08:14","guid":{"rendered":"https:\/\/www.diarioimagen.net\/?p=527689"},"modified":"2021-11-19T05:04:40","modified_gmt":"2021-11-19T11:04:40","slug":"temporada-de-fiestas","status":"publish","type":"post","link":"https:\/\/www.diarioimagen.net\/?p=527689","title":{"rendered":"Temporada de fiestas"},"content":{"rendered":"<h2>Punto por punto<\/h2>\n<h5>Augusto Corro<\/h5>\n<p>&nbsp;<\/p>\n<p>En el a\u00f1o pasado y parte del presente estuvieron limitadas las actividades en el llamado \u201cmarat\u00f3n Guadalupe-Reyes\u201d o temporada navide\u00f1a.<\/p>\n<p>La pandemia oblig\u00f3 a aplicar medidas sanitarias contra la pandemia del coronavirus Covid-19.<\/p>\n<p>Sin embargo, creci\u00f3 la ola de contagios, pues la vacuna a\u00fan no se aplicaba a la mayor parte de la poblaci\u00f3n.\u00a0 En el presente, aqu\u00ed en la Ciudad de M\u00e9xico (CDMX) empezaron a llegar los frentes fr\u00edos y su secuela de enfermedades. Ahora ser\u00e1 diferente, pues el 95 por ciento de la poblaci\u00f3n se encuentra inmunizada contra la Covid-19.<\/p>\n<p>Las autoridades dijeron que en caso de presentarse una cuarta ola de contagios, la capital no cerrar\u00e1 actividades y que se desarrollar\u00eda una campa\u00f1a de prevenci\u00f3n.<\/p>\n<p>El gobierno capitalino no debe estar confiado. Si bien es cierto que los riesgos que se corren ser\u00edan menores, contin\u00faa la amenaza de contagiarse. Por eso deben continuar las medidas sanitarias, en su orden de importancia: vacuna, cubrebocas, lavado de manos y sana distancia.<\/p>\n<p>\u00bfUsted qu\u00e9 opina amable lector?<\/p>\n<p style=\"text-align: center;\"><strong>Los migrantes<\/strong><\/p>\n<p>Los mandatarios de Estados Unidos, Canad\u00e1 y M\u00e9xico, Joe Biden, Justin Trudeau y Andr\u00e9s Manuel L\u00f3pez Obrador, respectivamente, se reunieron para tratar asuntos relacionados con seguridad, migraci\u00f3n y econom\u00eda.<\/p>\n<p>Sin duda destacar\u00e1 el problema migratorio que se agudiza cada d\u00eda, ante la imposibilidad de los gobiernos de solucionarlo. En M\u00e9xico la crisis migratoria se convirti\u00f3 en un dolor de cabeza para las autoridades. No saben qu\u00e9 hacer.<\/p>\n<p>Por las fronteras supuestamente resguardadas cruzan miles de migrantes con la esperanza de llegar a Estados Unidos.<\/p>\n<p>El viacrucis de los extranjeros se vuelve insoportable cuando pisan territorio mexicano.<\/p>\n<p>Los migrantes son sometidos a tratos inhumanos. Los dejan pasar por la frontera sur, pero les proh\u00edben usar alg\u00fan medio de transporte para su viaje. Son miles de personas a las que no les respetan sus derechos humanos por parte de las agresivas, ll\u00e1mense Guardia Nacional o Instituto Nacional de Migraci\u00f3n.<\/p>\n<p>Por ejemplo, recientemente ingresaron al pa\u00eds alrededor de 2 mil personas en una caravana.<\/p>\n<p>Los extranjeros son sometidos a secuestros o son asesinados por la delincuencia organizada.<\/p>\n<p>En la reuni\u00f3n de los mandatarios en Washington se tocar\u00e1 el tema de la migraci\u00f3n.\u00a0 Todo el mundo lo conoce. Los migrantes dejan sus lugares de origen obligados por la miseria, la falta de empleo, los da\u00f1os provocados por los ciclones y la inseguridad.\u00a0 A la fecha, las autoridades de los citados pa\u00edses, m\u00e1s las autoridades de Honduras, El Salvador y Guatemala, s\u00f3lo han ofrecido discursos llenos de demagogia para resolver los problemas.<\/p>\n<p>De ah\u00ed que no representar\u00e1 ninguna esperanza la reuni\u00f3n, en la que se hablar\u00e1 m\u00e1s de lo mismo; pero sin posibilidades de solucionar el conflicto migratorio, que como se sabe afecta a Estados Unidos, Canad\u00e1 y M\u00e9xico.<\/p>\n<p style=\"text-align: center;\"><strong>Seguridad<\/strong><\/p>\n<p>La seguridad es otro de los renglones que se analizar\u00e1n en la reuni\u00f3n tripartita de Biden, Trudeau y L\u00f3pez Obrador. \u00a0Aqu\u00ed el asunto, tambi\u00e9n espinoso, no camina. En M\u00e9xico sigue la violencia derivada de las acciones del crimen organizado.<\/p>\n<p>El tema del narcotr\u00e1fico tiene a\u00f1o de tratarse y nada o muy poco ha cambiado. M\u00e9xico sigue como productor y proveedor de drogas.<\/p>\n<p>En la lucha por las plazas, en nuestro pa\u00eds varias zonas se encuentran en la total inseguridad.<\/p>\n<p>La producci\u00f3n y tr\u00e1fico de estupefacientes en M\u00e9xico tiene como mercado principal a Estados Unidos, que seg\u00fan las estad\u00edsticas es el principal consumidor de drogas en el mundo.<\/p>\n<p>Uno de los apoyos que tienen los narcotraficantes es el tr\u00e1fico de armas que se consiguen con facilidad en el vecino pa\u00eds del norte.<\/p>\n<p>El asunto de la seguridad es dif\u00edcil. Vamos a esperar los resultados de Washington.<\/p>\n<p><a href=\"mailto:aco2742@hotmail.com\" target=\"_blank\" rel=\"noopener noreferrer\"><em>aco2742@hotmail.com<\/em><\/a><\/p>\n","protected":false},"excerpt":{"rendered":"<p><span style=\"color: #005497;\"><strong>Augusto Corro<\/strong><\/span><\/p>\n","protected":false},"author":3,"featured_media":0,"comment_status":"open","ping_status":"open","sticky":false,"template":"","format":"standard","meta":{"_monsterinsights_skip_tracking":false,"_monsterinsights_sitenote_active":false,"_monsterinsights_sitenote_note":"","_monsterinsights_sitenote_category":0,"footnotes":""},"categories":[157],"tags":[43686,43674,11515],"class_list":["post-527689","post","type-post","status-publish","format-standard","hentry","category-augusto-corro","tag-augusto-corro","tag-opinion","tag-punto-por-punto"],"_links":{"self":[{"href":"https:\/\/www.diarioimagen.net\/index.php?rest_route=\/wp\/v2\/posts\/527689","targetHints":{"allow":["GET"]}}],"collection":[{"href":"https:\/\/www.diarioimagen.net\/index.php?rest_route=\/wp\/v2\/posts"}],"about":[{"href":"https:\/\/www.diarioimagen.net\/index.php?rest_route=\/wp\/v2\/types\/post"}],"author":[{"embeddable":true,"href":"https:\/\/www.diarioimagen.net\/index.php?rest_route=\/wp\/v2\/users\/3"}],"replies":[{"embeddable":true,"href":"https:\/\/www.diarioimagen.net\/index.php?rest_route=%2Fwp%2Fv2%2Fcomments&post=527689"}],"version-history":[{"count":0,"href":"https:\/\/www.diarioimagen.net\/index.php?rest_route=\/wp\/v2\/posts\/527689\/revisions"}],"wp:attachment":[{"href":"https:\/\/www.diarioimagen.net\/index.php?rest_route=%2Fwp%2Fv2%2Fmedia&parent=527689"}],"wp:term":[{"taxonomy":"category","embeddable":true,"href":"https:\/\/www.diarioimagen.net\/index.php?rest_route=%2Fwp%2Fv2%2Fcategories&post=527689"},{"taxonomy":"post_tag","embeddable":true,"href":"https:\/\/www.diarioimagen.net\/index.php?rest_route=%2Fwp%2Fv2%2Ftags&post=527689"}],"curies":[{"name":"wp","href":"https:\/\/api.w.org\/{rel}","templated":true}]}}