{"id":527691,"date":"2021-11-19T00:02:55","date_gmt":"2021-11-19T06:02:55","guid":{"rendered":"https:\/\/www.diarioimagen.net\/?p=527691"},"modified":"2021-11-19T06:34:51","modified_gmt":"2021-11-19T12:34:51","slug":"zaldivar-contra-el-ine","status":"publish","type":"post","link":"https:\/\/www.diarioimagen.net\/?p=527691","title":{"rendered":"Zald\u00edvar, contra el INE"},"content":{"rendered":"<h2>Espacio Electoral<\/h2>\n<h5>Eleazar Flores<\/h5>\n<p>&nbsp;<\/p>\n<p><strong>MINISTRO PALERO-.<\/strong> Cuando nadie se lo ped\u00eda, el ministro presidente de la Suprema Corte de Justicia de la Naci\u00f3n, Arturo Fernando Zald\u00edvar Lelo de Larrea, dej\u00f3 lelo a medio mundo cuando con dedicatoria al INE dijo que \u201cel presupuesto no es excusa\u201d para cumplir con el deber.<\/p>\n<p>Con esta opini\u00f3n Lelo de Larrea mata simult\u00e1neamente dos p\u00e1jaros: queda bien con AMLO obedeciendo una instrucci\u00f3n y \u201ctira l\u00ednea\u201d a magistrados para cuando reciban la demanda del INE en busca de apoyo para que no le mochen 4,913 millones de pesos necesarios para hacer la revocaci\u00f3n de mandato.<\/p>\n<p>Desde que asist\u00eda sigiloso a Palacio Nacional, a principios de a\u00f1o, a Arturito se le empez\u00f3 a regatear confianza y algunos hasta se la perdieron, pero al poco tiempo la recobr\u00f3 un poco cuando dijo que no iba a aceptar su ampliaci\u00f3n de mandato por dos a\u00f1os m\u00e1s, como lo hab\u00eda propuesto el padre de la Cuarta Transformaci\u00f3n.<\/p>\n<p>Pero lo veleidoso no se le quit\u00f3, incluso aumenta, ahora apoyando la postura presidencial de recortar recursos al Instituto Nacional Electoral por 4,913 millones de pesos, que se\u00a0 requieren para organizar todo lo relacionado a la revocaci\u00f3n o ratificaci\u00f3n de mandato que servir\u00e1 para maldita la cosa, puesto que la Constituci\u00f3n General de la Rep\u00fablica fija claramente la duraci\u00f3n del periodo y recuerde que la autoridad \u201cs\u00f3lo podr\u00e1 hacer\u201d lo que la ley dice, a diferencia del particular \u201ctodo lo que la ley no proh\u00edbe\u201d.<\/p>\n<p>Suponiendo que se llegase a arrepentir, que no ser\u00e1, Lelo de Larrea podr\u00eda decir que sus palabras fueron sacadas de contexto, como dicen todos los funcionarios cuando en busca de enmienda tratan de recular, pues que \u2026.<\/p>\n<p>El presidente de la Suprema Corte ignora toda la estructura -ciudadana en su mayor\u00eda-, que el INE convoca, selecciona, capacita y env\u00eda a campo sobre todo desde antes, pero tambi\u00e9n durante e incluso despu\u00e9s de cada elecci\u00f3n, todo lo cual requiere\u00a0 recursos.<\/p>\n<p>Arturito cree que ese trabajo se asemeja al de jueces, magistrados y ministros quienes en su\u00a0 mayor\u00eda hacen todo desde detr\u00e1s de un escritorio con celosos horarios, calendarios,\u00a0 sobre todo los relacionados a los prolongados periodos vacacionales.<\/p>\n<p>Con pleno conocimiento de causa le aseguro que hay diferencias abismales. Si duda, ch\u00e9quelo.<\/p>\n<p><strong>SIEMPRE DELFINA-.<\/strong> S\u00f3lo por no ignorarla, aun cuando lo merece, vale consignar su 5 reprobatorio en Geograf\u00eda a la titular de la SEP, Delfina G\u00f3mez, creyendo que Hermosillo est\u00e1 en Jalisco.<\/p>\n<p>A lo mejor quiso decir que Jalisco es un estado Hermosillo pero si no, negar\u00e1 sus yerros como los de los \u201cmoches\u201d que quitaba a sus empleados municipales cuando era alcaldesa de Texcoco.<\/p>\n<p><em><a href=\"mailto:elefa44@gmail.com\" target=\"_blank\" rel=\"noopener noreferrer\">elefa44@gmail.com<\/a><\/em><\/p>\n","protected":false},"excerpt":{"rendered":"<p><span style=\"color: #005497;\"><strong>Eleazar Flores<\/strong><\/span><\/p>\n","protected":false},"author":3,"featured_media":0,"comment_status":"open","ping_status":"open","sticky":false,"template":"","format":"standard","meta":{"_monsterinsights_skip_tracking":false,"_monsterinsights_sitenote_active":false,"_monsterinsights_sitenote_note":"","_monsterinsights_sitenote_category":0,"footnotes":""},"categories":[81743],"tags":[81744,81776,43674],"class_list":["post-527691","post","type-post","status-publish","format-standard","hentry","category-eleazar-flores","tag-eleazar-flores","tag-espacio-electoral","tag-opinion"],"_links":{"self":[{"href":"https:\/\/www.diarioimagen.net\/index.php?rest_route=\/wp\/v2\/posts\/527691","targetHints":{"allow":["GET"]}}],"collection":[{"href":"https:\/\/www.diarioimagen.net\/index.php?rest_route=\/wp\/v2\/posts"}],"about":[{"href":"https:\/\/www.diarioimagen.net\/index.php?rest_route=\/wp\/v2\/types\/post"}],"author":[{"embeddable":true,"href":"https:\/\/www.diarioimagen.net\/index.php?rest_route=\/wp\/v2\/users\/3"}],"replies":[{"embeddable":true,"href":"https:\/\/www.diarioimagen.net\/index.php?rest_route=%2Fwp%2Fv2%2Fcomments&post=527691"}],"version-history":[{"count":0,"href":"https:\/\/www.diarioimagen.net\/index.php?rest_route=\/wp\/v2\/posts\/527691\/revisions"}],"wp:attachment":[{"href":"https:\/\/www.diarioimagen.net\/index.php?rest_route=%2Fwp%2Fv2%2Fmedia&parent=527691"}],"wp:term":[{"taxonomy":"category","embeddable":true,"href":"https:\/\/www.diarioimagen.net\/index.php?rest_route=%2Fwp%2Fv2%2Fcategories&post=527691"},{"taxonomy":"post_tag","embeddable":true,"href":"https:\/\/www.diarioimagen.net\/index.php?rest_route=%2Fwp%2Fv2%2Ftags&post=527691"}],"curies":[{"name":"wp","href":"https:\/\/api.w.org\/{rel}","templated":true}]}}