{"id":527700,"date":"2021-11-19T00:06:28","date_gmt":"2021-11-19T06:06:28","guid":{"rendered":"https:\/\/www.diarioimagen.net\/?p=527700"},"modified":"2021-11-19T05:14:45","modified_gmt":"2021-11-19T11:14:45","slug":"reunion-de-villa-y-zapata","status":"publish","type":"post","link":"https:\/\/www.diarioimagen.net\/?p=527700","title":{"rendered":"Reuni\u00f3n de Villa y Zapata"},"content":{"rendered":"<h2>Municiones<\/h2>\n<h5>Mauro Benites G.<\/h5>\n<p>&nbsp;<\/p>\n<p>Al mencionar Revoluci\u00f3n Mexicana surge en nuestra mente las figuras emblem\u00e1ticas de Villa y Zapata, que son representativos del movimiento armado de 1910; Zapata es la idea con su plan de Ayala y Villa con la ind\u00f3mita Divisi\u00f3n del Norte. \u201cHoy estamos a 4 de diciembre de 1914. Es una fecha hist\u00f3rica que encierra la perdici\u00f3n, en lo medular, de la Revoluci\u00f3n Mexicana \u2014nos cuenta el cronista de la Revoluci\u00f3n Mexicana, el insigne escritor Roberto Blanco Moheno\u2014. Y hoy en Xochimilco, se unen en un abrazo el Sur y el Norte aut\u00e9nticos: frente a una doble valla de ni\u00f1os de una escuela primaria \u2014la contigua a la Casa de Cabildos\u2014 caen en un abrazo que condensa el aire y detiene la corriente de los canales, Emiliano Zapata y Francisco Villa.<\/p>\n<p>\u00a1Qu\u00e9 maravilloso momento este amoroso abrazo mestizo de dos hombres tan hombres! Despu\u00e9s, mientras caminan entre v\u00edtores hacia el lugar del banquete inevitable, los ni\u00f1os cargados de flores, se paran, peque\u00f1os, fr\u00e1giles, ante la figura imponente del <em>Centauro<\/em>. Un chiquillo de nueve a\u00f1os, prieto, m\u00e1s prieto por el rojo de los claveles le que abruman, se dirige al hombre de Tierra Blanca, de Torre\u00f3n, de Zacatecas:<\/p>\n<p>\u2014Para usted, se\u00f1or general Villa&#8230; Hay un silencio. Y Villa empieza a llorar quedamente, haciendo pucheros, hasta hacerse m\u00e1s ni\u00f1o que el donante de las flores. Traga saliva y no puede, aunque quiera, hablar:<\/p>\n<p>\u2014Muchachito, \u00bfa Villa, flores?&#8230; Resuelve el acoso de la ternura, de la vieja ternura de su raza, echando el brazo sobre los finos hombros de Zapata, que no llora porque su raza ha llorado demasiado ya, por siglos, conduci\u00e9ndolo hacia el sitio de honor en la mesa. Llegan las copas de tequila. Zapata bebe con frecuencia. Con frecuencia est\u00e1 borracho. Villa, no. Su vida de fiera perseguida le ense\u00f1\u00f3 a estar alerta siempre. Es abstemio riguroso. Pero esta vez toma una copa y sonr\u00ede ampliamente.<\/p>\n<p>La escolta de la puerta, mitad peque\u00f1os mestizos e indios de Morelos, mitad de largos mestizos y criollos de Chihuahua y Coahuila, bebe tambi\u00e9n. Es la emoci\u00f3n viril, el encontrarse un hombre, verdadero hombre, con que hay hombres m\u00e1s all\u00e1 todav\u00eda. Y verlos juntos. Y compartir con ellos la diab\u00f3lica euforia del alcohol&#8230; Pero no pueden hablar sus cosas porque todo el mundo tiene las orejas puntiagudas a fuerza de querer o\u00edrle, Por lo tanto, despu\u00e9s de hablar mal de Carranza en p\u00fablico, deciden resolver el destino de M\u00e9xico en privado.<\/p>\n<p>\u00a1Porque se trata del destino de M\u00e9xico! La Revoluci\u00f3n est\u00e1 en su momento clave: O vive, o muere. O sigue rectamente su l\u00ednea o cae en todas las renunciaciones, en todas las desviaciones. Villa y Zapata entran a un sal\u00f3n y las puertas se cierran tras ellos. No puedo reproducir lo que hablaron. Pero s\u00ed es absolutamente cierto que Villa cedi\u00f3 ante el orgullo de Zapata en cuanto a las cuestiones militares y eso a pesar de que Felipe \u00c1ngeles por la ma\u00f1ana de ese d\u00eda, le hab\u00eda hecho las \u00faltimas recomendaciones:<\/p>\n<p>\u2014No vaya usted a hacerle caso a Zapata como militar, mi general. Zapata es un ap\u00f3stol, pero de guerra no entiende nada. Su ej\u00e9rcito no merece tal nombre. No cuenta con un s\u00f3lo general que valga para algo. Si le pide las operaciones al sur, no ceda. Es el momento de perseguir a Carranza hasta Veracruz, de echarlo al mar, para que con \u00e9l se ahogue la reacci\u00f3n. Mire, general, \u00a1que Zapata no puede con el encargo! Y si le damos tiempo a Carranza, va a rehacerse y qui\u00e9n sabe lo que pueda ocurrir. \u00a1No se olvide, general!\u201d. Pero Villa cedi\u00f3 ante la presencia pura del <em>Caudillo del Sur<\/em> y ante esto, la Revoluci\u00f3n tom\u00f3 el cauce que llevar\u00eda al triunfo al carrancismo para llegar a la constituci\u00f3n de 1917, que hoy es el marco jur\u00eddico que nos rige.<\/p>\n<p><a href=\"mailto:%20%20mauben625@yahoo.com.mx\" target=\"_blank\" rel=\"noopener noreferrer\"><em>mauben625@yahoo.com.mx<\/em><\/a><\/p>\n","protected":false},"excerpt":{"rendered":"<p><span style=\"color: #005497;\"><strong>Mauro Benites G.<\/strong><\/span><\/p>\n","protected":false},"author":3,"featured_media":0,"comment_status":"open","ping_status":"open","sticky":false,"template":"","format":"standard","meta":{"_monsterinsights_skip_tracking":false,"_monsterinsights_sitenote_active":false,"_monsterinsights_sitenote_note":"","_monsterinsights_sitenote_category":0,"footnotes":""},"categories":[8466],"tags":[43702,27246,43674],"class_list":["post-527700","post","type-post","status-publish","format-standard","hentry","category-mauro-benites-g","tag-mauro-benites-g","tag-municiones","tag-opinion"],"_links":{"self":[{"href":"https:\/\/www.diarioimagen.net\/index.php?rest_route=\/wp\/v2\/posts\/527700","targetHints":{"allow":["GET"]}}],"collection":[{"href":"https:\/\/www.diarioimagen.net\/index.php?rest_route=\/wp\/v2\/posts"}],"about":[{"href":"https:\/\/www.diarioimagen.net\/index.php?rest_route=\/wp\/v2\/types\/post"}],"author":[{"embeddable":true,"href":"https:\/\/www.diarioimagen.net\/index.php?rest_route=\/wp\/v2\/users\/3"}],"replies":[{"embeddable":true,"href":"https:\/\/www.diarioimagen.net\/index.php?rest_route=%2Fwp%2Fv2%2Fcomments&post=527700"}],"version-history":[{"count":0,"href":"https:\/\/www.diarioimagen.net\/index.php?rest_route=\/wp\/v2\/posts\/527700\/revisions"}],"wp:attachment":[{"href":"https:\/\/www.diarioimagen.net\/index.php?rest_route=%2Fwp%2Fv2%2Fmedia&parent=527700"}],"wp:term":[{"taxonomy":"category","embeddable":true,"href":"https:\/\/www.diarioimagen.net\/index.php?rest_route=%2Fwp%2Fv2%2Fcategories&post=527700"},{"taxonomy":"post_tag","embeddable":true,"href":"https:\/\/www.diarioimagen.net\/index.php?rest_route=%2Fwp%2Fv2%2Ftags&post=527700"}],"curies":[{"name":"wp","href":"https:\/\/api.w.org\/{rel}","templated":true}]}}