{"id":527808,"date":"2021-11-22T00:03:29","date_gmt":"2021-11-22T06:03:29","guid":{"rendered":"https:\/\/www.diarioimagen.net\/?p=527808"},"modified":"2021-11-22T06:44:35","modified_gmt":"2021-11-22T12:44:35","slug":"ofrecen-en-huixquilucan-terapias-post-covid-para-pacientes-con-secuelas-por-la-enfermedad","status":"publish","type":"post","link":"https:\/\/www.diarioimagen.net\/?p=527808","title":{"rendered":"Ofrecen en Huixquilucan terapias post-Covid para pacientes con secuelas por la enfermedad"},"content":{"rendered":"<p>&nbsp;<\/p>\n<ul>\n<li><strong><em>En el Centro de Rehabilitaci\u00f3n e Integraci\u00f3n Social<\/em><\/strong><\/li>\n<\/ul>\n<p>&nbsp;<\/p>\n<div id=\"attachment_527924\" style=\"width: 470px\" class=\"wp-caption aligncenter\"><a href=\"https:\/\/www.diarioimagen.net\/?attachment_id=527924\" rel=\"attachment wp-att-527924\"><img loading=\"lazy\" decoding=\"async\" aria-describedby=\"caption-attachment-527924\" class=\"size-full wp-image-527924\" src=\"https:\/\/www.diarioimagen.net\/wp-content\/uploads\/2021\/11\/huixquilucan-14.jpg\" alt=\"\" width=\"460\" height=\"270\" \/><\/a><p id=\"caption-attachment-527924\" class=\"wp-caption-text\">El CRIS del Complejo \u201cRosa M\u00edstica\u201d de Huixquilucan ofrece terapias post-covid para personas que hayan enfrentado el contagio del virus SARS-Cov2 y \u00e9ste les haya dejado secuelas.<\/p><\/div>\n<p>&nbsp;<\/p>\n<p><strong>Huixquilucan, Estado de M\u00e9xico.\u2014<\/strong> El Centro de Rehabilitaci\u00f3n e Integraci\u00f3n Social (CRIS) del Complejo \u201cRosa M\u00edstica\u201d de Huixquilucan ofrece terapias post-covid para personas que hayan enfrentado el contagio del virus SARS-Cov2 y \u00e9ste les haya dejado secuelas, como lesiones en el sistema nervioso central, alteraciones en el habla o en la memoria, la p\u00e9rdida de concentraci\u00f3n, problemas pulmonares, cardiacos, renales o hep\u00e1ticos, as\u00ed como fatiga o depresi\u00f3n, entre otros.<\/p>\n<p>La presidenta del Sistema Municipal DIF de Huixquilucan, Romina Contreras de Vargas, resalt\u00f3 que el objetivo de estas terapias es apoyar a las personas que requieren de una rehabilitaci\u00f3n pulmonar o f\u00edsica, adem\u00e1s de terapia del lenguaje u ocupacional, para superar las secuelas que les dej\u00f3 la covid-19, a trav\u00e9s de una atenci\u00f3n m\u00e9dica especializada y multidisciplinaria.<\/p>\n<p>\u201cEstamos para ayudarles y ofrecerles un servicio de calidad, pues nuestro objetivo es que las personas salgan de estas secuelas ocasionadas por el virus, para que los huixquiluquenses tengan una mejor calidad de vida\u201d, puntualiz\u00f3<\/p>\n<p>Romina Contreras destac\u00f3 que el CRIS, en donde se han brindado m\u00e1s de 200 mil servicios a los huixquiluquenses desde su creaci\u00f3n, cuenta con profesionales y especialistas para brindar una atenci\u00f3n de calidad a los pacientes, adem\u00e1s de tener los aparatos y herramientas necesarias para la rehabilitaci\u00f3n de estas personas, entre las que destaca un tanque terap\u00e9utico de primer nivel, que posibilita que quienes lo requieran puedan tener una terapia f\u00edsica bajo el agua para mejorar su condici\u00f3n de salud.<\/p>\n<p>Indic\u00f3 que el otorgamiento de estas terapias a pacientes post-covid coloca al CRIS como uno de los mejores centros de rehabilitaci\u00f3n del Estado de M\u00e9xico y sit\u00faa a Huixquilucan como el \u00fanico municipio mexiquense en ofrecer este tipo de tratamientos multidisciplinarios para quienes han padecido de covid-19 durante estos 18 meses.<\/p>\n<p>Por su parte, la directora general del CRIS, Mar\u00eda de Lourdes Hern\u00e1ndez Salda\u00f1a, apunt\u00f3 que, entre las secuelas m\u00e1s recurrentes que est\u00e1 propiciando el SARS-Cov2, se encuentran da\u00f1os al sistema nervioso central, par\u00e1lisis en alguna parte del cuerpo del paciente, dificultades para hablar o respirar, complicaciones cardiacas, pulmonares o renales, as\u00ed como depresi\u00f3n, por lo que subray\u00f3 la importancia de que estos padecimientos sean atendidos a tiempo por expertos, como neur\u00f3logos, neuropediatras, m\u00e9dicos internistas, pediatras y terapeutas, los cuales se encuentran en el Centro de Rehabilitaci\u00f3n y en el Complejo Rosa M\u00edstica.<\/p>\n<p>Explic\u00f3 que el tratamiento que se les brinda en el CRIS a estos pacientes, consiste en un seguimiento de los ejercicios por 12 sesiones, con base en los est\u00e1ndares internacionales en la materia, para posteriormente, hacer una evaluaci\u00f3n de su evoluci\u00f3n y, de ser necesario, extender las terapias por m\u00e1s tiempo, con la intenci\u00f3n de que las personas con secuelas puedan reducirlas o superarlas en su totalidad, como ha sucedido con quienes han gozado de este acompa\u00f1amiento.<\/p>\n<p>Los interesados pueden acudir al CRIS Huixquilucan, ubicado en el Complejo Rosa M\u00edstica, en el n\u00famero 66 de la carretera Huixquilucan-San Ram\u00f3n, en la comunidad de San Juan Bautista, de lunes a viernes, de 09:00 a 15:00 horas.<\/p>\n","protected":false},"excerpt":{"rendered":"<p>El Centro de Rehabilitaci\u00f3n e Integraci\u00f3n Social (CRIS) del Complejo \u201cRosa M\u00edstica\u201d de Huixquilucan ofrece terapias post-covid para personas que hayan enfrentado el contagio del virus SARS-Cov2 y \u00e9ste les haya dejado secuelas, como lesiones en el sistema nervioso central, alteraciones en el habla o en la memoria, la p\u00e9rdida de concentraci\u00f3n, problemas pulmonares, cardiacos, renales o hep\u00e1ticos, as\u00ed como fatiga o depresi\u00f3n, entre otros.<\/p>\n","protected":false},"author":3,"featured_media":527924,"comment_status":"open","ping_status":"open","sticky":false,"template":"","format":"standard","meta":{"_monsterinsights_skip_tracking":false,"_monsterinsights_sitenote_active":false,"_monsterinsights_sitenote_note":"","_monsterinsights_sitenote_category":0,"footnotes":""},"categories":[5],"tags":[43675,1097,94091,94092],"class_list":["post-527808","post","type-post","status-publish","format-standard","has-post-thumbnail","hentry","category-estado-de-mexico","tag-estado-de-mexico","tag-huixquilucan","tag-post-covid","tag-terapias"],"_links":{"self":[{"href":"https:\/\/www.diarioimagen.net\/index.php?rest_route=\/wp\/v2\/posts\/527808","targetHints":{"allow":["GET"]}}],"collection":[{"href":"https:\/\/www.diarioimagen.net\/index.php?rest_route=\/wp\/v2\/posts"}],"about":[{"href":"https:\/\/www.diarioimagen.net\/index.php?rest_route=\/wp\/v2\/types\/post"}],"author":[{"embeddable":true,"href":"https:\/\/www.diarioimagen.net\/index.php?rest_route=\/wp\/v2\/users\/3"}],"replies":[{"embeddable":true,"href":"https:\/\/www.diarioimagen.net\/index.php?rest_route=%2Fwp%2Fv2%2Fcomments&post=527808"}],"version-history":[{"count":0,"href":"https:\/\/www.diarioimagen.net\/index.php?rest_route=\/wp\/v2\/posts\/527808\/revisions"}],"wp:featuredmedia":[{"embeddable":true,"href":"https:\/\/www.diarioimagen.net\/index.php?rest_route=\/wp\/v2\/media\/527924"}],"wp:attachment":[{"href":"https:\/\/www.diarioimagen.net\/index.php?rest_route=%2Fwp%2Fv2%2Fmedia&parent=527808"}],"wp:term":[{"taxonomy":"category","embeddable":true,"href":"https:\/\/www.diarioimagen.net\/index.php?rest_route=%2Fwp%2Fv2%2Fcategories&post=527808"},{"taxonomy":"post_tag","embeddable":true,"href":"https:\/\/www.diarioimagen.net\/index.php?rest_route=%2Fwp%2Fv2%2Ftags&post=527808"}],"curies":[{"name":"wp","href":"https:\/\/api.w.org\/{rel}","templated":true}]}}