{"id":527809,"date":"2021-11-22T00:02:44","date_gmt":"2021-11-22T06:02:44","guid":{"rendered":"https:\/\/www.diarioimagen.net\/?p=527809"},"modified":"2021-11-22T06:45:16","modified_gmt":"2021-11-22T12:45:16","slug":"el-gobierno-de-cuautitlan-izcalli-realiza-nueva-entrega-de-equipamiento-policial","status":"publish","type":"post","link":"https:\/\/www.diarioimagen.net\/?p=527809","title":{"rendered":"El gobierno de Cuautitl\u00e1n Izcalli realiza nueva entrega de equipamiento policial"},"content":{"rendered":"<p>&nbsp;<\/p>\n<ul>\n<li><strong><em>Inversi\u00f3n de 12 millones 750 mil pesos<\/em><\/strong><\/li>\n<\/ul>\n<p>&nbsp;<\/p>\n<div id=\"attachment_527926\" style=\"width: 470px\" class=\"wp-caption aligncenter\"><a href=\"https:\/\/www.diarioimagen.net\/?attachment_id=527926\" rel=\"attachment wp-att-527926\"><img loading=\"lazy\" decoding=\"async\" aria-describedby=\"caption-attachment-527926\" class=\"size-full wp-image-527926\" src=\"https:\/\/www.diarioimagen.net\/wp-content\/uploads\/2021\/11\/izcalli-3.jpg\" alt=\"\" width=\"460\" height=\"270\" \/><\/a><p id=\"caption-attachment-527926\" class=\"wp-caption-text\">El alcalde Ricardo N\u00fa\u00f1ez Ayala realiz\u00f3 la entrega de uniformes, chalecos bal\u00edsticos y cartuchos a los elementos pertenecientes a la Comisar\u00eda General de Seguridad P\u00fablica y Tr\u00e1nsito de Cuautitl\u00e1n Izcalli.<\/p><\/div>\n<p>&nbsp;<\/p>\n<p><strong>Cuautitl\u00e1n Izcalli, Estado de M\u00e9xico.\u2014<\/strong> Con una inversi\u00f3n de 12 millones 750 mil pesos, el presidente Municipal, Ricardo N\u00fa\u00f1ez Ayala, realiz\u00f3 la entrega de uniformes, chalecos bal\u00edsticos y cartuchos a los elementos policiacos pertenecientes a la Comisar\u00eda General de Seguridad P\u00fablica y Tr\u00e1nsito de Cuautitl\u00e1n Izcalli.<\/p>\n<p>El alcalde enfatiz\u00f3 que la Administraci\u00f3n que preside ha trabajado para mejorar las condiciones laborales de los servidores p\u00fablicos dedicados a proporcionar seguridad al pueblo izcallense. Agreg\u00f3 que ganar credibilidad en el terreno de la sociedad civil ha sido un camino dif\u00edcil por el contubernio de gobiernos anteriores con la delincuencia organizada.<\/p>\n<p>N\u00fa\u00f1ez Ayala asegur\u00f3 que hoy el municipio tiene elementos m\u00e1s capacitados y que cuentan con el Certificado \u00danico Policial (CUP), dedicados a salvaguardar la integridad de la poblaci\u00f3n, por lo que asegur\u00f3 que al t\u00e9rmino de la Administraci\u00f3n m\u00e1s del 80 por ciento de los polic\u00edas estar\u00e1n certificados.<\/p>\n<p>Agreg\u00f3 que acorde al Objetivo 4 del Programa Sectorial de Seguridad y Protecci\u00f3n Ciudadana 2020-2024, se han fortalecido las capacidades tecnol\u00f3gicas y se ha privilegiado el uso de la inteligencia sobre el uso de la fuerza, por lo que se han orientado acciones para promover que las instituciones de seguridad cuenten con el equipamiento policial necesario para cumplir con el objetivo de conseguir la pacificaci\u00f3n del territorio.<\/p>\n<p>En la entrega simb\u00f3lica realizada en la Explanada del Palacio Municipal, el alcalde se\u00f1al\u00f3 que los recursos utilizados para dicha adquisici\u00f3n provienen del Programa de Fortalecimiento para la Seguridad (FORTASEG), del Fondo de Aportaciones para el Fortalecimiento de los Municipios y las Demarcaciones Territoriales del Distrito Federal (FORTAMUN), y del Fondo de Aportaciones para la Seguridad P\u00fablica (FASP).<\/p>\n<p>Los uniformes para los elementos de Seguridad P\u00fablica comprenden gorra, camisola y pantal\u00f3n t\u00e1ctico, chamarra y botas, mientras que para los de Tr\u00e1nsito es gorra, camisa y pantal\u00f3n pie tierra, chamarra y zapato de choclo.<\/p>\n<p>En el evento estuvieron presentes el secretario de Ayuntamiento, Maurilio Contreras Su\u00e1rez, el encargado de despacho de la Comisar\u00eda General de Seguridad P\u00fablica y Tr\u00e1nsito, Rodrigo Iv\u00e1n Hern\u00e1ndez Garc\u00eda; el director de Seguridad P\u00fablica, Jos\u00e9 Miguel Garnica Guill\u00e9n; el director de Tr\u00e1nsito, Guadalupe Lucio Mendoza Hern\u00e1ndez; el secretario t\u00e9cnico del Consejo Municipal de Seguridad P\u00fablica, Jos\u00e9 Amaya Hern\u00e1ndez; el t\u00e9cnico operativo de Tr\u00e1nsito, Jos\u00e9 Juan Islas Ortiz; el t\u00e9cnico operativo de Seguridad P\u00fablica, Joel P\u00e9rez Sandoval, as\u00ed como directores de la Administraci\u00f3n P\u00fablica.<\/p>\n","protected":false},"excerpt":{"rendered":"<p>Con una inversi\u00f3n de 12 millones 750 mil pesos, el presidente Municipal, Ricardo N\u00fa\u00f1ez Ayala, realiz\u00f3 la entrega de uniformes, chalecos bal\u00edsticos y cartuchos a los elementos policiacos pertenecientes a la Comisar\u00eda General de Seguridad P\u00fablica y Tr\u00e1nsito de Cuautitl\u00e1n Izcalli.<\/p>\n","protected":false},"author":3,"featured_media":527926,"comment_status":"open","ping_status":"open","sticky":false,"template":"","format":"standard","meta":{"_monsterinsights_skip_tracking":false,"_monsterinsights_sitenote_active":false,"_monsterinsights_sitenote_note":"","_monsterinsights_sitenote_category":0,"footnotes":""},"categories":[5],"tags":[971,94093,43675,81038],"class_list":["post-527809","post","type-post","status-publish","format-standard","has-post-thumbnail","hentry","category-estado-de-mexico","tag-cuautitlan-izcalli","tag-equipamiento-policial","tag-estado-de-mexico","tag-ricardo-nunez-ayala"],"_links":{"self":[{"href":"https:\/\/www.diarioimagen.net\/index.php?rest_route=\/wp\/v2\/posts\/527809","targetHints":{"allow":["GET"]}}],"collection":[{"href":"https:\/\/www.diarioimagen.net\/index.php?rest_route=\/wp\/v2\/posts"}],"about":[{"href":"https:\/\/www.diarioimagen.net\/index.php?rest_route=\/wp\/v2\/types\/post"}],"author":[{"embeddable":true,"href":"https:\/\/www.diarioimagen.net\/index.php?rest_route=\/wp\/v2\/users\/3"}],"replies":[{"embeddable":true,"href":"https:\/\/www.diarioimagen.net\/index.php?rest_route=%2Fwp%2Fv2%2Fcomments&post=527809"}],"version-history":[{"count":0,"href":"https:\/\/www.diarioimagen.net\/index.php?rest_route=\/wp\/v2\/posts\/527809\/revisions"}],"wp:featuredmedia":[{"embeddable":true,"href":"https:\/\/www.diarioimagen.net\/index.php?rest_route=\/wp\/v2\/media\/527926"}],"wp:attachment":[{"href":"https:\/\/www.diarioimagen.net\/index.php?rest_route=%2Fwp%2Fv2%2Fmedia&parent=527809"}],"wp:term":[{"taxonomy":"category","embeddable":true,"href":"https:\/\/www.diarioimagen.net\/index.php?rest_route=%2Fwp%2Fv2%2Fcategories&post=527809"},{"taxonomy":"post_tag","embeddable":true,"href":"https:\/\/www.diarioimagen.net\/index.php?rest_route=%2Fwp%2Fv2%2Ftags&post=527809"}],"curies":[{"name":"wp","href":"https:\/\/api.w.org\/{rel}","templated":true}]}}