{"id":527812,"date":"2021-11-22T00:01:41","date_gmt":"2021-11-22T06:01:41","guid":{"rendered":"https:\/\/www.diarioimagen.net\/?p=527812"},"modified":"2021-11-22T06:56:18","modified_gmt":"2021-11-22T12:56:18","slug":"a-guanajuato-foro-virtual-virintad-mas-alla-del-territorio-municipal-creado-por-naucalpan","status":"publish","type":"post","link":"https:\/\/www.diarioimagen.net\/?p=527812","title":{"rendered":"A\u00a0Guanajuato, \u201cForo Virtual Virintad m\u00e1s all\u00e1 del Territorio Municipal\u201d, creado por Naucalpan"},"content":{"rendered":"<p>&nbsp;<\/p>\n<ul>\n<li><strong><em>Espacio para ni\u00f1as, ni\u00f1os y adolescentes<\/em><\/strong><\/li>\n<\/ul>\n<p>&nbsp;<\/p>\n<div id=\"attachment_527931\" style=\"width: 470px\" class=\"wp-caption aligncenter\"><a href=\"https:\/\/www.diarioimagen.net\/?attachment_id=527931\" rel=\"attachment wp-att-527931\"><img loading=\"lazy\" decoding=\"async\" aria-describedby=\"caption-attachment-527931\" class=\"size-full wp-image-527931\" src=\"https:\/\/www.diarioimagen.net\/wp-content\/uploads\/2021\/11\/naucalpan-10.jpg\" alt=\"\" width=\"460\" height=\"270\" \/><\/a><p id=\"caption-attachment-527931\" class=\"wp-caption-text\">El Foro Virtual Virintad 2021\u201d, creado desde el Sistema DIF Naucalpan, lleg\u00f3 a la ciudad de Guanajuato.<\/p><\/div>\n<p>&nbsp;<\/p>\n<p><strong>Naucalpan, Estado de M\u00e9xico.\u2014<\/strong> Concebido como un espacio de participaci\u00f3n y expresi\u00f3n para ni\u00f1as, ni\u00f1os y adolescentes, \u201cEl Foro Virtual Virintad 2021\u201d, creado desde el Sistema DIF Naucalpan, lleg\u00f3 a la ciudad de Guanajuato.<\/p>\n<p>El proyecto fue dise\u00f1ado por la Procuradur\u00eda Municipal de Protecci\u00f3n de Ni\u00f1as, Ni\u00f1os y Adolescentes del Sistema Municipal DIF Naucalpan y este a\u00f1o fue replicado en territorio guanajuatense donde participaron de forma presencial m\u00e1s de 50 adolescentes de distintos municipios de la entidad.<\/p>\n<p>Gerardo Trujillo Flores, Director General del Sistema DIF Estatal Guanajuato, reconoci\u00f3 la labor de Naucalpan para la realizaci\u00f3n del foro, pues tras su apertura, en 2020, esta iniciativa ha tenido un alcance que traspasa las fronteras mexicanas.<\/p>\n<p>\u201cSin duda estos espacios de comunicaci\u00f3n nos permiten escucharlos, conocerlos y entenderlos. El ejercicio de la pol\u00edtica p\u00fablica no es posible si no escuchamos de primera mano sus necesidades e inquietudes.<\/p>\n<p>\u201cAgradezco la oportunidad que Virintad nos da de poder ser anfitriones de tal espacio, en este segundo encuentro\u201d, refiri\u00f3.<\/p>\n<p>Por su parte, Carolina Rojas Gonz\u00e1lez, jefa del Departamento de Promoci\u00f3n y Difusi\u00f3n de los Derechos de Ni\u00f1as, Ni\u00f1os y Adolescentes de DIF Naucalpan y coordinadora del proyecto, resalt\u00f3 las contribuciones que realizaron los participantes.<\/p>\n<p>\u201cVirintad naci\u00f3 y creci\u00f3 en Naucalpan, estado de M\u00e9xico, y este a\u00f1o llegamos a Guanajuato. Este es un ejercicio de m\u00e1xima participaci\u00f3n que tiene como objetivo escuchar a las y los adolescentes de todos los territorios, de ah\u00ed que este ejercicio comience a replicarse en otros estados de la Rep\u00fablica, porque cuando se crean espacios para la infancia y adolescencia, ellos tienen la facilidad de compartir libremente su expresi\u00f3n\u201d, explic\u00f3.<\/p>\n<p>En la ceremonia de inauguraci\u00f3n, Mar\u00eda del Sagrario Villegas Grimaldo, Secretar\u00eda Ejecutiva del Sistema de Protecci\u00f3n de los Derechos de Ni\u00f1as, Ni\u00f1os y Adolescentes (SIPINNA) del estado de Guanajuato, destac\u00f3 el aporte que este grupo poblacional realiza para la formulaci\u00f3n de pol\u00edticas p\u00fablicas, pues, dijo, estos espacios permiten consolidar los Derechos Humanos de la ni\u00f1ez.<\/p>\n<p>\u201cUstedes son parte fundamental de la sociedad mexicana, queremos que cuenten con espacios dignos de atenci\u00f3n y de oportunidades. El SIPINNA trabaja en equipo para atenderlos de manera integral\u201d, apunt\u00f3.<\/p>\n<p>El segundo Foro Virtual Virintad cont\u00f3 con la colaboraci\u00f3n del psic\u00f3logo Gaudencio Rodr\u00edguez Ju\u00e1rez y de la doctora M\u00f3nica Castro Salas. Asimismo, se llevaron a cabo talleres, pl\u00e1ticas y din\u00e1micas relacionadas a la adolescencia, educaci\u00f3n sexual y salud.<\/p>\n<p>En el evento estuvo presente tambi\u00e9n la Subdirectora General Operativa de DIF Guanajuato, Gabriela Garc\u00eda Gonz\u00e1lez.<\/p>\n","protected":false},"excerpt":{"rendered":"<p>Concebido como un espacio de participaci\u00f3n y expresi\u00f3n para ni\u00f1as, ni\u00f1os y adolescentes, \u201cEl Foro Virtual Virintad 2021\u201d, creado desde el Sistema DIF Naucalpan, lleg\u00f3 a la ciudad de Guanajuato.<\/p>\n","protected":false},"author":3,"featured_media":527931,"comment_status":"open","ping_status":"open","sticky":false,"template":"","format":"standard","meta":{"_monsterinsights_skip_tracking":false,"_monsterinsights_sitenote_active":false,"_monsterinsights_sitenote_note":"","_monsterinsights_sitenote_category":0,"footnotes":""},"categories":[5],"tags":[43675,94094,970],"class_list":["post-527812","post","type-post","status-publish","format-standard","has-post-thumbnail","hentry","category-estado-de-mexico","tag-estado-de-mexico","tag-foro-virtual-virintad-mas-alla-del-territorio-municipal","tag-naucalpan"],"_links":{"self":[{"href":"https:\/\/www.diarioimagen.net\/index.php?rest_route=\/wp\/v2\/posts\/527812","targetHints":{"allow":["GET"]}}],"collection":[{"href":"https:\/\/www.diarioimagen.net\/index.php?rest_route=\/wp\/v2\/posts"}],"about":[{"href":"https:\/\/www.diarioimagen.net\/index.php?rest_route=\/wp\/v2\/types\/post"}],"author":[{"embeddable":true,"href":"https:\/\/www.diarioimagen.net\/index.php?rest_route=\/wp\/v2\/users\/3"}],"replies":[{"embeddable":true,"href":"https:\/\/www.diarioimagen.net\/index.php?rest_route=%2Fwp%2Fv2%2Fcomments&post=527812"}],"version-history":[{"count":0,"href":"https:\/\/www.diarioimagen.net\/index.php?rest_route=\/wp\/v2\/posts\/527812\/revisions"}],"wp:featuredmedia":[{"embeddable":true,"href":"https:\/\/www.diarioimagen.net\/index.php?rest_route=\/wp\/v2\/media\/527931"}],"wp:attachment":[{"href":"https:\/\/www.diarioimagen.net\/index.php?rest_route=%2Fwp%2Fv2%2Fmedia&parent=527812"}],"wp:term":[{"taxonomy":"category","embeddable":true,"href":"https:\/\/www.diarioimagen.net\/index.php?rest_route=%2Fwp%2Fv2%2Fcategories&post=527812"},{"taxonomy":"post_tag","embeddable":true,"href":"https:\/\/www.diarioimagen.net\/index.php?rest_route=%2Fwp%2Fv2%2Ftags&post=527812"}],"curies":[{"name":"wp","href":"https:\/\/api.w.org\/{rel}","templated":true}]}}