{"id":527832,"date":"2021-11-22T00:01:33","date_gmt":"2021-11-22T06:01:33","guid":{"rendered":"https:\/\/www.diarioimagen.net\/?p=527832"},"modified":"2021-11-22T06:11:25","modified_gmt":"2021-11-22T12:11:25","slug":"ecos-de-la-45-edicion-del-tianguis-turistico-en-merida","status":"publish","type":"post","link":"https:\/\/www.diarioimagen.net\/?p=527832","title":{"rendered":"Ecos de la 45 edici\u00f3n del Tianguis Tur\u00edstico en M\u00e9rida"},"content":{"rendered":"<h2>De cinco estrellas<\/h2>\n<h5>Victoria Gonz\u00e1lez Prado<\/h5>\n<p>&nbsp;<\/p>\n<div id=\"attachment_527893\" style=\"width: 470px\" class=\"wp-caption aligncenter\"><a href=\"https:\/\/www.diarioimagen.net\/?attachment_id=527893\" rel=\"attachment wp-att-527893\"><img loading=\"lazy\" decoding=\"async\" aria-describedby=\"caption-attachment-527893\" class=\"size-full wp-image-527893\" src=\"https:\/\/www.diarioimagen.net\/wp-content\/uploads\/2021\/11\/turismo-8.jpg\" alt=\"\" width=\"460\" height=\"270\" \/><\/a><p id=\"caption-attachment-527893\" class=\"wp-caption-text\">Miguel Torruco y Mauricio Vila.<\/p><\/div>\n<p>&nbsp;<\/p>\n<p><strong>M\u00e9rida, Yucat\u00e1n.\u2014<\/strong> Tal parece que es obligaci\u00f3n que cada a\u00f1o \u2014sin excusa, ni pretexto\u2014 los Tianguis Tur\u00ecsticos de M\u00e9xico superen al anterior. Hoy, no podemos olvidar que la pandemia por el Covid-19, lastim\u00f3, no s\u00f3lo al turismo en nuestro pa\u00eds, la herida aun est\u00e1 abierta y el mundo entero sigue padeciendo los estragos.<\/p>\n<p>El Tianguis de M\u00e9rida, se pospuso en cuatro ocasiones y como dijo el gobernador de la entidad, <strong>Mauricio Vila Dosal<\/strong>, \u00abes el m\u00e1s organizado de la historia, pues se plane\u00f3 y organiz\u00f3 a lo largo de al menos dos a\u00f1os, mismos en los que el encuentro se tuvo que posponer una y otra vez\u201d.<\/p>\n<p>En el inter, hubo dos Tianguis Tur\u00edsticos digitales, en los que tambi\u00e9n se rompieron r\u00e9cords de ventas. Todas estas exitosas cifras, se tendr\u00e1n que ver resflejadas en los pr\u00f3ximos meses con gran incremento de turistas en nuestro pa\u00eds, de otra forma, no se entender\u00e1 tanto \u00e9xito y menos cuando en Europa, hay pa\u00edses que, una vez m\u00e1s, est\u00e1n cerrando por el incremento de casos de Covid.<\/p>\n<p>En M\u00e9xico, se aplaude mucho no haber cerrado fronteras en ning\u00fan momento y as\u00ed nuestro pa\u00eds &#8211;record\u00f3 <strong>Miguel Torruco Marqu\u00e9s<\/strong>, secretario de turismo federal (Sectur)&#8211; pas\u00f3 a ser el tercero m\u00e1s visitado en el mundo y el d\u00e9cimo cuarto en captaci\u00f3n de divisas tur\u00edsticas, seg\u00fan datos del Bar\u00f3metro del Turismo Mundial, de la Organizaci\u00f3n del Turismo (OMT) correspondiente a diciembre del 2020.<\/p>\n<p>Sin embargo, habr\u00eda que pensar en los cientos de miles de fallecidos, familias que perdieron padres, hermanos, madres, hijos, abuelos al contagiarse, quiz\u00e1 algunos murieron contagiados por no haber cerrado fronteras y permitir el paso de tantos visitantes sin hacerles pruebas. Ese ha sido el costo de ser el pa\u00eds m\u00e1s visitado en plena pandemia.<\/p>\n<p style=\"text-align: center;\"><strong>El recuento de los Tianguis Tur\u00edsticos<\/strong><\/p>\n<p>Cuando <strong>Torruco Marqu\u00e9s<\/strong> dio a conocer los resultados del Tianguis Tur\u00edstico en M\u00e9rida, hizo recuento desde el primero realizado en Acapulco en 1975. En 2012, se llev\u00f3 a cabola primera edici\u00f3n fuera de Acapulco y todos ellos hasta llegar a M\u00e9rida han superado siempre las espectactivas y han registrado marcas hist\u00f3ricas especialmente en las ventas pero, M\u00e9rida ha sido espectacular. Seg\u00fan palabras del titular de la Sectur, el volumen de ventas \u2013y aclar\u00f3 en la conferencia de prensa\u2014 s\u00f3lo del 17 por ciento de los profesionales que quisieron dar a conocer sus ventas sumaron: 218 millones de pesos.<\/p>\n<p>El comunicado de prensa asegura que \u201cel volumen preliminar de ventas es por 598 millones de pesos\u201d. Si del 100 por ciento s\u00f3lo 17 por ciento, vendi\u00f3 218 millones de pesos y la cifra preliminar del 100 por ciento es de 598 millones de pesos, no me coinciden las cifras o tal vez, soy yo la que no sabe hacer cuentas.<\/p>\n<p>En fin, la regla es superar, siempre superar y aqu\u00ed van los unmeros oficiales: 57 mil 287 citas de negocios, superando las 47 mil 378 de la edici\u00f3n 2019. Mil 635 compradores, en comparaci\u00f3n con mil 608 de la edici\u00f3n 42 efectuada en 2017. Eso sifnifica que no super\u00f3 la cifra de 2019, aunque son \u201ccifras preliminares\u201d.<\/p>\n<p>El Tianguis Tur\u00edstico cont\u00f3 con la presencia de 43 pa\u00edses, 3 mil 492 expositores de 936 empresas, y super\u00f3 tambi\u00e9n las cifras hist\u00f3ricas del Tianguis de Acapulco 2019, con 3 mil 408 expositores de 851 empresas.<\/p>\n<p style=\"text-align: center;\"><strong>Quer\u00e9taro destino de Romance<\/strong><\/p>\n<p>El <strong>presidente Municipal de Quer\u00e9taro, Luis Nava<\/strong>, promovi\u00f3 Quer\u00e9taro como destino para el turismo de romance, y otros lugares emblem\u00e1ticos como los vi\u00f1edos, con la finalidad de seguir impulsando la reactivaci\u00f3n de la econom\u00eda local en beneficio de todas las familias queretanas.<\/p>\n<p>\u201cTenemos mucha historia, Quer\u00e9taro es una ciudad Patrimonio Cultural de la Humanidad y tenemos much\u00edsimo que ofrecer a quienes gustan y disfrutan de la historia, del arte barroco, colonial. Quer\u00e9taro es la ciudad que deben de visitar\u201d.<\/p>\n<p><strong>Nava<\/strong> record\u00f3 tambi\u00e9n que una de las ventajas que existe en el municipio es la seguridad con la que se vive, lo que lo hace atractivo para el visitante que tiene m\u00e1s y mejores opciones para disfrutar d\u00edas de tranquilidad, historia, cultura y diversi\u00f3n.<\/p>\n<p>Destac\u00f3 tambi\u00e9n el encuentro que el municipio y estado de Quer\u00e9taro sostuvieron con directivos de <em>PriceTravel<\/em> para desarrollar productos tur\u00edsticos atractivos para ser difundidos en sus distintas plataformas.<\/p>\n<p>El presidente municipal record\u00f3 que Quer\u00e9taro cuenta con rutas tur\u00edsticas, actividades culturales, art\u00edsticas, gastron\u00f3micas y de tradici\u00f3n, para que cada vez que visiten la ciudad, los turistas encuentren nuevas experiencias que los haga regresar.<\/p>\n<p>Junto con el alcalde de M\u00e9rida, <strong>Ren\u00e1n Barrera Concha<\/strong>, <strong>Luis Nava<\/strong> firm\u00f3 carta de intenci\u00f3n para renovar el hermanamiento entre las dos ciudades, compartir experiencias en materia cultural y gastron\u00f3mica, fortalecer las econom\u00edas a trav\u00e9s de la promoci\u00f3n tur\u00edstica, y continuar trabajando para que familias de ambos municipios mejoren sus condiciones de vida.<\/p>\n<p style=\"text-align: center;\"><strong>Billete emblem\u00e1tico<\/strong><\/p>\n<p>Durante la celebraci\u00f3n del Tianguis Tur\u00edstico, <strong>Margarita Gonz\u00e1lez Sarabia<\/strong>, directora general de la Loter\u00eda Nacional; <strong>Evelyn Salgado<\/strong>, gobernadora de Guerrero y <strong>Miguel Torruco<\/strong>, titular de la Sectur, develaron el billete de la Loter\u00eda Nacional que hace alusi\u00f3n a la 45 edici\u00f3n del Tianguis Tur\u00edstico.<\/p>\n<p><strong>Gonz\u00e1lez Sarabia<\/strong>, agradeci\u00f3 a los invitados su presencia y record\u00f3 que Guerrero fue el lugar donde se origin\u00f3 este gran evento nacional en el a\u00f1o de 1975 y que cada dos a\u00f1os regresa a su casa, al tiempo que celebr\u00f3 la larga vida de la Loter\u00eda Nacional que cumple 200 a\u00f1os y es de las instituciones nacionales m\u00e1s antiguas del pa\u00eds.<\/p>\n<p>Comparti\u00f3 que para el pr\u00f3ximo sorteo de la Loter\u00eda Nacional se jugar\u00e1n 2 millones 400 mil cachitos que fueron impresos con la imagen conmemorativa de la 45 edici\u00f3n del Tianguis Tur\u00edstico, enalteciendo este evento nacional.<\/p>\n<p style=\"text-align: center;\"><strong>Convenio de promoci\u00f3n entre Guanajuato y Yucat\u00e1n<\/strong><\/p>\n<p><strong>Michelle Fridman<\/strong> y <strong>Juan Jos\u00e9 \u00c1lvarez Brunel<\/strong>, titulares de turismo en Yucat\u00e1n y Guanajuato, respectivamente, firmaron convenio con la intenci\u00f3n de impulsar acciones conjuntas para apoyar la consolidaci\u00f3n de ambas entidades como destinos tur\u00edsticos. En el stand de Guanajuato ambos funcionarios ratificaron el convenio que hace tres a\u00f1os signaron en la celebraci\u00f3n de la Feria de Le\u00f3n. Ambas entidades ofrecer\u00e1n sus productos, intercambiar\u00e1n capacitaciones especializadas y brindar\u00e1n apoyo en convocatorias para eventos comerciales.<\/p>\n<p style=\"text-align: center;\"><strong>Ratifican alianza Pacto Centro Occidente<br \/>\n<\/strong><\/p>\n<p>Aguascalientes, Guanajuato, Jalisco, Quer\u00e9taro, San Luis Potos\u00ed y Zacatecas, integran los estados que conformar el Pacto Centro Occidente, y en el marco del Tianguis Tur\u00edstico anunciaron la renovaci\u00f3n la alianza que naci\u00f3 en agosto del 2020 con el fin de reactivar y promocionar el turismo de la regi\u00f3n.<\/p>\n<p><strong>\u00c1lvarez Brunel<\/strong>, titular de turismo en Guanajuato asegur\u00f3: \u201cel Pacto Centro Occidente por el Turismo tiene la relevancia que ha demostrado desde agosto del a\u00f1o pasado que lo lanzamos y que ha venido evolucionando conforma la pandemia nos lo fue marcando. Celebro que estemos en el marco del Tianguis Tur\u00edstico y ratificamos esta importante alianza.<\/p>\n<p>&nbsp;<\/p>\n<blockquote>\n<p style=\"text-align: right;\">\u201c<strong>El<\/strong> <strong>\u00e1ngel de la fama tiene sus alas hechas de papel&#8230; peri\u00f3dico\u201d.<br \/>\n<\/strong><\/p>\n<\/blockquote>\n<p>&nbsp;<\/p>\n<p><em><span class=\"Apple-converted-space\"><a href=\"mailto:victoriagprado@gmail.com\" target=\"_blank\" rel=\"noopener noreferrer\">victoriagprado@gmail.com<\/a><br \/>\nTwitter: <a href=\"https:\/\/twitter.com\/victoriagprado\" target=\"_blank\" rel=\"noopener noreferrer\">@victoriagprado<\/a><\/span><\/em><\/p>\n","protected":false},"excerpt":{"rendered":"<p>Tal parece que es obligaci\u00f3n que cada a\u00f1o \u2014sin excusa, ni pretexto\u2014 los Tianguis Tur\u00ecsticos de M\u00e9xico superen al anterior. Hoy, no podemos olvidar que la pandemia por el Covid-19, lastim\u00f3, no s\u00f3lo al turismo en nuestro pa\u00eds, la herida aun est\u00e1 abierta y el mundo entero sigue padeciendo los estragos.<\/p>\n","protected":false},"author":3,"featured_media":527893,"comment_status":"open","ping_status":"open","sticky":false,"template":"","format":"standard","meta":{"_monsterinsights_skip_tracking":false,"_monsterinsights_sitenote_active":false,"_monsterinsights_sitenote_note":"","_monsterinsights_sitenote_category":0,"footnotes":""},"categories":[11],"tags":[107,43674,43681,106],"class_list":["post-527832","post","type-post","status-publish","format-standard","has-post-thumbnail","hentry","category-turismo","tag-de-cinco-estrellas","tag-opinion","tag-turismo","tag-victoria-gonzalez-prado"],"_links":{"self":[{"href":"https:\/\/www.diarioimagen.net\/index.php?rest_route=\/wp\/v2\/posts\/527832","targetHints":{"allow":["GET"]}}],"collection":[{"href":"https:\/\/www.diarioimagen.net\/index.php?rest_route=\/wp\/v2\/posts"}],"about":[{"href":"https:\/\/www.diarioimagen.net\/index.php?rest_route=\/wp\/v2\/types\/post"}],"author":[{"embeddable":true,"href":"https:\/\/www.diarioimagen.net\/index.php?rest_route=\/wp\/v2\/users\/3"}],"replies":[{"embeddable":true,"href":"https:\/\/www.diarioimagen.net\/index.php?rest_route=%2Fwp%2Fv2%2Fcomments&post=527832"}],"version-history":[{"count":0,"href":"https:\/\/www.diarioimagen.net\/index.php?rest_route=\/wp\/v2\/posts\/527832\/revisions"}],"wp:featuredmedia":[{"embeddable":true,"href":"https:\/\/www.diarioimagen.net\/index.php?rest_route=\/wp\/v2\/media\/527893"}],"wp:attachment":[{"href":"https:\/\/www.diarioimagen.net\/index.php?rest_route=%2Fwp%2Fv2%2Fmedia&parent=527832"}],"wp:term":[{"taxonomy":"category","embeddable":true,"href":"https:\/\/www.diarioimagen.net\/index.php?rest_route=%2Fwp%2Fv2%2Fcategories&post=527832"},{"taxonomy":"post_tag","embeddable":true,"href":"https:\/\/www.diarioimagen.net\/index.php?rest_route=%2Fwp%2Fv2%2Ftags&post=527832"}],"curies":[{"name":"wp","href":"https:\/\/api.w.org\/{rel}","templated":true}]}}