{"id":527840,"date":"2021-11-22T00:02:40","date_gmt":"2021-11-22T06:02:40","guid":{"rendered":"https:\/\/www.diarioimagen.net\/?p=527840"},"modified":"2021-11-23T05:30:32","modified_gmt":"2021-11-23T11:30:32","slug":"ebrard-no-ha-tenido-que-comprar-portadas","status":"publish","type":"post","link":"https:\/\/www.diarioimagen.net\/?p=527840","title":{"rendered":"Ebrard no ha tenido que comprar portadas"},"content":{"rendered":"<h2>La Retaguardia<\/h2>\n<h5>Adriana Moreno Cordero<\/h5>\n<p>&nbsp;<\/p>\n<ul>\n<li><strong><em> \u00bfSe habr\u00e1 cre\u00eddo Andr\u00e9s Manuel L\u00f3pez Obrador que es \u201cestadista\u201d?<\/em><\/strong><\/li>\n<\/ul>\n<p>&nbsp;<\/p>\n<p>La que caus\u00f3 un gran revuelo el fin de semana fue ni m\u00e1s ni menos que la jefa de Gobierno de la ciudad de M\u00e9xico, <strong>Claudia Sheinbaum<\/strong>, al aparecer en el semanario de <em>El Pa\u00eds<\/em>, vestida de blanco, asomada por el balc\u00f3n de su oficina y luego, sentada en una silla, con la luz perfecta largamente ensayada y sin embargo, le qued\u00f3 muy grande dicha silla a la que aspira.<\/p>\n<p>De inmediato fue objeto, la siempre eficiente funcionaria capitalina, de \u201cmemes\u201d por las ex benditas redes sociales y como siempre, una de las constantes es que todav\u00eda queda a deber sobre la tragedia ocurrida en la L\u00ednea 12 del Metro el pasado 3 de mayo, por la que la se\u00f1ora Sheinbaum trat\u00f3 de ocultar sus fallas y omisiones y por qu\u00e9 no, hasta cad\u00e1veres, debajo de alguna de las muchas alfombras que hay en Palacio Nacional; de ah\u00ed, que el presidente L\u00f3pez Obrador la callara para ser \u00e9l quien informara sobre dicha tragedia, dada la evidente ineptitud de quien es su \u201ccarta fuerte\u201d para ser su sucesora en el 2024.<\/p>\n<p>Habr\u00e1 qu\u00e9 ver si la jefa de Gobierno de la CDMX hace algo ante tal cantidad de \u201cmemes\u201d que circularon en su contra, por aquello de que hace unos d\u00edas, la diputada local morenista, <strong>X\u00f3chitl Bravo<\/strong>, intent\u00f3 proponer una pena de 3 a\u00f1os a quienes pr\u00e1cticamente se atrevieran a burlarse de Sheinbaum Pardo por las redes, basados en documentos oficiales, esto, porque la legisladora panista, <strong>Am\u00e9rica Rangel<\/strong>, public\u00f3 una \u201cAlerta Amber\u201d, buscando a la jefa de Gobierno, poniendo en evidencia que \u00e9sta se encuentra muy ocupada promocion\u00e1ndose de cara a 2024.<\/p>\n<p>Y no es para menos la preocupaci\u00f3n de Sheinbaum, ya que en las \u00faltimas semanas ha visto con verdadera desesperaci\u00f3n c\u00f3mo el secretario de Relaciones Exteriores, <strong>Marcelo Ebrard<\/strong>, ha alcanzado foros internacionales, -por obvias razones-, mismos que ha aprovechado para promocionarse como firme aspirante a suceder al presidente L\u00f3pez Obrador y por ejemplo, aquello de la compra de vacunas y de acompa\u00f1ar a su jefe a sus viajes a Estados Unidos, le ha redituado mucho.<\/p>\n<p>Adem\u00e1s, no deja de causar cierto malestar a la funcionaria capitalina que precisamente hoy, el canciller Ebrard encabezar\u00e1 el debate abierto \u201cEl impacto del desv\u00edo y tr\u00e1fico de armas para la paz y la seguridad\u201d, que tendr\u00e1 lugar en la sede del Consejo, en Nueva York, Estados Unidos. O sea, por lo menos hasta el momento, el titular de la secretar\u00eda de Relaciones Exteriores, no se ha visto en la necesidad de comprar portadas, porque las tarifas est\u00e1n m\u00e1s que caras.<\/p>\n<p>Caso muy diferente al de Claudia Sheinbaum que ha tenido que \u201cpueblear\u201d con su jefe, viendo con tristeza que no le ha valido que el tabasque\u00f1o la ande placeando por buena parte del territorio nacional y le alce la mano para decirle en lenguaje corporal a sus seguidores que ella es \u201cla buena\u201d.<\/p>\n<p>Igualmente triste, la jefa de Gobierno de la CDMX, vio que en un noticiero espa\u00f1ol, comentaron que el presidente de L\u00f3pez obrador, en su m\u00e1s reciente visita a Estados Unidos, sali\u00f3 al balc\u00f3n de la embajada de M\u00e9xico en aquel pa\u00eds a saludar\u2026 \u00a1a nadie! \u00bfSer\u00e1 que esta vez no hubo cien d\u00f3lares que ofrecer a los seguidores del de Tepetit\u00e1n?, o, \u00bfel inquilino de Palacio Nacional se habr\u00e1 cre\u00eddo aquello de que supuestamente se comport\u00f3 como un \u201cestadista\u201d en el encuentro que tuvo con el presidente de Estados Unidos, <strong>Joe Biden<\/strong> y el primer ministro de Canad\u00e1, <strong>Justin Trudeau<\/strong>?<\/p>\n<p>Y ya en eso de hablar de pagos por debajo de la mesa, la mism\u00edsima funcionaria capitalina neg\u00f3 ayer mismo que el aparecer en algunos medios internacionales, encabece actos anticipados de campa\u00f1a rumbo a 2024.<\/p>\n<p>Espec\u00edficamente se\u00f1al\u00f3: \u201cno, para nada, son entrevistas que nos han estado solicitado, no es que nosotros las hayamos estado buscando\u201d. \u00bfSer\u00e1?, porque en esa tesitura, nada m\u00e1s le falta a la se\u00f1ora Sheinbaum, aparecer en las famosas revistas \u00a1<em>Hola!<\/em>, o <em>Caras<\/em>.<\/p>\n<p>De alguna manera, estas actitudes de la jefa de Gobierno, recuerdan a las frivolidades que en su momento protagoniz\u00f3 ni m\u00e1s ni menos que <strong>Marta Mar\u00eda Sahag\u00fan de Fox<\/strong>, quien, como se recordar\u00e1, en cuanto contrajo nupcias con el entonces presidente Vicente Fox, se encarg\u00f3 en ser portada de las citadas revistas para apuntalarse como sucesora de su marido. Entonces, \u00bfQu\u00e9 tendr\u00eda que hacer Claudia Sheinbaum para, -por ejemplo-, conseguir lo mismo?<\/p>\n<p style=\"text-align: center;\"><strong>Municiones<\/strong><\/p>\n<p>*** El Consejero Presidente del Instituto Nacional Electoral (INE), <strong>Lorenzo C\u00f3rdova Vianello<\/strong>, participar\u00e1 hoy en el panel \u201c<em>\u00bfAnclas de estabilidad? El papel de las autoridades electorales en la promoci\u00f3n de la gobernanza democr\u00e1tica<\/em>\u201d, que tendr\u00e1 lugar en las instalaciones de la Universidad de Notre Dame, Indiana, Estados Unidos. Y para callar a aquellos morenistas que insisten que el INE tiene recursos para organizar la necedad de la revocaci\u00f3n de mandato, es la Universidad de Notre Dame la que correr\u00e1 con los gastos de su invitado.\u00a0 El evento tiene como objetivo llevar a cabo una discusi\u00f3n informada sobre las amenazas a la democracia y los logros en la pol\u00edtica contempor\u00e1nea en las Am\u00e9ricas. El panel comenzar\u00e1 con una conferencia del consejero-presidente del Instituto. Adem\u00e1s del doctor C\u00f3rdova, integrar\u00e1n el panel <strong>Julio Ju\u00e1rez G\u00e1miz<\/strong>, profesor del Centro de Investigaciones Interdisciplinaria en Ciencias y Humanidades de la Universidad Nacional Aut\u00f3noma de M\u00e9xico (UNAM); <strong>Abby C\u00f3rdova<\/strong>, profesora asociada de asuntos globales en la Keough School of Global Affairs y <strong>An\u00edbal P\u00e9rez-Li\u00f1\u00e1n<\/strong>, profesor de Ciencias Pol\u00edticas y Asuntos Globales en la Universidad de Notre Dame. Una pregunta, \u00bfno invitaron al \u201cestadista\u201d?<\/p>\n<p>*** Y a prop\u00f3sito, hace unos d\u00edas, al hacer un balance del viaje del presidente L\u00f3pez Obrador a Washington, el coordinador de la bancada del PAN en el Senado de la Rep\u00fablica, <strong>Julen Rementer\u00eda del Puerto<\/strong>, se\u00f1al\u00f3 que ve como un avance la interacci\u00f3n y los compromisos de M\u00e9xico con sus socios comerciales, sin embargo, si por algo se caracteriza esta errada y llamada Cuarta Transformaci\u00f3n, es porque maneja un doble discurso, pues dice una cosa y hace otra, generalmente, exactamente lo contrario. \u201cA nuestro pa\u00eds no le conviene aislarse del resto del mundo, tal como parece ser la filosof\u00eda que ha impulsado Morena desde que lleg\u00f3 al gobierno federal. Cerrando las puertas a la inversi\u00f3n, al intercambio acad\u00e9mico, cient\u00edfico y cultural, al fortalecimiento de las relaciones comerciales\u201d, afirm\u00f3 el senador Rementer\u00eda, al tiempo que subray\u00f3 que por un lado, el mandatario mexicano pida dejar de rechazar a migrantes, mientras la Guardia Nacional y el Instituto Nacional de Migraci\u00f3n acosan, agreden y maltratan a centroamericanos que intentan cruzar nuestro pa\u00eds. Adem\u00e1s, el coordinador panista lament\u00f3 que este gobierno se comprometa a apoyar el crecimiento sustentable, al tiempo que promueve su reforma el\u00e9ctrica que implica el uso de combustibles contaminantes e inhibe el uso de energ\u00edas renovables.<\/p>\n<p><u><a href=\"mailto:morcora@gmail.com\" target=\"_blank\" rel=\"noopener noreferrer\"><em>morcora@gmail.com<\/em><\/a><\/u><\/p>\n","protected":false},"excerpt":{"rendered":"<p><span style=\"color: #005497;\"><strong>Adriana Moreno Cordero<\/strong><\/span><\/p>\n","protected":false},"author":3,"featured_media":0,"comment_status":"open","ping_status":"open","sticky":false,"template":"","format":"standard","meta":{"_monsterinsights_skip_tracking":false,"_monsterinsights_sitenote_active":false,"_monsterinsights_sitenote_note":"","_monsterinsights_sitenote_category":0,"footnotes":""},"categories":[69370],"tags":[69369,69368,43674],"class_list":["post-527840","post","type-post","status-publish","format-standard","hentry","category-adriana-moreno-cordero","tag-adriana-moreno-cordero","tag-la-retaguardia","tag-opinion"],"_links":{"self":[{"href":"https:\/\/www.diarioimagen.net\/index.php?rest_route=\/wp\/v2\/posts\/527840","targetHints":{"allow":["GET"]}}],"collection":[{"href":"https:\/\/www.diarioimagen.net\/index.php?rest_route=\/wp\/v2\/posts"}],"about":[{"href":"https:\/\/www.diarioimagen.net\/index.php?rest_route=\/wp\/v2\/types\/post"}],"author":[{"embeddable":true,"href":"https:\/\/www.diarioimagen.net\/index.php?rest_route=\/wp\/v2\/users\/3"}],"replies":[{"embeddable":true,"href":"https:\/\/www.diarioimagen.net\/index.php?rest_route=%2Fwp%2Fv2%2Fcomments&post=527840"}],"version-history":[{"count":0,"href":"https:\/\/www.diarioimagen.net\/index.php?rest_route=\/wp\/v2\/posts\/527840\/revisions"}],"wp:attachment":[{"href":"https:\/\/www.diarioimagen.net\/index.php?rest_route=%2Fwp%2Fv2%2Fmedia&parent=527840"}],"wp:term":[{"taxonomy":"category","embeddable":true,"href":"https:\/\/www.diarioimagen.net\/index.php?rest_route=%2Fwp%2Fv2%2Fcategories&post=527840"},{"taxonomy":"post_tag","embeddable":true,"href":"https:\/\/www.diarioimagen.net\/index.php?rest_route=%2Fwp%2Fv2%2Ftags&post=527840"}],"curies":[{"name":"wp","href":"https:\/\/api.w.org\/{rel}","templated":true}]}}