{"id":527850,"date":"2021-11-22T00:03:39","date_gmt":"2021-11-22T06:03:39","guid":{"rendered":"https:\/\/www.diarioimagen.net\/?p=527850"},"modified":"2021-11-22T05:27:31","modified_gmt":"2021-11-22T11:27:31","slug":"mexico-es-de-todos","status":"publish","type":"post","link":"https:\/\/www.diarioimagen.net\/?p=527850","title":{"rendered":"M\u00e9xico es de todos"},"content":{"rendered":"<h2>Espacio Electoral<\/h2>\n<h5>Eleazar Flores<\/h5>\n<p><strong>\u00a0<\/strong><\/p>\n<p><strong>\u00bfQUE LO CUMPLA-.<\/strong> Multicolor y con alto sentido pol\u00edtico result\u00f3 el festejo del 111 aniversario de la Revoluci\u00f3n Mexicana en el z\u00f3calo de la capital del pa\u00eds. Hubo para una o varias notas de ocho\u00a0 con el m\u00ednimo esfuerzo.\u00a0 Extraer partes de los discursos es suficiente. Ahora a tomarles la palabra a los oradores.<\/p>\n<p><strong>AMLO-.<\/strong> \u201cM\u00e9xico no es de un grupo, de una minor\u00eda, M\u00e9xico es de todos los mexicanos\u201d, dijo el presidente Andr\u00e9s Manuel L\u00f3pez Obrador el s\u00e1bado pasado, en su discurso que con motivo del 111 aniversario de la Revoluci\u00f3n Mexicana pronunci\u00f3 en el z\u00f3calo capitalino, evento multicolor y con predominante presencia de uniformados, tanto de la Secretar\u00eda de la Defensa Nacional como de la Marina Armada de M\u00e9xico.<\/p>\n<p>Si M\u00e9xico \u201cNO ES DE UN GRUPO, DE UNA MINOR\u00cdA SINO DE TODOS LOS MEXICANOS\u201d, \u00bfcu\u00e1l es el motivo de la estigmatizaci\u00f3n no s\u00f3lo cotidiana, sino en ocasiones muchas veces en un solo d\u00eda, en contra de conservadores, neoliberales, clases medias e inclusive medios de comunicaci\u00f3n?.<\/p>\n<p>Sin la menor duda que esos neoliberales, conservadores y due\u00f1os y trabajadores de y en los medios de comunicaci\u00f3n, son tan o m\u00e1s mexicanos que los trabajadores del gobierno de la Cuarta Transformaci\u00f3n, no obstante que a algunos para ser funcionarios, \u2014FCE por ejemplo\u2014, tuvieron que esperar a que se modificaran las leyes para poder ser investidos como tales.<\/p>\n<p>Desde otro \u00e1ngulo, los hoy orgullosos de la Cuarta Transformaci\u00f3n, dentro del gobierno o los que votaron\u00a0 por ellos, desde el punto de vista aritm\u00e9tico ya vienen siendo minor\u00eda, pues no obstante seguir presumiendo sus 33 millones de votos de 2018, en este momento ya somos casi 130 millones de mexicanos y recuerde que en las elecciones intermedias de este a\u00f1o, bajaron sus votos.<\/p>\n<p><strong>SEDENA-.<\/strong>\u00a0 Otro discurso que no tiene desperdicio es el que pronunci\u00f3 el secretario de la Defensa Nacional, el general Luis Cresencio Sandoval Gonz\u00e1lez, quien dijo que \u201cla subordinaci\u00f3n al poder\u00a0 civiles es norma, responsabilidad, convicci\u00f3n\u201d, a\u00f1adiendo que \u201cla profesi\u00f3n militar jam\u00e1s contempla aspiraciones pol\u00edticas, su esencia es otra\u201d.<\/p>\n<p>Seguramente habr\u00e1 algunos o muchos mal pensados respecto a estas apreciaciones que por otro lado no son del todo gratuitas, desde el momento en que por instrucciones del \u201cComandante Supremo de las Fuerzas Armadas\u201d, sus integrantes han tenido que obedecer sum\u00e1ndose a diversas tareas, lo mismo de vigilancia que de construcci\u00f3n y hasta de operaciones bancarias.<\/p>\n<p>Con promesas de unidad presidencial que cambian al d\u00eda siguiente, como hemos visto, escuchado y le\u00eddo, principalmente desde el predominante p\u00falpito ma\u00f1anero, habr\u00e1 que tomar con reservas el pronunciamiento de que \u201cM\u00e9xico es de todos\u201d. No pasar\u00e1 mucho tiempo para el desenga\u00f1o.<\/p>\n<p><em><a href=\"mailto:elefa44@gmail.com\" target=\"_blank\" rel=\"noopener noreferrer\">elefa44@gmail.com<\/a><\/em><\/p>\n","protected":false},"excerpt":{"rendered":"<p><span style=\"color: #005497;\"><strong>Eleazar Flores<\/strong><\/span><\/p>\n","protected":false},"author":3,"featured_media":0,"comment_status":"open","ping_status":"open","sticky":false,"template":"","format":"standard","meta":{"_monsterinsights_skip_tracking":false,"_monsterinsights_sitenote_active":false,"_monsterinsights_sitenote_note":"","_monsterinsights_sitenote_category":0,"footnotes":""},"categories":[81743],"tags":[81744,81776,43674],"class_list":["post-527850","post","type-post","status-publish","format-standard","hentry","category-eleazar-flores","tag-eleazar-flores","tag-espacio-electoral","tag-opinion"],"_links":{"self":[{"href":"https:\/\/www.diarioimagen.net\/index.php?rest_route=\/wp\/v2\/posts\/527850","targetHints":{"allow":["GET"]}}],"collection":[{"href":"https:\/\/www.diarioimagen.net\/index.php?rest_route=\/wp\/v2\/posts"}],"about":[{"href":"https:\/\/www.diarioimagen.net\/index.php?rest_route=\/wp\/v2\/types\/post"}],"author":[{"embeddable":true,"href":"https:\/\/www.diarioimagen.net\/index.php?rest_route=\/wp\/v2\/users\/3"}],"replies":[{"embeddable":true,"href":"https:\/\/www.diarioimagen.net\/index.php?rest_route=%2Fwp%2Fv2%2Fcomments&post=527850"}],"version-history":[{"count":0,"href":"https:\/\/www.diarioimagen.net\/index.php?rest_route=\/wp\/v2\/posts\/527850\/revisions"}],"wp:attachment":[{"href":"https:\/\/www.diarioimagen.net\/index.php?rest_route=%2Fwp%2Fv2%2Fmedia&parent=527850"}],"wp:term":[{"taxonomy":"category","embeddable":true,"href":"https:\/\/www.diarioimagen.net\/index.php?rest_route=%2Fwp%2Fv2%2Fcategories&post=527850"},{"taxonomy":"post_tag","embeddable":true,"href":"https:\/\/www.diarioimagen.net\/index.php?rest_route=%2Fwp%2Fv2%2Ftags&post=527850"}],"curies":[{"name":"wp","href":"https:\/\/api.w.org\/{rel}","templated":true}]}}