{"id":527880,"date":"2021-11-22T00:08:44","date_gmt":"2021-11-22T06:08:44","guid":{"rendered":"https:\/\/www.diarioimagen.net\/?p=527880"},"modified":"2021-11-22T05:35:29","modified_gmt":"2021-11-22T11:35:29","slug":"lo-que-no-se-dijo-en-el-tianguis-turistico","status":"publish","type":"post","link":"https:\/\/www.diarioimagen.net\/?p=527880","title":{"rendered":"Lo que no se dijo en el Tianguis Tur\u00edstico"},"content":{"rendered":"<h2>Detr\u00e1s del Poder<\/h2>\n<h5>Jos\u00e9 Antonio L\u00f3pez Sosa<\/h5>\n<p>&nbsp;<\/p>\n<p><strong>M\u00e9rida, Yucat\u00e1n.\u2014<\/strong> Sobre lo que s\u00ed se dijo y ocurri\u00f3 en el Tianguis Tur\u00edstico de M\u00e9xico, aqu\u00ed en M\u00e9rida, Yucat\u00e1n en su edici\u00f3n 45 ya hay muchas notas, informaci\u00f3n que se public\u00f3 puntualmente en medios de comunicaci\u00f3n desde la semana pasada. Sin lugar a dudas fue un foro muy esperado donde todos los participantes llegaron con entusiasmo por la reapertura tur\u00edstica y donde la organizaci\u00f3n de Yucat\u00e1n fue sin lugar a dudas, exitosa.<\/p>\n<p>Hay una serie de elementos que no se dijeron -como suele suceder- pero que s\u00ed ocurrieron durante esta edici\u00f3n y que marcar\u00e1n de uno u otro modo el futuro inmediato del turismo en nuestro pa\u00eds.<\/p>\n<p style=\"text-align: center;\"><strong>La presi\u00f3n por Fitur<\/strong><\/p>\n<p><strong>\u00a0<\/strong>La Secretar\u00eda de Turismo federal (Sectur) recurri\u00f3 a algunos empresarios importantes del sector en Quintana Roo, cercanos por supuesto a la administraci\u00f3n federal actual, para presionar al estado en torno a su participaci\u00f3n en enero pr\u00f3ximo en la Feria Internacional de Turismo en Madrid, Espa\u00f1a. El Caribe mexicano asiste ya desde hace varias ferias con sus propio pabell\u00f3n, la presi\u00f3n es para que vayan en conjunto con el pabell\u00f3n de M\u00e9xico administrado por la empresa CREA en concesi\u00f3n de Sectur.<\/p>\n<p>Quintana Roo, a trav\u00e9s del Caribe mexicano, ha forjado una marca destino muy potente, que evidentemente no dejar de ser parte de M\u00e9xico pero en t\u00e9rminos de promoci\u00f3n, esta no ha cesado -a diferencia del gobierno federal- y ello ser\u00eda incrementar el negocio para los concesionarios de Sectur con base en una marca consolidada como el Caribe Mexicano. Para el pr\u00f3ximo enero es pr\u00e1cticamente un hecho que Caribe Mexicano va con su propio pabell\u00f3n, a pesar de las presiones de Sectur por diversos caminos.<\/p>\n<p style=\"text-align: center;\"><strong>La ruptura Nayarit-Riviera Nayarit<\/strong><\/p>\n<p>Juan Enrique Su\u00e1rez del Real, reci\u00e9n llegado secretario de Turismo de Nayarit enfoc\u00f3 a su equipo en hacer presencia con Tepic y los destinos fuera de la Riviera Nayarit, mientras compradores y operadores tur\u00edsticos tienen la vista fija en esta marca que se ha posicionado a lo largo de los a\u00f1os.<\/p>\n<p>En diversos medios de comunicaci\u00f3n en Tepic se dej\u00f3 ver esta noticia con sorpresa, resulta inveros\u00edmil que un gobierno con una marca poderosa como Riviera Nayarit, la deje de lado y pretenda competirle a su propio destino insignia.<\/p>\n<p>Ahora pareciera que existen dos Nayarit: el del gobierno estatal que se interesa solamente por Tepic y el norte del estado y el de la Riviera Nayarit, que es una marca internacional reconocida.<\/p>\n<p style=\"text-align: center;\"><strong>Lo que costar\u00e1 ATMEX-Chiapas<\/strong><\/p>\n<p>El gobierno del estado de Chiapas a trav\u00e9s de la Secretar\u00eda de Turismo estatal y con la anuencia de la titular Katyna de la Vega, pagar\u00e1 3 millones 794 mil 184 pesos a la empresa Experiencias Genuinas, S.A. de C.V. (que por adjudicaci\u00f3n directa, en 20 contratos ha facturado 20 millones 864 mil 206 pesos con 50 centavos a distintos gobiernos entre 2013 y 2018), para organizar esta feria de turismo de aventura entre el 8 y 10 de diciembre de 2021.<\/p>\n<p>De hecho, se dio un adelanto ya, el d\u00eda 26 de octubre de 2021 por 1 mill\u00f3n 897 mil 92 pesos de acuerdo al contrato SECTUR\/066-O\/2021, signado el 22 de octubre pasado.<\/p>\n<p>No est\u00e1 mal invertir en el sector, pero \u00bfs\u00f3lo con adjudicaciones directas?, \u00bfcon renuencia a dar a conocer la informaci\u00f3n?<\/p>\n<p><em><a href=\"http:\/\/www.lopezsosa.com\" target=\"_blank\" rel=\"noopener\">www.lopezsosa.com<\/a><\/em><br \/>\n<em><a href=\"mailto:joseantonio@lopezsosa.com\" target=\"_blank\" rel=\"noopener\">joseantonio@lopezsosa.com<\/a><\/em><br \/>\n<em><a href=\"http:\/\/twitter.com\/joseantonio1977\" target=\"_blank\" rel=\"noopener\">@joseantonio197<\/a><\/em><\/p>\n","protected":false},"excerpt":{"rendered":"<p><span style=\"color: #005497;\"><strong>Jos\u00e9 Antonio L\u00f3pez Sosa<\/strong><\/span><\/p>\n","protected":false},"author":3,"featured_media":0,"comment_status":"open","ping_status":"open","sticky":false,"template":"","format":"standard","meta":{"_monsterinsights_skip_tracking":false,"_monsterinsights_sitenote_active":false,"_monsterinsights_sitenote_note":"","_monsterinsights_sitenote_category":0,"footnotes":""},"categories":[637],"tags":[638,43690,43674],"class_list":["post-527880","post","type-post","status-publish","format-standard","hentry","category-jose-antonio-lopez-sosa","tag-detras-del-poder","tag-jose-antonio-lopez-sosa","tag-opinion"],"_links":{"self":[{"href":"https:\/\/www.diarioimagen.net\/index.php?rest_route=\/wp\/v2\/posts\/527880","targetHints":{"allow":["GET"]}}],"collection":[{"href":"https:\/\/www.diarioimagen.net\/index.php?rest_route=\/wp\/v2\/posts"}],"about":[{"href":"https:\/\/www.diarioimagen.net\/index.php?rest_route=\/wp\/v2\/types\/post"}],"author":[{"embeddable":true,"href":"https:\/\/www.diarioimagen.net\/index.php?rest_route=\/wp\/v2\/users\/3"}],"replies":[{"embeddable":true,"href":"https:\/\/www.diarioimagen.net\/index.php?rest_route=%2Fwp%2Fv2%2Fcomments&post=527880"}],"version-history":[{"count":0,"href":"https:\/\/www.diarioimagen.net\/index.php?rest_route=\/wp\/v2\/posts\/527880\/revisions"}],"wp:attachment":[{"href":"https:\/\/www.diarioimagen.net\/index.php?rest_route=%2Fwp%2Fv2%2Fmedia&parent=527880"}],"wp:term":[{"taxonomy":"category","embeddable":true,"href":"https:\/\/www.diarioimagen.net\/index.php?rest_route=%2Fwp%2Fv2%2Fcategories&post=527880"},{"taxonomy":"post_tag","embeddable":true,"href":"https:\/\/www.diarioimagen.net\/index.php?rest_route=%2Fwp%2Fv2%2Ftags&post=527880"}],"curies":[{"name":"wp","href":"https:\/\/api.w.org\/{rel}","templated":true}]}}