{"id":527885,"date":"2021-11-22T00:08:32","date_gmt":"2021-11-22T06:08:32","guid":{"rendered":"https:\/\/www.diarioimagen.net\/?p=527885"},"modified":"2021-11-22T05:41:27","modified_gmt":"2021-11-22T11:41:27","slug":"salvar-a-mexico-del-populismo-reaccionario-propone-roger-bartra","status":"publish","type":"post","link":"https:\/\/www.diarioimagen.net\/?p=527885","title":{"rendered":"Salvar a M\u00e9xico del populismo reaccionario, propone Roger Bartra"},"content":{"rendered":"<h2>Clase Pol\u00edtica<\/h2>\n<h5>Miguel \u00c1ngel Rivera<\/h5>\n<p>&nbsp;<\/p>\n<p>\u201cNo tengo amistad con \u00e9l, pero s\u00ed sab\u00eda de \u00e9l, porque era de los intelectuales de izquierda marxista m\u00e1s famosos, ten\u00eda con el maestro Enrique Semo una revista que se llama <em>Historia y Sociedad<\/em>, muy buena revista, estoy hablando de los a\u00f1os 70, y era un hombre de izquierda; y de repente se cans\u00f3 de ser como era y se pas\u00f3 a la derecha\u201d, dijo el presidente Andr\u00e9s Manuel L\u00f3pez Obrador en octubre de 2020 acerca del investigador Roger Bartra, uno de los intelectuales de izquierda m\u00e1s prestigiados en M\u00e9xico.<\/p>\n<p>Como ejemplo del reconocimiento que tiene Bartra en los medios acad\u00e9micos est\u00e1 lo expuesto por Sara Lara, tambi\u00e9n investigadora del Instituto de Investigaciones Sociales (IIS) de la Universidad Nacional Aut\u00f3noma de M\u00e9xico (UNAM) en la revista <strong><em>Resonancias.<\/em><\/strong><\/p>\n<p>\u201cHijo de exiliados espa\u00f1oles, Roger Bartra comenz\u00f3 sus estudios de arqueolog\u00eda en la Escuela Nacional de Antropolog\u00eda e Historia, los cuales abandon\u00f3 debido a su afiliaci\u00f3n a un grupo estudiantil de izquierda radical que lo llev\u00f3 a buscar un campo de estudios que le permitiera la comprensi\u00f3n de la realidad social. Este fue el primer salto disciplinar, de la arqueolog\u00eda a la antropolog\u00eda social, que se convertir\u00eda en uno de los rasgos caracter\u00edsticos de la trayectoria acad\u00e9mica del Doctor Honoris Causa por la UNAM e investigador Em\u00e9rito del Instituto de Investigaciones Sociales.<\/p>\n<p>\u201cEn los a\u00f1os 70, mientras las corrientes antropol\u00f3gicas dominantes de la \u00e9poca se centraban en el an\u00e1lisis del rasgo cultural, Roger Bartra introdujo en sus investigaciones sobre el agro mexicano el an\u00e1lisis de la estructura social. A partir de su an\u00e1lisis del proceso de transferencia de la renta de la tierra en el Valle del Mezquital, en el que vaticina el abandono del campo mexicano, inaugura la pol\u00e9mica entre campesinistas y proletaristas, que establecer\u00eda las bases de la sociolog\u00eda agraria\u201d, afirm\u00f3 la doctora Lara.<\/p>\n<p>\u201cDurante los a\u00f1os 80, Bartra transita del marxismo hacia una cr\u00edtica al estructuralismo al introducir, en sus estudios sobre el poder pol\u00edtico, el an\u00e1lisis de las redes simb\u00f3licas y culturales que afianzan la dominaci\u00f3n. Este enfoque se desarrollar\u00e1 posteriormente en su libro <strong><em>La jaula de la melancol\u00eda<\/em><\/strong> donde analiza la identidad nacional y la forma de reproducci\u00f3n de la cultura pol\u00edtica en M\u00e9xico, se\u00f1al\u00f3 Beatriz Ur\u00edas, tambi\u00e9n investigadora del IIS.<\/p>\n<p>El comentario que encabeza esta columna lo hizo el presidente L\u00f3pez Obrador luego de la publicaci\u00f3n de la secuela de la mencionada obra, <strong><em>La Jaula de la Melancol\u00eda<\/em><\/strong>, titulada <strong><em>Regreso a la Jaula, <\/em><\/strong>misma que lleva como subt\u00edtulo <strong><em>El fracaso de L\u00f3pez Obrador<\/em><\/strong>, lo cual naturalmente provoc\u00f3 el disgusto del primer mandatario, quien conden\u00f3 al intelectual de izquierda a formar parte de la legi\u00f3n de acad\u00e9micos \u201cconservadores\u201d y \u201cneoliberales\u201d a los que vapule\u00f3 pr\u00e1cticamente desde el inicio de su mandato.<\/p>\n<p>Lo m\u00e1s grave, probablemente para el presidente L\u00f3pez Obrador y para su proyecto de la llamada Cuarta Transformaci\u00f3n es que, en esta segunda obra, Bartra sostiene que el r\u00e9gimen del tabasque\u00f1o no es de izquierda.<\/p>\n<p>Fue entonces que vino el airado comentario del pol\u00edtico tabasque\u00f1o y su decisi\u00f3n de expulsar a Bartra del olimpo de los intelectuales de izquierda y relegarlo al despreciable espacio donde se mueven los acad\u00e9micos conservadores y neoliberales.<\/p>\n<p>En una entrevista concedida al diario <strong><em>El Universal<\/em><\/strong> Bartra respondi\u00f3 que el mandatario no debate y s\u00f3lo insulta.<\/p>\n<p>Por otra parte, en entrevista con el diario espa\u00f1ol <strong><em>El Pa\u00eds<\/em><\/strong>, Bartra, menciona que \u201cesta proclamada Cuarta Transformaci\u00f3n, que es comparada a la Independencia, la Reforma, o la Revoluci\u00f3n, no tiene nada que ver con eso. A pesar del enorme ruido que est\u00e1 haciendo L\u00f3pez Obrador, no hay tal gran transformaci\u00f3n\u201d.<\/p>\n<p>\u201cL\u00f3pez Obrador es completamente cl\u00e1sico, parece sacado de un manual de teor\u00eda pol\u00edtica. Es un populista reaccionario. Lo podemos comparar a las corrientes populistas reaccionarias de Europa y del entorno europeo, como Turqu\u00eda, y, desde luego, al gran populista que desgraciadamente tuvimos aqu\u00ed al lado, que fue Trump\u201d, sentenci\u00f3.<\/p>\n<p style=\"text-align: center;\"><strong>Clasificado entre conservadores y neoliberales,<br \/>\nBartra reaparece al lado de priistas<\/strong><\/p>\n<p>Es presumible que Bartra no se amilana con una pol\u00e9mica de ese calibre. Con anterioridad ha publicado numerosos art\u00edculos que polemizan con la izquierda ortodoxa y ha marcado una forma diferente de plantear el trabajo intelectual en el \u00e1mbito p\u00fablico, caracterizada por la cr\u00edtica a s\u00ed mismo y a su p\u00fablico, se\u00f1al\u00f3 el tambi\u00e9n investigador del IIS Francisco Vald\u00e9s, quien mencion\u00f3 controversias con Pablo Gonz\u00e1lez Casanova y con Octavio Paz.<\/p>\n<p>Estas reflexiones se realizaron durante el encuentro \u201cDi\u00e1logo sobre la obra de Roger Bartra\u201d organizado por el Instituto de Investigaciones Sociales de la UNAM y moderado por Manuel Perl\u00f3, director de esta instituci\u00f3n, el cual cont\u00f3 con la presencia de exdirectores, investigadores em\u00e9ritos, invitados especiales e integrantes de la comunidad acad\u00e9mica del Instituto.<\/p>\n<p>Como prueba de que no tiene nada que recriminarse, Bartra acept\u00f3 una invitaci\u00f3n del ahora repudiado PRI para participar en los trabajos rumbo a la XXIII Asamblea Nacional del Partido Revolucionario Institucional.<\/p>\n<p>Lo sola presencia del destacado intelectual de izquierda en ese foro le merece recriminaciones de los allegados y defensores de la llamada Cuarta Transformaci\u00f3n, pero eso no es todo, all\u00ed ante los tricolores, Bartra sostuvo que \u201ces necesario salvar a M\u00e9xico del populismo reaccionario y retrograda que gobierna hoy en d\u00eda y que amenaza la democracia y el desarrollo econ\u00f3mico\u201d.<\/p>\n<p>En su conferencia magistral, el destacado investigador universitario afirm\u00f3 que esa operaci\u00f3n de salvamento \u201cimplica buscar una candidatura com\u00fan a la Presidencia\u201d por parte de los tres partidos coaligados, PAN, PRI y PRD, aunque reconoci\u00f3 que \u201cesto es algo bastante complicado\u201d.<\/p>\n<p>En el foro, organizado por la Fundaci\u00f3n Colosio, encabezada por el ex gobernador de Oaxaca Jos\u00e9 Murat, Roger Bartra puntualiz\u00f3 que para lograr esa alianza es muy importante acercarse a las organizaciones y sectores ciudadanos independientes, como \u201cS\u00ed por M\u00e9xico\u201d, que \u201ccumple un papel cr\u00edtico\u201d y el \u201cFrente C\u00edvico\u201d, que \u201capenas se est\u00e1 gestando\u201d.<\/p>\n<p>\u201cSi se parte de un rechazo a las contrarreformas, que es un elemento com\u00fan que deben tener los tres partidos coaligados, buscar una candidatura com\u00fan a la Presidencia es el paso siguiente m\u00e1s importante\u201d, destac\u00f3 el tambi\u00e9n miembro de la Academia Mexicana de la Lengua.<\/p>\n<p>\u201cBajo las condiciones actuales, lo que parece m\u00e1s viable es la organizaci\u00f3n de elecciones primarias, para escoger candidatos en cada partido y para despu\u00e9s de eso llegar a una gran elecci\u00f3n primaria de los partidos coaligados\u201d, recomend\u00f3 el intelectual descalificado por el presidente L\u00f3pez Obrador.<\/p>\n<p>\u201cMe parece que eso es algo muy importante y que un partido de la importancia del PRI tiene que impulsar de manera muy clara\u201d, a\u00f1adi\u00f3.<\/p>\n<p>Bartra tambi\u00e9n se\u00f1al\u00f3 que ser\u00e1 muy dif\u00edcil reconstruir los da\u00f1os que ha provocado el actual gobierno federal autoritario y se pregunt\u00f3 si el Partido Revolucionario Institucional ser\u00e1 capaz de auspiciar o impulsar \u201cuna opci\u00f3n como la que estoy perfilando o similar\u201d.<\/p>\n<p>El foro fue presencial, en la sede de la dirigencia nacional del tricolor y se transmiti\u00f3 en vivo por plataformas digitales. Participaron Jos\u00e9 Murat, quien fungi\u00f3 como moderador, y la secretaria general de la Fundaci\u00f3n Colosio, Irma Pi\u00f1eyro.<\/p>\n<p>Por si lo anterior fuese poco, en la C\u00e1mara de Diputados, la bancada del PRI present\u00f3 una iniciativa para crear una comisi\u00f3n que eval\u00fae las pol\u00edticas p\u00fablicas y programas de gobierno federal que no est\u00e1n funcionando.<\/p>\n<p>Esta iniciativa tiene como uno de sus principales objetivos contribuir a solucionar una de las m\u00e1s criticadas fallas de la llamada Cuarta Transformaci\u00f3n, el desabasto de medicamentos, en particular los destinados a los ni\u00f1os que padecen c\u00e1ncer.<\/p>\n<p>El compromiso del gobierno de la Cuarta Transformaci\u00f3n por garantizar a los mexicanos atenci\u00f3n m\u00e9dica y medicamentos gratuitos, con un sistema de salud de primera, est\u00e1 lejos de consolidarse, afirm\u00f3 la diputada federal Frinn\u00e9 Azuara.<\/p>\n<p>La propuesta del PRI consiste en crear una comisi\u00f3n con autonom\u00eda y capacidad t\u00e9cnica y operativa, lo cual va en contra de la tendencia de la llamada 4T de eliminar o controlar todos los organismos independientes.<\/p>\n<p><em><a href=\"mailto:riparcangel@hotmail.com\" target=\"_blank\" rel=\"noopener noreferrer\">riparcangel@hotmail.com<\/a><\/em><\/p>\n","protected":false},"excerpt":{"rendered":"<p><span style=\"color: #005497;\"><strong>Miguel \u00c1ngel Rivera<\/strong><\/span<\/span><\/p>\n","protected":false},"author":3,"featured_media":0,"comment_status":"open","ping_status":"open","sticky":false,"template":"","format":"standard","meta":{"_monsterinsights_skip_tracking":false,"_monsterinsights_sitenote_active":false,"_monsterinsights_sitenote_note":"","_monsterinsights_sitenote_category":0,"footnotes":""},"categories":[84119],"tags":[84120,84121,43674],"class_list":["post-527885","post","type-post","status-publish","format-standard","hentry","category-miguel-angel-rivera","tag-clase-politica","tag-miguel-angel-rivera","tag-opinion"],"_links":{"self":[{"href":"https:\/\/www.diarioimagen.net\/index.php?rest_route=\/wp\/v2\/posts\/527885","targetHints":{"allow":["GET"]}}],"collection":[{"href":"https:\/\/www.diarioimagen.net\/index.php?rest_route=\/wp\/v2\/posts"}],"about":[{"href":"https:\/\/www.diarioimagen.net\/index.php?rest_route=\/wp\/v2\/types\/post"}],"author":[{"embeddable":true,"href":"https:\/\/www.diarioimagen.net\/index.php?rest_route=\/wp\/v2\/users\/3"}],"replies":[{"embeddable":true,"href":"https:\/\/www.diarioimagen.net\/index.php?rest_route=%2Fwp%2Fv2%2Fcomments&post=527885"}],"version-history":[{"count":0,"href":"https:\/\/www.diarioimagen.net\/index.php?rest_route=\/wp\/v2\/posts\/527885\/revisions"}],"wp:attachment":[{"href":"https:\/\/www.diarioimagen.net\/index.php?rest_route=%2Fwp%2Fv2%2Fmedia&parent=527885"}],"wp:term":[{"taxonomy":"category","embeddable":true,"href":"https:\/\/www.diarioimagen.net\/index.php?rest_route=%2Fwp%2Fv2%2Fcategories&post=527885"},{"taxonomy":"post_tag","embeddable":true,"href":"https:\/\/www.diarioimagen.net\/index.php?rest_route=%2Fwp%2Fv2%2Ftags&post=527885"}],"curies":[{"name":"wp","href":"https:\/\/api.w.org\/{rel}","templated":true}]}}