{"id":527988,"date":"2021-11-23T00:02:57","date_gmt":"2021-11-23T06:02:57","guid":{"rendered":"https:\/\/www.diarioimagen.net\/?p=527988"},"modified":"2021-11-24T04:20:52","modified_gmt":"2021-11-24T10:20:52","slug":"527988","status":"publish","type":"post","link":"https:\/\/www.diarioimagen.net\/?p=527988","title":{"rendered":"Box Azteca, referente en el mundo deportivo"},"content":{"rendered":"<h2>La Retaguardia<\/h2>\n<h5>Adriana Moreno Cordero<\/h5>\n<p>&nbsp;<\/p>\n<ul>\n<li><strong>Financial Times<em> pone en duda combate a corrupci\u00f3n de L\u00f3pez Obrador<\/em><\/strong><\/li>\n<\/ul>\n<p>&nbsp;<\/p>\n<p>El box es sin duda un deporte tradicional de M\u00e9xico y que despierta pasiones. De hecho, existe un antes y un despu\u00e9s en la televisi\u00f3n abierta con Box Azteca, que fue quien regres\u00f3 al boxeo a los mexicanos. Hay que recordar que antes era un evento para una \u00e9lite y actualmente la televisora del Ajusco, de manera gratuita brinda el mejor programa a los televidentes. Esto lo dijo v\u00eda remota <strong>Benjam\u00edn Salinas<\/strong>, vicepresidente del Consejo de Administraci\u00f3n de Grupo Salinas, en el gran festejo por los 15 a\u00f1os de Box Azteca, celebrado en las instalaciones de dicha televisora.<\/p>\n<p>Hubo una lucidora alfombra roja por la que desfilaron personajes representativos del box nacional e internacional como: desde luego, <strong>Sa\u00fal \u201cCanelo\u201d \u00c1lvarez, Sugar Ray Leonard, Jackie Nava, Jaime Mungu\u00eda, Jos\u00e9 \u201cChon\u201d Zepeda, Scott Welch, Ilunga Makabu, \u201cPipino\u201d Cuevas, Donny Lalonde, Antonio Tarver<\/strong>, entre otros, dando de esta manera inicio la gran celebraci\u00f3n de Box Azteca.<\/p>\n<p>Despu\u00e9s de un video que mostr\u00f3 los momentos m\u00e1s representativos de Box Azteca a lo largo de estos 15 a\u00f1os, <strong>Fernando Beltr\u00e1n<\/strong>, CEO Zanfer Promociones; <strong>Mauricio Sulaim\u00e1n<\/strong>, presidente del CMB; <strong>Rodolfo Ram\u00edrez<\/strong>, director de TV Azteca Deportes, pasaron al centro del ring para hacer una breve remembranza y agradecer a sus equipos y a los boxeadores por su trabajo.<\/p>\n<p>Por su parte, Mauricio Sulaim\u00e1n hizo referencia a que el boxeo es el deporte de M\u00e9xico y reconoci\u00f3 el gran trabajo que se llev\u00f3 a cabo, especialmente durante la fase m\u00e1s aguda de la pandemia de Covid-19: \u201cEste ring fue el laboratorio en los momentos m\u00e1s oscuros, cuando no hab\u00eda deporte en vivo, Zanfer y Azteca se pusieron los guantes para elaborar un protocolo perfectamente establecido y fuimos el ejemplo para hacer las cosas diferentes\u201d.<\/p>\n<p>As\u00ed con la concepci\u00f3n de que de alguna manera, las crisis representan tambi\u00e9n una oportunidad, Box Azteca lleg\u00f3 a reinventar la manera de ver y disfrutar el boxeo de la mano del Box Azteca Team, un gran equipo de comentaristas y especialistas integrado por <strong>Julio C\u00e9sar Ch\u00e1vez, Eduardo Lamaz\u00f3n, Rodolfo Vargas, Rafael Ayala, C\u00e9sar Castro<\/strong> y <strong>Andrea Sola<\/strong>, quienes lograron encontrar la f\u00f3rmula perfecta de c\u00f3mo se deb\u00eda de transmitir la pasi\u00f3n de este deporte a trav\u00e9s de la pantalla.<\/p>\n<p>De esta forma, s\u00e1bado a s\u00e1bado, los televidentes han sido testigos del surgimiento de j\u00f3venes boxeadores, de nuevas promesas, que se han convertido en campeones del mundo; a su vez, han visto retirarse a muchas de las grandes figuras hist\u00f3ricas del boxeo, siendo testigos del regreso de muchos de ellos tambi\u00e9n.<\/p>\n<p>Box Azteca es m\u00e1s que s\u00f3lo una transmisi\u00f3n, es un referente en el mundo deportivo, es la cuna de los nuevos campeones, la casa de los boxeadores profesionales, de los amateur y sobre todo del p\u00fablico televidente, quienes saben que las mejores peleas del fin de semana que pueden verse con la mejor narraci\u00f3n, por La casa del boxeo.<\/p>\n<p>Estos son los primeros 15 a\u00f1os de Box Azteca y la historia de La Casa del Boxeo seguir\u00e1 creciendo todos los s\u00e1bado con las m\u00e1s grandes estrellas del deporte de los pu\u00f1os, a trav\u00e9s de Azteca 7,\u00a0aztecadeportes.com, la App Oficial de \u201cTV Azteca Deportes\u201d y las redes sociales de TV Azteca Deportes y Box Azteca.<\/p>\n<p>Definitivamente, no se puede contar la historia del deporte en M\u00e9xico sin hablar del boxeo y no se puede hablar de \u00e9l sin hacer referencia a las grandes transmisiones de Box Azteca que han llevado un sinf\u00edn de emociones al televidente.<\/p>\n<p style=\"text-align: center;\"><strong>Municiones<\/strong><\/p>\n<p>*** El presidente de la Junta de Coordinaci\u00f3n Pol\u00edtica del Senado de la Rep\u00fablica, <strong>Ricardo Monreal \u00c1vila<\/strong>, confirm\u00f3 que hoy, dicha instancia legislativa, desahogar\u00e1 el proceso para la elecci\u00f3n de una ministra o ministro de la Suprema Corte de Justicia de la Naci\u00f3n.\u00a0Para ello, el legislador zacatecano se reuni\u00f3 con los coordinadores de los Grupos Parlamentarios del PAN, PRI, PRD, PVEM, PT y PES, as\u00ed como con los integrantes del Grupo Plural. As\u00ed, mientras <strong>Ver\u00f3nica de Gyves<\/strong> agradece al presidente <strong>Andr\u00e9s Manuel L\u00f3pez Obrador<\/strong> que la haya escogido en la terna por su curr\u00edculum, m\u00e1s que con su amistad con el tabasque\u00f1o, mucho se comenta en los corrillos parlamentarios que la \u201cganona\u201d ser\u00e1 <strong>Loretta Ortiz Ahlf<\/strong>. El mecanismo es el siguiente: la elecci\u00f3n requiere mayor\u00eda calificada; si en un primer intento ning\u00fan aspirante re\u00fane los votos requeridos, entonces se repetir\u00e1 la votaci\u00f3n y si tampoco se logra en este segundo intento se dar\u00e1 por rechazada la terna.<\/p>\n<p>*** Quiz\u00e1s la siempre eficiente jefa de Gobierno de la Ciudad de M\u00e9xico, <strong>Claudia Sheinbaum<\/strong>, ser\u00e1 objeto de una reprimenda por parte de su jefe, por andar dando entrevistas a pasquines inmundos, como considera el de Tepetit\u00e1n a todo aquel peri\u00f3dico, nacional y\/o internacional, que se atreva a llevarle la contra. Recientemente, una articulista del <em>Financial Times<\/em>, estim\u00f3 que L\u00f3pez Obrador tiene poco que aportar al tema de erradicar la corrupci\u00f3n, por m\u00e1s que el Presidente mexicano se empe\u00f1e en dar una imagen opuesta y, como se recordar\u00e1, no tiene empacho alguno en llevar el p\u00falpito ma\u00f1anero a foros internacionales como el de la ONU. Todo indica, que no hay nada que pueda hacer enojar al tabasque\u00f1o porque se ha percatado que su popularidad, de acuerdo a los m\u00e1s recientes sondeos, ronda el 65 por ciento, con lo que supone que dej\u00f3 atr\u00e1s aquellos malos n\u00fameros de cuando demostr\u00f3 su p\u00e9simo manejo de la pandemia o bien, cuando un tramo de la L\u00ednea 12 del Metro provoc\u00f3 una tragedia en mayo pasado. Aqu\u00ed habr\u00eda que reiterar que no es lo mismo ser popular que saber gobernar.<\/p>\n<p>*** Ya tuvo respuesta el discurso que pronunciara el general secretario de la Defensa Nacional, <strong>Luis Cresencio Sandoval<\/strong>, en el marco de la conmemoraci\u00f3n del 20 de Noviembre, en el que invit\u00f3 a todo el pa\u00eds al movimiento de esta errada y llamada Cuarta Transformaci\u00f3n. Resulta que la organizaci\u00f3n Human Rights Watch conden\u00f3 este hecho, as\u00ed como que el titular de la Sedena, diera p\u00fablica y abiertamente su respaldo al partido oficial. Bueno, no podr\u00eda ser de otra forma; en todo caso, el general secretario es agradecido porque \u00a1vaya! que el presidente L\u00f3pez Obrador les ha dado a los militares absolutamente todo, aunque por ah\u00ed se destapen cloacas, no cabe duda que el objetivo del tabasque\u00f1o es entregarles todo a los miembros de las Fuerzas Armadas, que se supone que garantizar\u00edan prolongar su estancia en Palacio Nacional. \u00bfSer\u00e1?<\/p>\n<p><u><a href=\"mailto:morcora@gmail.com\" target=\"_blank\" rel=\"noopener noreferrer\"><em>morcora@gmail.com<\/em><\/a><\/u><\/p>\n","protected":false},"excerpt":{"rendered":"<p><span style=\"color: #005497;\"><strong>Adriana Moreno Cordero<\/strong><\/span><\/p>\n","protected":false},"author":3,"featured_media":0,"comment_status":"open","ping_status":"open","sticky":false,"template":"","format":"standard","meta":{"_monsterinsights_skip_tracking":false,"_monsterinsights_sitenote_active":false,"_monsterinsights_sitenote_note":"","_monsterinsights_sitenote_category":0,"footnotes":""},"categories":[69370],"tags":[69369,69368,43674],"class_list":["post-527988","post","type-post","status-publish","format-standard","hentry","category-adriana-moreno-cordero","tag-adriana-moreno-cordero","tag-la-retaguardia","tag-opinion"],"_links":{"self":[{"href":"https:\/\/www.diarioimagen.net\/index.php?rest_route=\/wp\/v2\/posts\/527988","targetHints":{"allow":["GET"]}}],"collection":[{"href":"https:\/\/www.diarioimagen.net\/index.php?rest_route=\/wp\/v2\/posts"}],"about":[{"href":"https:\/\/www.diarioimagen.net\/index.php?rest_route=\/wp\/v2\/types\/post"}],"author":[{"embeddable":true,"href":"https:\/\/www.diarioimagen.net\/index.php?rest_route=\/wp\/v2\/users\/3"}],"replies":[{"embeddable":true,"href":"https:\/\/www.diarioimagen.net\/index.php?rest_route=%2Fwp%2Fv2%2Fcomments&post=527988"}],"version-history":[{"count":0,"href":"https:\/\/www.diarioimagen.net\/index.php?rest_route=\/wp\/v2\/posts\/527988\/revisions"}],"wp:attachment":[{"href":"https:\/\/www.diarioimagen.net\/index.php?rest_route=%2Fwp%2Fv2%2Fmedia&parent=527988"}],"wp:term":[{"taxonomy":"category","embeddable":true,"href":"https:\/\/www.diarioimagen.net\/index.php?rest_route=%2Fwp%2Fv2%2Fcategories&post=527988"},{"taxonomy":"post_tag","embeddable":true,"href":"https:\/\/www.diarioimagen.net\/index.php?rest_route=%2Fwp%2Fv2%2Ftags&post=527988"}],"curies":[{"name":"wp","href":"https:\/\/api.w.org\/{rel}","templated":true}]}}