{"id":527997,"date":"2021-11-23T00:08:50","date_gmt":"2021-11-23T06:08:50","guid":{"rendered":"https:\/\/www.diarioimagen.net\/?p=527997"},"modified":"2021-11-23T05:37:50","modified_gmt":"2021-11-23T11:37:50","slug":"alto-a-la-violencia","status":"publish","type":"post","link":"https:\/\/www.diarioimagen.net\/?p=527997","title":{"rendered":"Alto a la violencia"},"content":{"rendered":"<h2>Punto por punto<\/h2>\n<h5>Augusto Corro<\/h5>\n<p>&nbsp;<\/p>\n<p>A mediados de la semana pasada aparecieron diez personas (nueve colgadas y una m\u00e1s en el piso) en un puente en Cuauht\u00e9moc, Zacatecas.<\/p>\n<p>La violencia se volvi\u00f3 incontrolable en esa entidad, en la que se disputan las plazas y las rutas diferentes c\u00e1rteles de la delincuencia organizada.<\/p>\n<p>En el caso que nos ocupa se habla del C\u00e1rtel Jalisco Nueva General (CJNG) y el C\u00e1rtel de Sinaloa.<\/p>\n<p>Ese hecho cruento no es el primero ni ser\u00e1 el \u00faltimo de una serie de acciones violentas que tiene aterrorizados a los zacatecanos.<\/p>\n<p>Es necesario que las autoridades municipales, estatales y federales traten de frenar la inseguridad que se vive en los municipios zacatecanos.\u00a0 En ese estado van un sinn\u00famero de secuestros y asesinatos y nadie se da por enterado. No se atiende el problema.<\/p>\n<p>La llamada Guardia Nacional (GN) tiene mucho trabajo en Zacatecas para que las actividades cotidianas regresen a la normalidad.<\/p>\n<p>Por cierto, el gobernador David Monreal, reci\u00e9n llegado al gobierno, tendr\u00e1 que esmerarse para que Zacatecas ya no sea el escenario violento de los \u00faltimos a\u00f1os.<\/p>\n<p>En fin, alguien tendr\u00e1 que ponerle un alto a la violencia.<\/p>\n<p style=\"text-align: center;\"><strong>Elecciones estatales de 2022<\/strong><\/p>\n<p>En 2022 se votar\u00e1 por seis nuevos gobernadores en Oaxaca, Hidalgo, Tamaulipas, Durango, Quintana Roo y Aguascalientes.<\/p>\n<p>Se espera el anuncio oficial de las alianzas partidistas para competir en Oaxaca. El candidato morenista se conocer\u00e1 en marzo del pr\u00f3ximo a\u00f1o.<\/p>\n<p>Los cuatro aspirantes registrados por Morena son: la senadora y cantante Susana Harp Iturribar\u00eda; la diputada Irma Juan Carlos; el diputado Armando Contreras Castillo y el senador Salom\u00f3n Jara Cruz.<\/p>\n<p>La disputa real por la gubernatura quedar\u00e1 entre los senadores Susana Harp Iturribar\u00eda y Salom\u00f3n Jara Cruz. La primera ir\u00e1 con todo el apoyo del l\u00edder moral de Morena, Andr\u00e9s Manuel L\u00f3pez Obrador.<\/p>\n<p>Las acciones pol\u00edticas para esa contienda electoral empezaron a definirse. En materia de alianzas, el Partido de la Revoluci\u00f3n Democr\u00e1tica (PRD) rechaz\u00f3 la coalici\u00f3n con el Partido Revolucionario Institucional (PRI).<\/p>\n<p>La oposici\u00f3n participar\u00e1 muy debilitada en los comicios oaxaque\u00f1os. El partido tricolor no aspira al triunfo, toda vez que su gobernador Alejandro Murat es un gobernador sumiso a la Cuarta Transformaci\u00f3n (4T).<\/p>\n<p>En las otras entidades, el l\u00edder de Acci\u00f3n Nacional, Marko Cort\u00e9s ya se dio por derrotado; aunque dijo que s\u00ed ganar\u00e1 el blanquiazul en Aguascalientes.<\/p>\n<p>El Revolucionario Institucional buscar\u00e1 mantenerse en Hidalgo, pero los pron\u00f3sticos son en el sentido de que perder\u00e1. En el PRI se vive una crisis total que lo orilla m\u00e1s a su desaparici\u00f3n. La puntilla podr\u00eda acabar con el tricolor en las elecciones del 2023 cuando se elija al nuevo mandatario estatal.<\/p>\n<p>Los candidatos a las gubernaturas se empiezan a conocer y a\u00fan no se conocen inconformidades por las designaciones. Los pol\u00edticos se toman un tiempo de descanso para lo que viene.<\/p>\n<p style=\"text-align: center;\"><strong>El PAN, minimizado<\/strong><\/p>\n<p>El Partido Acci\u00f3n Nacional (PAN) sigue sin encontrar la br\u00fajula que lo oriente hacia las elecciones estatales del 2022. Su dirigente derrotista, Marko Cort\u00e9s, ya dijo que s\u00f3lo ganar\u00e1 una de las cinco gubernaturas en juego el pr\u00f3ximo a\u00f1o.<\/p>\n<p>Sin embargo, la dirigencia panista guarda silencio. Los esc\u00e1ndalos recientes lo obligaron a esperar que pase la tormenta.<\/p>\n<p>Uno de esos esc\u00e1ndalos fue la recepci\u00f3n de los senadores blanquiazules al l\u00edder de Vox (ultraderecha espa\u00f1ola), Santiago Abascal.<\/p>\n<p>El dirigente vino a M\u00e9xico para que los panistas firmaran el convenio Carta de Madrid, que consiste en el rechazo al comunismo.<\/p>\n<p>El otro problema fue la reelecci\u00f3n de Marko Cort\u00e9s como dirigente del PAN que fue criticado por propios y extra\u00f1os.<\/p>\n<p>El PAN, PRI y PRD se aliaron para enfrentar a Morena, solo que optaron porque los coordinara Claudio X. Gonz\u00e1lez, que le dio un sentido empresarial a la lucha pol\u00edtica.<\/p>\n<p>\u00bfUsted qu\u00e9 opina amable lector?<\/p>\n<p><a href=\"mailto:aco2742@hotmail.com\" target=\"_blank\" rel=\"noopener noreferrer\"><em>aco2742@hotmail.com<\/em><\/a><\/p>\n","protected":false},"excerpt":{"rendered":"<p><span style=\"color: #005497;\"><strong>Augusto Corro<\/strong><\/span><\/p>\n","protected":false},"author":3,"featured_media":0,"comment_status":"open","ping_status":"open","sticky":false,"template":"","format":"standard","meta":{"_monsterinsights_skip_tracking":false,"_monsterinsights_sitenote_active":false,"_monsterinsights_sitenote_note":"","_monsterinsights_sitenote_category":0,"footnotes":""},"categories":[157],"tags":[43686,43674,11515],"class_list":["post-527997","post","type-post","status-publish","format-standard","hentry","category-augusto-corro","tag-augusto-corro","tag-opinion","tag-punto-por-punto"],"_links":{"self":[{"href":"https:\/\/www.diarioimagen.net\/index.php?rest_route=\/wp\/v2\/posts\/527997","targetHints":{"allow":["GET"]}}],"collection":[{"href":"https:\/\/www.diarioimagen.net\/index.php?rest_route=\/wp\/v2\/posts"}],"about":[{"href":"https:\/\/www.diarioimagen.net\/index.php?rest_route=\/wp\/v2\/types\/post"}],"author":[{"embeddable":true,"href":"https:\/\/www.diarioimagen.net\/index.php?rest_route=\/wp\/v2\/users\/3"}],"replies":[{"embeddable":true,"href":"https:\/\/www.diarioimagen.net\/index.php?rest_route=%2Fwp%2Fv2%2Fcomments&post=527997"}],"version-history":[{"count":0,"href":"https:\/\/www.diarioimagen.net\/index.php?rest_route=\/wp\/v2\/posts\/527997\/revisions"}],"wp:attachment":[{"href":"https:\/\/www.diarioimagen.net\/index.php?rest_route=%2Fwp%2Fv2%2Fmedia&parent=527997"}],"wp:term":[{"taxonomy":"category","embeddable":true,"href":"https:\/\/www.diarioimagen.net\/index.php?rest_route=%2Fwp%2Fv2%2Fcategories&post=527997"},{"taxonomy":"post_tag","embeddable":true,"href":"https:\/\/www.diarioimagen.net\/index.php?rest_route=%2Fwp%2Fv2%2Ftags&post=527997"}],"curies":[{"name":"wp","href":"https:\/\/api.w.org\/{rel}","templated":true}]}}