{"id":527998,"date":"2021-11-23T00:03:03","date_gmt":"2021-11-23T06:03:03","guid":{"rendered":"https:\/\/www.diarioimagen.net\/?p=527998"},"modified":"2021-11-23T05:40:10","modified_gmt":"2021-11-23T11:40:10","slug":"el-pais-pasquin-publicitario","status":"publish","type":"post","link":"https:\/\/www.diarioimagen.net\/?p=527998","title":{"rendered":"<em>El Pa\u00eds<\/em>, \u201cpasqu\u00edn\u201d publicitario"},"content":{"rendered":"<h2>Espacio Electoral<\/h2>\n<h5>Eleazar Flores<\/h5>\n<p>&nbsp;<\/p>\n<p><strong>LO DIJO LA 4T-.<\/strong> Definido por el padre de la Cuarta Transformaci\u00f3n como \u201cun pasqu\u00edn\u201d, tal vez una o dos veces, ahora su revista es escaparate internacional\u00a0 de la jefa de Gobierno, Claudia Sheinbaum, luciendo foto casi a cuerpo entero,\u00a0 destacando en el texto su quehacer gubernamental.<\/p>\n<p>La jefa de Gobierno se apura a aclarar ante los chicos-as de la fuente que ni ella ni su gobierno\u00a0 pagaron la nota nota-entrevista-reportaje y a creerle, pues no hay forma de investigar, no vaya a ser clasificada como \u201creservada\u201d, por tantos a\u00f1os, por seguridad nacional, como ha pasado con otros contenidos.<\/p>\n<p>A principios de a\u00f1o, cuando este medio espa\u00f1ol sac\u00f3 notas acerca del gobierno de la Cuarta Transformaci\u00f3n, el padre de la misma utiliz\u00f3 su escenario favorito -el p\u00falpito ma\u00f1anero- para denostarlo y a qui\u00e9n o quienes escribieron sobre el particular, se\u00f1alando que se trataba de un pasqu\u00edn que casi no se lee o algo por el estilo.<\/p>\n<p>Y cada que alg\u00fan otro medio extranjero publica algo acerca de este gobierno la cr\u00edtica es del mismo tono, <em>The Economist<\/em>, <em>Washington Post<\/em>, <em>New York Times<\/em> y mejor le paro.<\/p>\n<p>De nuestros medios nacionales ni qu\u00e9 decir, casi ninguno se ha salvado y el o los pocos que s\u00ed, ni\u00a0 mencionarlos para no salarlos, pues recuerde que en funci\u00f3n de esas tendencias los medios han venido aumentando o bajando sus ventas, aunque usted no lo crea y menos la persona que cada mi\u00e9rcoles cita sus cifras de \u201cqui\u00e9n es qui\u00e9n\u201d, como n\u00famero estelar de las ma\u00f1aneras.<\/p>\n<p>Si la \u201cconsen\u201d del padre de la Cuarta Transformaci\u00f3n se promueve, es cierto, aun cuando ni lo necesita mientras siga en el \u00e1nimo de ya sabe qui\u00e9n.<\/p>\n<p><strong>EDOMEX MILLONARIO-.<\/strong> Si lo estrictamente pol\u00edtico es un im\u00e1n, lo econ\u00f3mico no es menos, pues manejar para 2022 un presupuesto de 326 mil millones de pesos no ser\u00e1 cosa menor.<\/p>\n<p>Se trata del presupuesto del gobierno estatal que ayer se puso en manos de la Legislatura Local para su an\u00e1lisis y dictamen, lo que suceder\u00e1 en cuando m\u00e1s tres semanas, antes de que los trabajadores diputados salgan de vacaciones que es toda la segunda quincena de diciembre.<\/p>\n<p>El sector salud, seguridad y educaci\u00f3n son los rubros que por razones obvias tienen las partidas m\u00e1s altas de acuerdo al documento que el secretario de Finanzas del gobierno estatal present\u00f3.<\/p>\n<p>Este presupuesto de 326 mil millones de pesos incluye un endeudamiento de 9,500 millones de pesos, rengl\u00f3n que ser\u00e1 objeto de an\u00e1lisis sobre todo por los diputados opositores al PRI, encabezados por los de Morena, PT y PVEM.<\/p>\n<p>Se escuchar\u00e1n muchos pros y contras, principalmente por el \u201csalario rosa\u201d.<\/p>\n<p><em><a href=\"mailto:elefa44@gmail.com\" target=\"_blank\" rel=\"noopener noreferrer\">elefa44@gmail.com<\/a><\/em><\/p>\n","protected":false},"excerpt":{"rendered":"<p><span style=\"color: #005497;\"><strong>Eleazar Flores<\/strong><\/span><\/p>\n","protected":false},"author":3,"featured_media":0,"comment_status":"open","ping_status":"open","sticky":false,"template":"","format":"standard","meta":{"_monsterinsights_skip_tracking":false,"_monsterinsights_sitenote_active":false,"_monsterinsights_sitenote_note":"","_monsterinsights_sitenote_category":0,"footnotes":""},"categories":[81743],"tags":[81744,81776,43674],"class_list":["post-527998","post","type-post","status-publish","format-standard","hentry","category-eleazar-flores","tag-eleazar-flores","tag-espacio-electoral","tag-opinion"],"_links":{"self":[{"href":"https:\/\/www.diarioimagen.net\/index.php?rest_route=\/wp\/v2\/posts\/527998","targetHints":{"allow":["GET"]}}],"collection":[{"href":"https:\/\/www.diarioimagen.net\/index.php?rest_route=\/wp\/v2\/posts"}],"about":[{"href":"https:\/\/www.diarioimagen.net\/index.php?rest_route=\/wp\/v2\/types\/post"}],"author":[{"embeddable":true,"href":"https:\/\/www.diarioimagen.net\/index.php?rest_route=\/wp\/v2\/users\/3"}],"replies":[{"embeddable":true,"href":"https:\/\/www.diarioimagen.net\/index.php?rest_route=%2Fwp%2Fv2%2Fcomments&post=527998"}],"version-history":[{"count":0,"href":"https:\/\/www.diarioimagen.net\/index.php?rest_route=\/wp\/v2\/posts\/527998\/revisions"}],"wp:attachment":[{"href":"https:\/\/www.diarioimagen.net\/index.php?rest_route=%2Fwp%2Fv2%2Fmedia&parent=527998"}],"wp:term":[{"taxonomy":"category","embeddable":true,"href":"https:\/\/www.diarioimagen.net\/index.php?rest_route=%2Fwp%2Fv2%2Fcategories&post=527998"},{"taxonomy":"post_tag","embeddable":true,"href":"https:\/\/www.diarioimagen.net\/index.php?rest_route=%2Fwp%2Fv2%2Ftags&post=527998"}],"curies":[{"name":"wp","href":"https:\/\/api.w.org\/{rel}","templated":true}]}}