{"id":528019,"date":"2021-11-23T00:09:07","date_gmt":"2021-11-23T06:09:07","guid":{"rendered":"https:\/\/www.diarioimagen.net\/?p=528019"},"modified":"2021-11-24T04:48:18","modified_gmt":"2021-11-24T10:48:18","slug":"rumbo-al-2024-la-caballada-desbocada","status":"publish","type":"post","link":"https:\/\/www.diarioimagen.net\/?p=528019","title":{"rendered":"Rumbo al 2024, la caballada desbocada"},"content":{"rendered":"<h2>Poder y dinero<\/h2>\n<h5>V\u00edctor S\u00e1nchez Ba\u00f1os<\/h5>\n<p>&nbsp;<\/p>\n<ul>\n<li><strong><em>Sheinbaum, a la vida rosa<\/em><\/strong><\/li>\n<li><strong><em>Ebrard, alianzas mundiales<\/em><\/strong><\/li>\n<li><strong><em>Monreal, amarres locales<\/em><\/strong><\/li>\n<li><strong><em>Loreta Ortiz ser\u00e1 <\/em><em>Ministra de la SCJN<\/em><\/strong><\/li>\n<li><strong><em>Long Beach<\/em><\/strong><\/li>\n<li><strong><em>Santander-becas<\/em><\/strong><\/li>\n<li><strong><em>Dante Delgado y Casta\u00f1eda<\/em><\/strong><\/li>\n<li><strong><em>IMSS, mega evento\u00a0<\/em><\/strong><\/li>\n<\/ul>\n<p>&nbsp;<\/p>\n<p style=\"text-align: right;\"><em>Ten m\u00e1s de lo que muestras; habla menos de lo que sabes<\/em><br \/>\n<strong>William Shakespeare<\/strong> (1564-1616) escritor brit\u00e1nico.<\/p>\n<p>&nbsp;<\/p>\n<p>\u00a1Qu\u00e9 sabios eran los ide\u00f3logos del PRI, al dejar hasta el final que se descubran los llamados \u201ctapados\u201d presidenciables!<\/p>\n<p>Si se descubr\u00eda qui\u00e9n era el sucesor, entonces los rivales los hacen trizas. Le exhiben sus deficiencias, sus nexos secretos, sus negocios sucios y todos los pecados que guardan en los cl\u00f3set.<\/p>\n<p>Recuerdo al due\u00f1o de un peri\u00f3dico que al contratar a un administrador, le amenaz\u00f3 que m\u00e1s valiera que hiciera su trabajo con precisi\u00f3n quir\u00fargica y lealtad. Cuando falla una de ellas, nadie aguanta una auditor\u00eda a fondo. Y, as\u00ed pasado, cuando cay\u00f3 de su gracia, lo acusaron de un desfalco, que seguramente no existi\u00f3 y lo corrieron sin un s\u00f3lo centavo de indemnizaci\u00f3n.<\/p>\n<p>En ello radica la vulnerabilidad de los candidatos a la Presidencia.<\/p>\n<p>Pero podr\u00edan acotarme y decir que desde mucho tiempo antes se \u201cdestap\u00f3\u201d L\u00f3pez Obrador a la Presidencia; lo mismo pas\u00f3 con Cuauht\u00e9moc C\u00e1rdenas.<\/p>\n<p>La respuesta es sencilla, el due\u00f1o de Morena era L\u00f3pez Obrador, ya que cuando milit\u00f3 en las filas del PRD y del PRI no lo dejaban crecer los que se hab\u00edan adue\u00f1ado de esas posiciones.<\/p>\n<p>Adem\u00e1s, ten\u00eda dos cosas que lo hac\u00edan fuerte: su propia fuente de recursos econ\u00f3micos y un capital pol\u00edtico que amas\u00f3 en los \u00faltimos 20 a\u00f1os, despu\u00e9s de su paso por el Gobierno del DF. Supo c\u00f3mo armar estrategias de control masivo y propagand\u00edstico. Sab\u00eda que quien pega por primera vez, pega dos veces y lo hizo con la posici\u00f3n de v\u00edctima que adopt\u00f3 en el triunfo que, seg\u00fan dice, le quitaron en 2006, con el ascenso de Felipe Calder\u00f3n.<\/p>\n<p>Pero eso es historia.<\/p>\n<p>Al ver a Claudia Sheinbaum, la jefa de Gobierno de la CDMX, en las portadas de revistas internacionales prestigiosas, llama la atenci\u00f3n de los puristas del an\u00e1lisis pol\u00edtico de la regi\u00f3n m\u00e1s transparente.<\/p>\n<p>\u00bfFueron portadas compradas? \u00bfClaudia se volvi\u00f3 en la candidata a la silla maldita, como la calificar\u00eda Emiliano Zapata a la silla presidencial? \u00bfDe verdad Sheinbaum es una \u201csocialista moderna\u201d? \u00bfQu\u00e9 significa ese concepto? \u00bfSer\u00e1 te\u00f3rica de la desigualdad?, o simplemente \u00bfuna leal empleada de Andr\u00e9s Manuel L\u00f3pez Obrador, de la misma manera que lo fue Luis Donaldo Colosio de Carlos Salinas?<\/p>\n<p>AMLO le dio el gobierno de la Ciudad de M\u00e9xico para que ah\u00ed amasara su capital econ\u00f3mico y pol\u00edtico para la campa\u00f1a de 2024.<\/p>\n<p>Claro que Claudia es la preferida del \u201cse\u00f1or\u201d. Ella lleva delantera ante Marcelo Ebrard y Ricardo Monreal. Sin embargo, la sobreexposici\u00f3n a la que se somete le generar\u00e1n el rechazo de muchos sectores que se aglutinan en diferentes fuerzas.<\/p>\n<p>Por el momento, al lado de Claudia est\u00e1n otros grupos que tienen el control de grupos sociales, muchos de ellos de mala fama y repulsi\u00f3n de la sociedad. Algunos pol\u00edticos creen que sumar significa agregar a los que tienen dinero para hacer pol\u00edtica, aunque cometan delitos.<\/p>\n<p>Claudia, en s\u00edntesis, est\u00e1 bajo el escrutinio escrupuloso de sus ahora enemigos pol\u00edticos.<\/p>\n<p>Pero, tambi\u00e9n la jefa de Gobierno, abre fuego contra Marcelo y Ricardo.<\/p>\n<p>El canciller est\u00e1 en el punto donde la estrategia que encabeza, la enfoca en contactos internacionales. Logr\u00f3 un \u00e9xito en la reuni\u00f3n de Biden, Trudeau y AMLO. El discurso fue el preciso a la audiencia de Washington, a diferencia del que hizo en el Consejo de Seguridad de las Naciones Unidas, que estaba totalmente fuera de lugar. Aqu\u00ed asesor\u00f3 bien a L\u00f3pez Obrador. Usa los foros internacionales para presentar aspectos de la diplomacia mexicana.<\/p>\n<p>Ambos, Claudia y Marcelo, tienen una sobreexposici\u00f3n en los medios.<\/p>\n<p>Ricardo Monreal, tambi\u00e9n hace lo mismo. Pero, con mejor presencia en medios. Sin embargo, poco a poco saca informaci\u00f3n que le conviene y posicionamientos que son vigilados por los grupos de poder y dinero en el pa\u00eds.<\/p>\n<p>Lo que es real, es que la lucha deja de lado infinidad de aspectos que eran \u201csecretos secret\u00edsimos de familia\u201d. La \u201cfamilia\u201d de la izquierda nacional, tiene muchos pecados que no caben en el cl\u00f3set. Muchos heredados de su paso por el priismo, panismo y perredismo, por el cual cruzaron.<\/p>\n<p>La apuesta lanzada por el Presidente al destapar a sus candidatos, especialmente el sobre apoyo que le da a Sheinbaum, en lugar de favorecerla, la afecta en forma notable.<\/p>\n<p>Pero, esto apenas empieza.<\/p>\n<p style=\"text-align: center;\"><strong>PODEROSOS CABALLEROS<\/strong><\/p>\n<p><strong>LORETA ORTIZ HOY SER\u00c1 MINISTRA: <\/strong>Loretta Ortiz Ahlf, ser\u00e1 ungida hoy en el Senado de la Rep\u00fablica como ministra de la Suprema Corte de Justicia, en sustituci\u00f3n, por jubilaci\u00f3n del ministro Fernando Franco Gonz\u00e1lez. La virtual nueva ministra, es una jurista, acad\u00e9mica y pol\u00edtica mexicana. Actualmente, se desempe\u00f1a como consejera de la Judicatura Federal, cargo para el que fue designada por el Pleno del Senado de la Rep\u00fablica por un per\u00edodo de 5 a\u00f1os. Hasta 2018, miembro del Movimiento Regeneraci\u00f3n Nacional y se le considera incondicional del presidente L\u00f3pez Obrador, aunque ella predique que no existe sometimiento al Ejecutivo federal.<\/p>\n<p><strong>IMSS: <\/strong>Hoy realizar\u00e1 el IMSS, que encabeza Zoe Robledo, su 112 Asamblea General a la que asistir\u00e1 el presidente L\u00f3pez Obrador, as\u00ed como gobernadores y miembros del gabinete. Ser\u00e1 la primera vez en 78 a\u00f1os, que se llevar\u00e1 a cabo en Palacio Nacional.<\/p>\n<p><strong>DANTE DELGADO RECUPERA MC: <\/strong>Dante Delgado reasumir\u00e1 el liderazgo del partido Movimiento Ciudadano y Clemente Casta\u00f1eda ser\u00e1 el coordinador de la bancada en el Senado de la Rep\u00fablica. De alguna manera le restan fuerza al grupo de Enrique Alfaro, gobernador de Jalisco, quien impuso, hizo y deshizo en ese partido, pero descuid\u00f3 la posici\u00f3n nacional. No entienden que son un partido bisagra, que puede servir para impulsar propuestas del gobierno o para bloquearlas.<\/p>\n<p><strong>MEXICALI, SATURACI\u00d3N DE PUERTOS <\/strong><strong>EN LONG BEACH: <\/strong>Las maquiladoras en Mexicali, Baja California, han reajustado sus planes de producci\u00f3n por los retrasos de la llegada de mercanc\u00eda como parte de los problemas que hay en la cadena de suministro a nivel global, derivados de la saturaci\u00f3n de los puertos en California, en especial de Long Beach. El presidente de Index Mexicali, Joaqu\u00edn Jim\u00e9nez Arriaga, mencion\u00f3 que no han suspendido operaciones, aunque s\u00ed hay reportado retrasos de hasta 24 semanas en la llegada de mercanc\u00edas de gran tama\u00f1o. Por ello, la producci\u00f3n de mercanc\u00edas en M\u00e9xico es mucho m\u00e1s tardada. Adem\u00e1s, consideran costos m\u00e1s altos de env\u00edo, lo que tambi\u00e9n han incrementado sus costos de manufactura. Se han duplicado y hasta triplicado los costos de los env\u00edos. Un drama empresarial.<\/p>\n<p style=\"text-align: center;\"><strong>RESPONSABILIDAD SOCIAL<\/strong><\/p>\n<p><strong>CORPORATIVA SANTANDER: <\/strong>Banco Santander, junto con la Universidad de Pensilvania, lanz\u00f3 1,000 Becas para potenciar el ingl\u00e9s profesional. Estas becas est\u00e1n dirigidas a mayores de 18 a\u00f1os, no nativos en lengua inglesa, nacionales o residentes de 13 pa\u00edses: M\u00e9xico, Alemania, Argentina, Brasil, Chile, Colombia, EU, Espa\u00f1a, Per\u00fa, Polonia, Portugal, Reino Unido y Uruguay, con un nivel m\u00ednimo B1 de ingl\u00e9s. Para Javier Rogl\u00e1, director global de Santander Universidades, y Jack Sullivan, director de English Language Programs de la Universidad de Pennsylvania, ofrecen estas herramientas suficientes para realizar estudios en universidades de Estados Unidos y Reino Unido. Se trata de lecciones online gratuitas que ayudar\u00e1n a los estudiantes y a los reci\u00e9n graduados a dar lo mejor de s\u00ed en el cada vez m\u00e1s competitivo mercado laboral.<\/p>\n<p>&nbsp;<\/p>\n<blockquote>\n<p style=\"text-align: right;\"><strong>Esc\u00fachame de lunes a viernes, de 21 a 22 horas,<br \/>\nen \u201cV\u00edctor S\u00e1nchez Ba\u00f1os en MVS\u201d<\/strong><\/p>\n<\/blockquote>\n<p>&nbsp;<\/p>\n<p><a href=\"https:\/\/mvsnoticias.com\/\" target=\"_blank\" rel=\"noopener noreferrer\"><em>MVSnoticias.com<\/em><\/a><br \/>\n<a href=\"http:\/\/poderydinero.mx\" target=\"_blank\" rel=\"noopener noreferrer\"><em>poderydinero.mx<\/em><\/a><em><b><br \/>\n<\/b><a href=\"mailto:vsb@poderydinero.mx\" target=\"_blank\" rel=\"noopener noreferrer\">vsb@poderydinero.mx<\/a><a href=\"mailto:vsanchezb@gmail.com\" target=\"_blank\" rel=\"noopener noreferrer\"><br \/>\n<\/a><strong>Twitter:<\/strong><a href=\"https:\/\/twitter.com\/vsanchezbanos\" target=\"_blank\" rel=\"noopener noreferrer\">@vsanchezbanos<br \/>\n<\/a><strong>Facebook: <\/strong><a href=\"https:\/\/www.facebook.com\/vsanchezbanos?fref=ts\" target=\"_blank\" rel=\"noopener noreferrer\">vsanchezbanos<\/a><\/em><\/p>\n","protected":false},"excerpt":{"rendered":"<p><span style=\"color: #005497;\"><strong>V\u00edctor S\u00e1nchez Ba\u00f1os<\/strong><\/span<\/span><\/p>\n","protected":false},"author":3,"featured_media":0,"comment_status":"open","ping_status":"open","sticky":false,"template":"","format":"standard","meta":{"_monsterinsights_skip_tracking":false,"_monsterinsights_sitenote_active":false,"_monsterinsights_sitenote_note":"","_monsterinsights_sitenote_category":0,"footnotes":""},"categories":[38844],"tags":[43674,38847,38848],"class_list":["post-528019","post","type-post","status-publish","format-standard","hentry","category-victor-sanchez-banos","tag-opinion","tag-poder-y-dinero","tag-victor-sanchez-banos"],"_links":{"self":[{"href":"https:\/\/www.diarioimagen.net\/index.php?rest_route=\/wp\/v2\/posts\/528019","targetHints":{"allow":["GET"]}}],"collection":[{"href":"https:\/\/www.diarioimagen.net\/index.php?rest_route=\/wp\/v2\/posts"}],"about":[{"href":"https:\/\/www.diarioimagen.net\/index.php?rest_route=\/wp\/v2\/types\/post"}],"author":[{"embeddable":true,"href":"https:\/\/www.diarioimagen.net\/index.php?rest_route=\/wp\/v2\/users\/3"}],"replies":[{"embeddable":true,"href":"https:\/\/www.diarioimagen.net\/index.php?rest_route=%2Fwp%2Fv2%2Fcomments&post=528019"}],"version-history":[{"count":0,"href":"https:\/\/www.diarioimagen.net\/index.php?rest_route=\/wp\/v2\/posts\/528019\/revisions"}],"wp:attachment":[{"href":"https:\/\/www.diarioimagen.net\/index.php?rest_route=%2Fwp%2Fv2%2Fmedia&parent=528019"}],"wp:term":[{"taxonomy":"category","embeddable":true,"href":"https:\/\/www.diarioimagen.net\/index.php?rest_route=%2Fwp%2Fv2%2Fcategories&post=528019"},{"taxonomy":"post_tag","embeddable":true,"href":"https:\/\/www.diarioimagen.net\/index.php?rest_route=%2Fwp%2Fv2%2Ftags&post=528019"}],"curies":[{"name":"wp","href":"https:\/\/api.w.org\/{rel}","templated":true}]}}