{"id":528257,"date":"2021-11-25T00:05:20","date_gmt":"2021-11-25T06:05:20","guid":{"rendered":"https:\/\/www.diarioimagen.net\/?p=528257"},"modified":"2021-11-26T06:10:22","modified_gmt":"2021-11-26T12:10:22","slug":"mexiquenses-contaran-con-una-universidad-integra-responsable-e-incluyente-cebd","status":"publish","type":"post","link":"https:\/\/www.diarioimagen.net\/?p=528257","title":{"rendered":"Mexiquenses contar\u00e1n con una Universidad \u00edntegra, responsable e incluyente: CEBD"},"content":{"rendered":"<p><em>\u00a0<\/em><\/p>\n<ul>\n<li><strong><em>El rector de la Universidad Aut\u00f3noma del Estado de M\u00e9xico (UAEM), Carlos Eduardo Barrera D\u00edaz, present\u00f3 el Plan General de Desarrollo 2021-2033 (PGD) y el Plan Rector de Desarrollo Institucional 2021-2025 (PRDI)<\/em><\/strong><\/li>\n<li><strong><em>Los instrumentos se alinean a la Agenda 2030 para el Desarrollo Sostenible, promovida por la Organizaci\u00f3n de las Naciones Unidas (ONU)<\/em><\/strong><\/li>\n<\/ul>\n<p>&nbsp;<\/p>\n<div id=\"attachment_528343\" style=\"width: 470px\" class=\"wp-caption aligncenter\"><a href=\"https:\/\/www.diarioimagen.net\/?attachment_id=528343\" rel=\"attachment wp-att-528343\"><img loading=\"lazy\" decoding=\"async\" aria-describedby=\"caption-attachment-528343\" class=\"size-full wp-image-528343\" src=\"https:\/\/www.diarioimagen.net\/wp-content\/uploads\/2021\/11\/u1.jpg\" alt=\"\" width=\"460\" height=\"270\" \/><\/a><p id=\"caption-attachment-528343\" class=\"wp-caption-text\">El rector de la UAEM, Carlos Eduardo Barrera D\u00edaz, subray\u00f3 que se tiene previsto entregar m\u00e1s de 50 mil becas.<\/p><\/div>\n<p>&nbsp;<\/p>\n<p><strong>Toluca, Estado de M\u00e9xico.- <\/strong>Como instituci\u00f3n p\u00fablica, la Universidad Aut\u00f3noma del Estado de M\u00e9xico (UAEM) tiene el reto de ser sostenible, incluyente y promover la igualdad de g\u00e9nero, sostuvo el rector Carlos Eduardo Barrera D\u00edaz, al presentar el Plan General de Desarrollo 2021-2033 (PGD) y el Plan Rector de Desarrollo Institucional 2021-2025 (PRDI).<\/p>\n<p>En el auditorio \u201cIng. Jos\u00e9 Yurrieta Vald\u00e9s\u201d del Edificio Administrativo, indic\u00f3 que ambos planes son producto de las ideas, aportes y reflexiones de la comunidad universitaria para construir una universidad responsable con el mundo, la sociedad y consigo misma.<\/p>\n<p>Barrera D\u00edaz destac\u00f3 que ambos instrumentos se alinean a la Agenda 2030 para el Desarrollo Sostenible, promovida por la Organizaci\u00f3n de las Naciones Unidas (ONU).<\/p>\n<p>Detall\u00f3 que en el PRDI se construyeron 15 ejes tem\u00e1ticos, 17 proyectos y 481 metas que regir\u00e1n la Administraci\u00f3n 2021-2025 de la UAEM, en los cuales se tomaron en cuenta las tendencias nacionales y extranjeras en materia de educaci\u00f3n media superior y superior.<\/p>\n<p>El rector Carlos Eduardo Barrera refiri\u00f3 que entre sus objetivos se encuentra incrementar la matr\u00edcula de la instituci\u00f3n, as\u00ed como consolidar planes educativos en las modalidades escolarizada y mixta.<\/p>\n<p>&nbsp;<\/p>\n<div id=\"attachment_528344\" style=\"width: 470px\" class=\"wp-caption aligncenter\"><a href=\"https:\/\/www.diarioimagen.net\/?attachment_id=528344\" rel=\"attachment wp-att-528344\"><img loading=\"lazy\" decoding=\"async\" aria-describedby=\"caption-attachment-528344\" class=\"size-full wp-image-528344\" src=\"https:\/\/www.diarioimagen.net\/wp-content\/uploads\/2021\/11\/u4.jpg\" alt=\"\" width=\"460\" height=\"307\" \/><\/a><p id=\"caption-attachment-528344\" class=\"wp-caption-text\">A este evento asistieron el director del Consejo Mexiquense de Ciencia y Tecnolog\u00eda (Comecyt), Bernardo Jorge Almaraz Calder\u00f3n, as\u00ed como la directora general de Educaci\u00f3n Superior Universitaria e Intercultural (DGESUI) de la Secretar\u00eda de Educaci\u00f3n P\u00fablica (SEP), Carmen Enedina Rodr\u00edguez Armenta, el consejero de la judicatura de la entidad, Enrique V\u00edctor Manuel Vega G\u00f3mez, el secretario t\u00e9cnico de la Comisi\u00f3n de Cultura, Ciencia y Tecnolog\u00eda de la LXI Legislatura del Estado de M\u00e9xico, Jaime Baena P\u00e9rez y la subsecretaria de Educaci\u00f3n Superior y Normal del gobierno de la entidad, Maribel G\u00f3ngora Espinosa.<\/p><\/div>\n<p>&nbsp;<\/p>\n<p>En materia de investigaci\u00f3n, dijo, se busca que 40 por ciento de profesores de tiempo completo formen parte del Sistema Nacional de Investigadores (SNI) del Consejo Nacional de Ciencia y Tecnolog\u00eda (Conacyt) y se incorporen dos nuevos laboratorios nacionales y uno internacional.<\/p>\n<p>Asimismo, subray\u00f3 que se tiene previsto entregar m\u00e1s de 50 mil becas, generar un gobierno universitario participativo, finanzas efectivas, planeaci\u00f3n participativa, un marco jur\u00eddico \u00edntegro, moderno y equilibrado y acceso a la informaci\u00f3n universitaria.<\/p>\n<p>Por otro lado, apunt\u00f3 que el PGD es un instrumento de planeaci\u00f3n con visi\u00f3n al a\u00f1o 2033 y que est\u00e1 basado en 14 l\u00edneas de desarrollo institucional que estructuran las metas para cada a\u00f1o de gesti\u00f3n.<\/p>\n<p>\u201cEl cumplimiento de estos planes depende del compromiso de los universitarios, de las condiciones pol\u00edticas, econ\u00f3micas y sociales del entorno y de nuestra capacidad de liderazgo para superar las adversidades. Confiamos en que esta tarea ser\u00e1 asumida con responsabilidad, compromiso y entusiasmo y habr\u00e1 de rendir los frutos esperados en beneficio de la sociedad mexiquense\u201d.<\/p>\n<p>El secretario de Planeaci\u00f3n y Desarrollo Institucional, Jos\u00e9 Raymundo Marcial Romero, expres\u00f3 que con el PRDI y el PGD, la UAEM avanzar\u00e1 sustancialmente en la igualdad de g\u00e9nero, acreditar\u00e1 su prestigio e incidir\u00e1 en el desarrollo sostenible.<\/p>\n<p>Se determin\u00f3, dijo, que la integridad y la inclusi\u00f3n sean los ejes de la Administraci\u00f3n 2021-2025, ya que implican trabajar bajo los principios de \u00e9tica p\u00fablica e incorporaci\u00f3n sustantiva de todos los sectores que conforman la UAEM.<\/p>\n<p>Cabe destacar que a este evento asistieron el director del Consejo Mexiquense de Ciencia y Tecnolog\u00eda (Comecyt), Bernardo Jorge Almaraz Calder\u00f3n, as\u00ed como la directora general de Educaci\u00f3n Superior Universitaria e Intercultural (DGESUI) de la Secretar\u00eda de Educaci\u00f3n P\u00fablica (SEP), Carmen Enedina Rodr\u00edguez Armenta.<\/p>\n<p>Tambi\u00e9n acudieron el consejero de la judicatura de la entidad, Enrique V\u00edctor Manuel Vega G\u00f3mez, el secretario t\u00e9cnico de la Comisi\u00f3n de Cultura, Ciencia y Tecnolog\u00eda de la LXI Legislatura del Estado de M\u00e9xico, Jaime Baena P\u00e9rez y la subsecretaria de Educaci\u00f3n Superior y Normal del gobierno de la entidad, Maribel G\u00f3ngora Espinosa.<\/p>\n<p>&nbsp;<\/p>\n<div id=\"attachment_528345\" style=\"width: 470px\" class=\"wp-caption aligncenter\"><a href=\"https:\/\/www.diarioimagen.net\/?attachment_id=528345\" rel=\"attachment wp-att-528345\"><img loading=\"lazy\" decoding=\"async\" aria-describedby=\"caption-attachment-528345\" class=\"size-full wp-image-528345\" src=\"https:\/\/www.diarioimagen.net\/wp-content\/uploads\/2021\/11\/u5.jpg\" alt=\"\" width=\"460\" height=\"307\" \/><\/a><p id=\"caption-attachment-528345\" class=\"wp-caption-text\">El PGD es un instrumento de planeaci\u00f3n con visi\u00f3n al a\u00f1o 2033 y que est\u00e1 basado en 14 l\u00edneas de desarrollo institucional que estructuran las metas para cada a\u00f1o de gesti\u00f3n, apunt\u00f3 el rector Barrera D\u00edaz.<\/p><\/div>\n","protected":false},"excerpt":{"rendered":"<p>Como instituci\u00f3n p\u00fablica, la Universidad Aut\u00f3noma del Estado de M\u00e9xico (UAEM) tiene el reto de ser sostenible, incluyente y promover la igualdad de g\u00e9nero, sostuvo el rector Carlos Eduardo Barrera D\u00edaz, al presentar el Plan General de Desarrollo 2021-2033 (PGD) y el Plan Rector de Desarrollo Institucional 2021-2025 (PRDI).<\/p>\n","protected":false},"author":3,"featured_media":528346,"comment_status":"open","ping_status":"open","sticky":false,"template":"","format":"standard","meta":{"_monsterinsights_skip_tracking":false,"_monsterinsights_sitenote_active":false,"_monsterinsights_sitenote_note":"","_monsterinsights_sitenote_category":0,"footnotes":""},"categories":[5],"tags":[94121,43675,50480,452],"class_list":["post-528257","post","type-post","status-publish","format-standard","has-post-thumbnail","hentry","category-estado-de-mexico","tag-cebd","tag-estado-de-mexico","tag-incluyente","tag-toluca"],"_links":{"self":[{"href":"https:\/\/www.diarioimagen.net\/index.php?rest_route=\/wp\/v2\/posts\/528257","targetHints":{"allow":["GET"]}}],"collection":[{"href":"https:\/\/www.diarioimagen.net\/index.php?rest_route=\/wp\/v2\/posts"}],"about":[{"href":"https:\/\/www.diarioimagen.net\/index.php?rest_route=\/wp\/v2\/types\/post"}],"author":[{"embeddable":true,"href":"https:\/\/www.diarioimagen.net\/index.php?rest_route=\/wp\/v2\/users\/3"}],"replies":[{"embeddable":true,"href":"https:\/\/www.diarioimagen.net\/index.php?rest_route=%2Fwp%2Fv2%2Fcomments&post=528257"}],"version-history":[{"count":0,"href":"https:\/\/www.diarioimagen.net\/index.php?rest_route=\/wp\/v2\/posts\/528257\/revisions"}],"wp:featuredmedia":[{"embeddable":true,"href":"https:\/\/www.diarioimagen.net\/index.php?rest_route=\/wp\/v2\/media\/528346"}],"wp:attachment":[{"href":"https:\/\/www.diarioimagen.net\/index.php?rest_route=%2Fwp%2Fv2%2Fmedia&parent=528257"}],"wp:term":[{"taxonomy":"category","embeddable":true,"href":"https:\/\/www.diarioimagen.net\/index.php?rest_route=%2Fwp%2Fv2%2Fcategories&post=528257"},{"taxonomy":"post_tag","embeddable":true,"href":"https:\/\/www.diarioimagen.net\/index.php?rest_route=%2Fwp%2Fv2%2Ftags&post=528257"}],"curies":[{"name":"wp","href":"https:\/\/api.w.org\/{rel}","templated":true}]}}