{"id":528259,"date":"2021-11-25T00:04:12","date_gmt":"2021-11-25T06:04:12","guid":{"rendered":"https:\/\/www.diarioimagen.net\/?p=528259"},"modified":"2021-11-25T06:45:40","modified_gmt":"2021-11-25T12:45:40","slug":"policia-de-genero-de-tlalnepantla-brinda-apoyo-a-las-mujeres-victimas-de-violencia","status":"publish","type":"post","link":"https:\/\/www.diarioimagen.net\/?p=528259","title":{"rendered":"Polic\u00eda de G\u00e9nero de Tlalnepantla brinda apoyo a las mujeres v\u00edctimas de violencia"},"content":{"rendered":"<p>&nbsp;<\/p>\n<ul>\n<li><strong><em>Destacan acciones de sus integrantes<\/em><\/strong><\/li>\n<\/ul>\n<p>&nbsp;<\/p>\n<div id=\"attachment_528377\" style=\"width: 470px\" class=\"wp-caption aligncenter\"><a href=\"https:\/\/www.diarioimagen.net\/?attachment_id=528377\" rel=\"attachment wp-att-528377\"><img loading=\"lazy\" decoding=\"async\" aria-describedby=\"caption-attachment-528377\" class=\"wp-image-528377 size-full\" src=\"https:\/\/www.diarioimagen.net\/wp-content\/uploads\/2021\/11\/tlalnepantla-17.jpg\" alt=\"\" width=\"460\" height=\"270\" \/><\/a><p id=\"caption-attachment-528377\" class=\"wp-caption-text\">Destacan las acciones de integrantes de la Polic\u00eda de G\u00e9nero Tlalnepantla, en\u00a0 apoyo a mujeres v\u00edctimas de violencia.<\/p><\/div>\n<p>&nbsp;<\/p>\n<p><strong>Tlalnepantla, Estado de M\u00e9xico.\u2014<\/strong> Elementos de la Polic\u00eda de G\u00e9nero de Tlalnepantla brindaron asesor\u00eda a dos mujeres v\u00edctimas de violencia, adem\u00e1s la c\u00e9lula especializada en la b\u00fasqueda de personas reintegr\u00f3 con su familia a una ciudadana de 23 a\u00f1os que se ausent\u00f3 de su domicilio.<\/p>\n<p>Los integrantes de la Comisar\u00eda General de Seguridad P\u00fablica asesoraron en el pueblo San Pablo Xalpa a una mujer de 26 a\u00f1os, v\u00edctima de violencia f\u00edsica, psicol\u00f3gica y econ\u00f3mica por parte de su ex pareja sentimental. Tambi\u00e9n dieron atenci\u00f3n a una ciudadana de 31 a\u00f1os de Tlalnepantla Centro, debido a que un vecino la agredi\u00f3 f\u00edsica y psicol\u00f3gicamente.<\/p>\n<p>Ambas personas decidieron presentar sus denuncias posteriormente, recibieron los n\u00fameros telef\u00f3nicos de los integrantes de la C\u00e9lula de G\u00e9nero y del centro de \u00a0emergencia, en caso de requerirlos.<\/p>\n<p>En otras acciones, elementos de la C\u00e9lula de B\u00fasqueda Inmediata de Personas Desaparecidas, No Localizadas, Extraviadas y\/o Ausentes reintegraron a su hogar a una residente de la colonia L\u00e1zaro C\u00e1rdenas Tercera Secci\u00f3n. La mujer de 23 a\u00f1os fue localizada en Lomas de Valle Dorado, param\u00e9dicos de Protecci\u00f3n Civil municipal le realizaron una revisi\u00f3n y posteriormente fue conducida con su padre.<\/p>\n","protected":false},"excerpt":{"rendered":"<p>Elementos de la Polic\u00eda de G\u00e9nero de Tlalnepantla brindaron asesor\u00eda a dos mujeres v\u00edctimas de violencia, adem\u00e1s la c\u00e9lula especializada en la b\u00fasqueda de personas reintegr\u00f3 con su familia a una ciudadana de 23 a\u00f1os que se ausent\u00f3 de su domicilio.<\/p>\n","protected":false},"author":3,"featured_media":528377,"comment_status":"open","ping_status":"open","sticky":false,"template":"","format":"standard","meta":{"_monsterinsights_skip_tracking":false,"_monsterinsights_sitenote_active":false,"_monsterinsights_sitenote_note":"","_monsterinsights_sitenote_category":0,"footnotes":""},"categories":[5],"tags":[43675,79890,169,93196],"class_list":["post-528259","post","type-post","status-publish","format-standard","has-post-thumbnail","hentry","category-estado-de-mexico","tag-estado-de-mexico","tag-policia-de-genero","tag-tlalnepantla","tag-victimas-de-violencia"],"_links":{"self":[{"href":"https:\/\/www.diarioimagen.net\/index.php?rest_route=\/wp\/v2\/posts\/528259","targetHints":{"allow":["GET"]}}],"collection":[{"href":"https:\/\/www.diarioimagen.net\/index.php?rest_route=\/wp\/v2\/posts"}],"about":[{"href":"https:\/\/www.diarioimagen.net\/index.php?rest_route=\/wp\/v2\/types\/post"}],"author":[{"embeddable":true,"href":"https:\/\/www.diarioimagen.net\/index.php?rest_route=\/wp\/v2\/users\/3"}],"replies":[{"embeddable":true,"href":"https:\/\/www.diarioimagen.net\/index.php?rest_route=%2Fwp%2Fv2%2Fcomments&post=528259"}],"version-history":[{"count":0,"href":"https:\/\/www.diarioimagen.net\/index.php?rest_route=\/wp\/v2\/posts\/528259\/revisions"}],"wp:featuredmedia":[{"embeddable":true,"href":"https:\/\/www.diarioimagen.net\/index.php?rest_route=\/wp\/v2\/media\/528377"}],"wp:attachment":[{"href":"https:\/\/www.diarioimagen.net\/index.php?rest_route=%2Fwp%2Fv2%2Fmedia&parent=528259"}],"wp:term":[{"taxonomy":"category","embeddable":true,"href":"https:\/\/www.diarioimagen.net\/index.php?rest_route=%2Fwp%2Fv2%2Fcategories&post=528259"},{"taxonomy":"post_tag","embeddable":true,"href":"https:\/\/www.diarioimagen.net\/index.php?rest_route=%2Fwp%2Fv2%2Ftags&post=528259"}],"curies":[{"name":"wp","href":"https:\/\/api.w.org\/{rel}","templated":true}]}}