{"id":528261,"date":"2021-11-25T00:03:59","date_gmt":"2021-11-25T06:03:59","guid":{"rendered":"https:\/\/www.diarioimagen.net\/?p=528261"},"modified":"2021-11-25T06:46:39","modified_gmt":"2021-11-25T12:46:39","slug":"realiza-el-ayuntamiento-de-cuautitlan-izcalli-segunda-feria-de-las-bibliotecas","status":"publish","type":"post","link":"https:\/\/www.diarioimagen.net\/?p=528261","title":{"rendered":"Realiza el ayuntamiento de Cuautitl\u00e1n Izcalli\u00a0Segunda Feria de las Bibliotecas"},"content":{"rendered":"<p>&nbsp;<\/p>\n<ul>\n<li><strong><em>Con el objetivo de difundir la lectura<\/em><\/strong><\/li>\n<\/ul>\n<p>&nbsp;<\/p>\n<div id=\"attachment_528381\" style=\"width: 470px\" class=\"wp-caption aligncenter\"><a href=\"https:\/\/www.diarioimagen.net\/?attachment_id=528381\" rel=\"attachment wp-att-528381\"><img loading=\"lazy\" decoding=\"async\" aria-describedby=\"caption-attachment-528381\" class=\"size-full wp-image-528381\" src=\"https:\/\/www.diarioimagen.net\/wp-content\/uploads\/2021\/11\/izcalli-5.jpg\" alt=\"\" width=\"460\" height=\"346\" \/><\/a><p id=\"caption-attachment-528381\" class=\"wp-caption-text\">Se llev\u00f3 a cabo la Feria de las Bibliotecas, que congreg\u00f3 a las ahora 15 bibliotecas que se encuentran dentro de Cuautitl\u00e1n Izcalli.<\/p><\/div>\n<p>&nbsp;<\/p>\n<p><strong>Cuautitl\u00e1n Izcalli, Estado de M\u00e9xico.\u2013<\/strong> Por segunda ocasi\u00f3n, a trav\u00e9s de la Direcci\u00f3n de Educaci\u00f3n, se llev\u00f3 a cabo la Feria de las Bibliotecas, que congreg\u00f3 a las ahora 15 bibliotecas que se encuentran dentro del municipio con el objetivo de difundir la lectura, as\u00ed como las distintas actividades que cada una ofrece.<\/p>\n<p>Cada stand que se instal\u00f3 dentro del \u00c1gora CEIS (Centro de Intercambio de Saberes) ubicado en Santa Mar\u00eda Guadalupe Las Torres, adem\u00e1s de mostrar las distintas actividades como manualidades, tertulias, teatro gui\u00f1ol, cursos de INEA y computaci\u00f3n, entre otros; regalaron decenas de libros a todas las personas que as\u00ed lo solicitaran.<\/p>\n<p>El presidente Municipal, Ricardo N\u00fa\u00f1ez Ayala, agradeci\u00f3 el esfuerzo de todos los que se comprometen, especialmente con la ni\u00f1ez y juventud, a difundir la lectura e invit\u00f3 a la ciudadan\u00eda de todas las edades a abrir un libro y hacer a un lado por un momento celulares, videojuegos, televisi\u00f3n, etc. En el mismo sentido, el coordinador regional de Bibliotecas Zona II del gobierno del Estado de M\u00e9xico, Ernesto Hern\u00e1ndez Garc\u00eda, coment\u00f3 que las bibliotecas crecen al unirse con la tecnolog\u00eda a trav\u00e9s de internet, equipos de c\u00f3mputo y proporcionar servicios digitales.<\/p>\n<p>Agreg\u00f3 que durante la pandemia se trabaj\u00f3 en capacitar al personal bibliotecario con el objetivo de eliminar el paradigma que sostiene que las bibliotecas son obsoletas, \u201cuna biblioteca se vuelve obsoleta, en cuanto un bibliotecario se vuelve obsoleto\u201d.<\/p>\n<p>Finalmente, tras la inauguraci\u00f3n, la Feria de las Bibliotecas present\u00f3 cuentacuentos, talleres de manualidades, un programa art\u00edstico musical y la participaci\u00f3n del escritor Mario Mungu\u00eda \u00c1vila, quien realiz\u00f3 una conferencia sobre su obra de teatro \u201c1910, a cien a\u00f1os\u201d, que aborda el conflicto pol\u00edtico y militar de la Revoluci\u00f3n Mexicana.<\/p>\n","protected":false},"excerpt":{"rendered":"<p>Por segunda ocasi\u00f3n, a trav\u00e9s de la Direcci\u00f3n de Educaci\u00f3n, se llev\u00f3 a cabo la Feria de las Bibliotecas, que congreg\u00f3 a las ahora 15 bibliotecas que se encuentran dentro del municipio con el objetivo de difundir la lectura, as\u00ed como las distintas actividades que cada una ofrece.<\/p>\n","protected":false},"author":3,"featured_media":528381,"comment_status":"open","ping_status":"open","sticky":false,"template":"","format":"standard","meta":{"_monsterinsights_skip_tracking":false,"_monsterinsights_sitenote_active":false,"_monsterinsights_sitenote_note":"","_monsterinsights_sitenote_category":0,"footnotes":""},"categories":[5],"tags":[971,43675,94122],"class_list":["post-528261","post","type-post","status-publish","format-standard","has-post-thumbnail","hentry","category-estado-de-mexico","tag-cuautitlan-izcalli","tag-estado-de-mexico","tag-feria-de-las-bibliotecas"],"_links":{"self":[{"href":"https:\/\/www.diarioimagen.net\/index.php?rest_route=\/wp\/v2\/posts\/528261","targetHints":{"allow":["GET"]}}],"collection":[{"href":"https:\/\/www.diarioimagen.net\/index.php?rest_route=\/wp\/v2\/posts"}],"about":[{"href":"https:\/\/www.diarioimagen.net\/index.php?rest_route=\/wp\/v2\/types\/post"}],"author":[{"embeddable":true,"href":"https:\/\/www.diarioimagen.net\/index.php?rest_route=\/wp\/v2\/users\/3"}],"replies":[{"embeddable":true,"href":"https:\/\/www.diarioimagen.net\/index.php?rest_route=%2Fwp%2Fv2%2Fcomments&post=528261"}],"version-history":[{"count":0,"href":"https:\/\/www.diarioimagen.net\/index.php?rest_route=\/wp\/v2\/posts\/528261\/revisions"}],"wp:featuredmedia":[{"embeddable":true,"href":"https:\/\/www.diarioimagen.net\/index.php?rest_route=\/wp\/v2\/media\/528381"}],"wp:attachment":[{"href":"https:\/\/www.diarioimagen.net\/index.php?rest_route=%2Fwp%2Fv2%2Fmedia&parent=528261"}],"wp:term":[{"taxonomy":"category","embeddable":true,"href":"https:\/\/www.diarioimagen.net\/index.php?rest_route=%2Fwp%2Fv2%2Fcategories&post=528261"},{"taxonomy":"post_tag","embeddable":true,"href":"https:\/\/www.diarioimagen.net\/index.php?rest_route=%2Fwp%2Fv2%2Ftags&post=528261"}],"curies":[{"name":"wp","href":"https:\/\/api.w.org\/{rel}","templated":true}]}}