{"id":528293,"date":"2021-11-25T00:03:19","date_gmt":"2021-11-25T06:03:19","guid":{"rendered":"https:\/\/www.diarioimagen.net\/?p=528293"},"modified":"2021-11-25T04:49:45","modified_gmt":"2021-11-25T10:49:45","slug":"aval-presidencial-a-discurso-militar","status":"publish","type":"post","link":"https:\/\/www.diarioimagen.net\/?p=528293","title":{"rendered":"Aval presidencial a discurso militar"},"content":{"rendered":"<h2>Espacio Electoral<\/h2>\n<h5>Eleazar Flores<\/h5>\n<p>&nbsp;<\/p>\n<p><strong>NO SE HAGAN BOLAS-.<\/strong> Toda la intenci\u00f3n, al inicio de escribir, era tocar el tema del famoso \u201cdecretazo\u201d presidencial por medio del cual el padre de la Cuarta Transformaci\u00f3n tendr\u00e1 cheque en blanco para otorgar obras y recursos a proveedores que desee sin licitaci\u00f3n alguna.<\/p>\n<p>Lo har\u00e1 \u2014de no obtener amparo de dependencias y particulares opositores al \u201cdecretazo\u201d\u2014, a partir del mes de diciembre\u2026 pero imposible ignorar el discurso militar del 111 aniversario de la Revoluci\u00f3n Mexicana, as\u00ed que ah\u00ed va.<\/p>\n<p><strong>DISCURSOS-.<\/strong> Para quienes han estado dentro de cualquier aparato de gobierno, federal, estatal e incluso municipal en cabeceras importantes, el servidor p\u00fablico que recibe la encomienda de hablar \u201ca nombre de la autoridad superior\u201d, l\u00e9ase Presidente de la Rep\u00fablica, gobernador del estado o presidente municipal, por cortes\u00eda y urbanidad pol\u00edtica env\u00eda antes el contenido del discurso a su superior.<\/p>\n<p>Esto\u00a0 es regla de oro no escrita, pero fielmente observada por el orador, incluso si es muy cuidadoso y prevenido lo env\u00eda uno o dos d\u00edas antes por si \u201cel jefe\u201d sugiere algunos cambios para subrayar m\u00e1s en este tema o de plano eliminar tal o cual p\u00e1rrafo, por as\u00ed convenir a los intereses superiores,\u00a0 trat\u00e1ndose de personas pero casi siempre s\u00f3lo queda en instituciones.<\/p>\n<p>Quien lo niegue ha de pensar que le creemos, como creemos a pie juntillas cuando nos dicen que \u201cya no es como antes\u201d, que hay suficientes medicinas, que ha mejorado la seguridad y los \u00edndices de violencia y p\u00e9rdida de vidas van a la baja.<\/p>\n<p>Hace poco tiempo, con motivo de una fecha importante de la Marina Armada de M\u00e9xico, el secretario de la misma, Jos\u00e9 Rafael Ojeda Dur\u00e1n, dijo entre otras cosas que en M\u00e9xico hab\u00eda muy malos pol\u00edticos y que los marinos por tierra y\u00a0 mar hac\u00edan su mejor esfuerzo por servir al pa\u00eds de la mejor manera posible, palabras m\u00e1s palabras menos.<\/p>\n<p>Ahora levant\u00f3 \u00e1mpula el discurso del secretario de la Defensa Nacional, Luis Cresencio Sandoval Gonz\u00e1lez, pronunciado apenas el pasado 20 del mes en curso, con motivo del 111 aniversario de la Revoluci\u00f3n Mexicana, por declarar abierto apoyo al actual gobierno, al recordar las tres transformaciones anteriores que tambi\u00e9n fueron apoyadas \u00b4por las fuerzas armadas.<\/p>\n<p>Volviendo al discurso presidencial del pasado 20 de noviembre, coincidi\u00f3 con las decenas de reconocimientos y ascensos que el Presidente de la Rep\u00fablica dio personalmente a los uniformados-as, marinos-as y militares, empezando por los titulares de ambas dependencias.<\/p>\n<p>A\u00fan sin haberse pronunciado el discurso en esa partitura, de todos modos ya tenemos marinos y militares por doquier y pronto hasta los veremos recorriendo el pa\u00eds repartiendo medicinas -como\u00a0 Sabritas o Coca-Cola-. Con tal de que lleguen, adelante.<\/p>\n<p><em><a href=\"mailto:elefa44@gmail.com\" target=\"_blank\" rel=\"noopener noreferrer\">elefa44@gmail.com<\/a><\/em><\/p>\n","protected":false},"excerpt":{"rendered":"<p><span style=\"color: #005497;\"><strong>Eleazar Flores<\/strong><\/span><\/p>\n","protected":false},"author":3,"featured_media":0,"comment_status":"open","ping_status":"open","sticky":false,"template":"","format":"standard","meta":{"_monsterinsights_skip_tracking":false,"_monsterinsights_sitenote_active":false,"_monsterinsights_sitenote_note":"","_monsterinsights_sitenote_category":0,"footnotes":""},"categories":[81743],"tags":[81744,81776,43674],"class_list":["post-528293","post","type-post","status-publish","format-standard","hentry","category-eleazar-flores","tag-eleazar-flores","tag-espacio-electoral","tag-opinion"],"_links":{"self":[{"href":"https:\/\/www.diarioimagen.net\/index.php?rest_route=\/wp\/v2\/posts\/528293","targetHints":{"allow":["GET"]}}],"collection":[{"href":"https:\/\/www.diarioimagen.net\/index.php?rest_route=\/wp\/v2\/posts"}],"about":[{"href":"https:\/\/www.diarioimagen.net\/index.php?rest_route=\/wp\/v2\/types\/post"}],"author":[{"embeddable":true,"href":"https:\/\/www.diarioimagen.net\/index.php?rest_route=\/wp\/v2\/users\/3"}],"replies":[{"embeddable":true,"href":"https:\/\/www.diarioimagen.net\/index.php?rest_route=%2Fwp%2Fv2%2Fcomments&post=528293"}],"version-history":[{"count":0,"href":"https:\/\/www.diarioimagen.net\/index.php?rest_route=\/wp\/v2\/posts\/528293\/revisions"}],"wp:attachment":[{"href":"https:\/\/www.diarioimagen.net\/index.php?rest_route=%2Fwp%2Fv2%2Fmedia&parent=528293"}],"wp:term":[{"taxonomy":"category","embeddable":true,"href":"https:\/\/www.diarioimagen.net\/index.php?rest_route=%2Fwp%2Fv2%2Fcategories&post=528293"},{"taxonomy":"post_tag","embeddable":true,"href":"https:\/\/www.diarioimagen.net\/index.php?rest_route=%2Fwp%2Fv2%2Ftags&post=528293"}],"curies":[{"name":"wp","href":"https:\/\/api.w.org\/{rel}","templated":true}]}}