{"id":528311,"date":"2021-11-25T00:08:47","date_gmt":"2021-11-25T06:08:47","guid":{"rendered":"https:\/\/www.diarioimagen.net\/?p=528311"},"modified":"2021-11-25T05:06:41","modified_gmt":"2021-11-25T11:06:41","slug":"inflacion-se-sale-de-control-victoria-podra-contenerla","status":"publish","type":"post","link":"https:\/\/www.diarioimagen.net\/?p=528311","title":{"rendered":"Inflaci\u00f3n se sale de control; \u00bfVictoria podr\u00e1 contenerla?"},"content":{"rendered":"<h2>Poder y dinero<\/h2>\n<h5>V\u00edctor S\u00e1nchez Ba\u00f1os<\/h5>\n<p><em>\u00a0<\/em><\/p>\n<ul>\n<li><strong><em>Encarecen hasta 110% alimentos<\/em><\/strong><\/li>\n<li><strong><em>Pol\u00edtica monetaria en riesgo<\/em><\/strong><\/li>\n<li><strong><em>Pobres ahora piden fiado a tienditas<\/em><\/strong><\/li>\n<li><strong><em>No hay plan de contenci\u00f3n<\/em><\/strong><\/li>\n<li><strong><em>Salarios deben aumentar el 30%<\/em><\/strong><\/li>\n<li><strong><em>Enrique de la Madrid<\/em><\/strong><\/li>\n<li><strong><em>Aras Business<\/em><\/strong><\/li>\n<li><strong><em>Grupo Modelo<\/em><\/strong><\/li>\n<\/ul>\n<p>&nbsp;<\/p>\n<p style=\"text-align: right;\"><em>Los trabajadores seguimos siendo <\/em><em>el pariente pobre de la democracia<br \/>\n<\/em><strong>Marcelino Camacho<\/strong> (1918-2010) Sindicalista y pol\u00edtico espa\u00f1ol<\/p>\n<p><em>\u00a0<\/em><\/p>\n<p>El impuesto para los pobres es la inflaci\u00f3n, me coment\u00f3 Jimena Carretero, quien me dio clase en la especializaci\u00f3n sobre Instituciones Administrativas de Finanzas P\u00fablicas, en la FES Acatl\u00e1n a mediados de los 80. Y cu\u00e1nta raz\u00f3n ten\u00eda.<\/p>\n<p>Esto te lo platico en los momentos en que el presidente L\u00f3pez Obrador propone a Victoria Rodr\u00edguez Ceja, actual subsecretaria de Egresos de Hacienda, como gobernadora del Banco de M\u00e9xico.<\/p>\n<p>Hay dos conceptos diferentes en la econom\u00eda, que en algunos momentos se contraponen: el gasto (como el que sabe hacer muy bien que hasta salv\u00f3 a la patria de una crisis, como dijo AMLO) y el control monetario. A m\u00e1s gasto, m\u00e1s inflaci\u00f3n y la obligaci\u00f3n de Banxico es contener la inflaci\u00f3n.<\/p>\n<p>Aunque empezaba a equilibrarse la econom\u00eda, los estragos de la inflaci\u00f3n sobre la econom\u00eda de los mexicanos los arrastramos a trav\u00e9s de la historia. Y, los culpables ten\u00edan nombre y apellido: Luis Echeverr\u00eda y Jos\u00e9 L\u00f3pez Portillo. A medio siglo de esa crisis y los mexicanos no nos recuperamos.<\/p>\n<p>Saco este breviario anecd\u00f3tico, debido a que los precios de mercanc\u00edas y servicios, se est\u00e1n incrementando con rapidez, mientras el salario queda estancado. Para el a\u00f1o pr\u00f3ximo ser\u00eda necesario un aumento en las percepciones de un 20% para recuperar y ganar un poquito terreno al poder adquisitivo.<\/p>\n<p>Por ello, es fundamental contener el gasto p\u00fablico. Los afanes de la actual administraci\u00f3n para gastar en d\u00e1divas para mantener el poder es un detonante inflacionario. Aumentar el salario, como demostr\u00f3 AMLO, no provoca inflaci\u00f3n y, por el contrario, reactiva el mercado interno.<\/p>\n<p>La verdad, en la breve investigaci\u00f3n que pude hacer en el transcurso del d\u00eda de ayer, no encontr\u00e9 la manera como Victoria podr\u00eda lograr la contenci\u00f3n del crecimiento de precios en los productos que son vitales para todos. Pobres y ricos.<\/p>\n<p>Echemos un vistazo:<\/p>\n<p>Los precios de tortilla, huevo, frijol, pollo y jitomate, alimentos que m\u00e1s consumimos los mexicanos, han crecido hasta el 44% en sus precios durante los primeros 10 meses de este a\u00f1o.<\/p>\n<p>En algunas entidades, se tienen datos que esto se da como consecuencia de una combinaci\u00f3n de factores como sequ\u00edas, la especulaci\u00f3n, la sobredemanda y baja producci\u00f3n.<\/p>\n<p>El costo de la canasta alimentaria, la cual comprende productos considerados de primera necesidad para un hogar encareci\u00f3 un 8% en octubre de acuerdo al \u00cdndice Nacional de Precios al Consumidor.<\/p>\n<p>Por ejemplo, la calabaza pas\u00f3 de 22 pesos el kilo a 25; el jitomate saladet de 23 pesos el kilo, se dispar\u00f3 hasta 90 pesos; el tomate verde de 17.50 pesos el kilo lleg\u00f3 a 25 pesos y el chile serrano de 34 pesos el kilo se cotiza en 49.<\/p>\n<p>Pero vamos por otros productos. La leche creci\u00f3 de 17 a 28 pesos; el aceite comestible mixto de 27 pesos, ahora se vende en 39 pesos; la harina de trigo pas\u00f3 de 12 a 15 pesos el kilo.<\/p>\n<p>El huevo merece un an\u00e1lisis especial. En tienda de autoservicio, el kilo se vende en 70 pesos. En las distribuidoras al mayoreo en 35.50 pesos por kilo. Las principales distribuidoras de huevo, como Bachoco, Calvario, San Juan y otras, mantienen elevado el precio del producto que se dispara casi un 100%, si se vende a granel o en empaques de cart\u00f3n huevero.<\/p>\n<p>El producto m\u00e1s afectado fue la tortilla al alcanzar la cifra de 27 pesos por kilo en algunos lugares.<\/p>\n<p>El aguacate es una de las frutas que m\u00e1s increment\u00f3 su precio muestra de ello es que la Profeco report\u00f3 un aumento de casi 17 pesos por lo que hoy en d\u00eda se vende en 66.91 pesos el kilo; la manzana Golden en julio se ofertaba en 44.81 pesos y actualmente se vende hasta en 61 pesos.<\/p>\n<p>Los precios de la carne molida van de 180 a 321 pesos el kilo, dependiendo de la cantidad de grasa que pueda llevar.<\/p>\n<p>El pollo, vale entre los 109 y los 137 pesos el kilo de pechuga; la pierna desde los 38.90 hasta 73.90 pesos y el pollo entero puede ir de los 34 hasta los 68 pesos, dependiendo del tama\u00f1o.<\/p>\n<p>No es posible establecer una media aritm\u00e9tica sobre el incremento de la inflaci\u00f3n, debido a que hay disparidades en unos art\u00edculos y en otros simplemente aumentaron muy poco.<\/p>\n<p>En esta carrera de precios y salarios, quien sale perdiendo es el salario, el poder adquisitivo de los m\u00e1s pobres y, adem\u00e1s, el empobrecimiento sistem\u00e1tico de la clase media.<\/p>\n<p>Mientras el gobierno de la 4T, no puede controlar el aumento de precios con medidas pol\u00edticas como Gas Bienestar, no es suficiente y con el nombramiento de Victoria Rodr\u00edguez, se alejan del control de la inflaci\u00f3n.<\/p>\n<p>Se ve en el panorama futuro un 2022 con un desastre econ\u00f3mico peor que el que dej\u00f3 la pandemia.<\/p>\n<p style=\"text-align: center;\"><strong>PODEROSOS CABALLEROS<\/strong><\/p>\n<p><strong>ENRIQUE DE LA MADRID: <\/strong>Bueno, ya que hablamos de la sucesi\u00f3n presidencial, quien tiene una buena presencia pol\u00edtica y propagand\u00edstica, es el ex secretario de Turismo, Enrique de la Madrid. Sin embargo, no se avienta al ruedo. Espera quiz\u00e1 alguna se\u00f1al de los altos mandos priistas para hacerlo. Pero es ah\u00ed donde est\u00e1n los verdaderos enemigos del priismo. El l\u00edder nacional de ese partido, Alejandro Moreno, busca congraciarse con AMLO para, quiz\u00e1, llegar a la Presidencia. Se cree due\u00f1o del partido y sus alianzas internas s\u00f3lo son para miras cortas. No quiere arriesgarse. Por ello, el principal escollo para destapar a su candidato desde ahora, para que hagan campa\u00f1a, aunque una campa\u00f1a hip\u00f3crita, debido a que la ley lo proh\u00edbe, le dicen <em>AMLITO<\/em>.<\/p>\n<p><strong>CNBV Y EL SECRETO DE ARAS BUSINESS: <\/strong>Materialmente de noche, pas\u00f3 la orden de la Comisi\u00f3n Nacional Bancaria y de Valores, que encabeza Jes\u00fas de la Fuente, a la firma Aras Business Group suspender la promoci\u00f3n de captaci\u00f3n de ahorros del p\u00fablico en general, debido a que esta empresa no tiene la autorizaci\u00f3n para hacerlo, por no ser una organizaci\u00f3n perteneciente al sistema financiero. Dicha suspensi\u00f3n se da en un contexto donde hay inversionistas de esta firma, alojada en Chihuahua, que han denunciado el incumplimiento de pago de dividendos, as\u00ed como del retorno de la inversi\u00f3n realizada en los mecanismos que ofrece esta empresa, la cual, seg\u00fan su p\u00e1gina de Internet, cuenta con m\u00e1s de 18,000 asociados activos. La falta de informaci\u00f3n para los inversionistas y ahorradores, \u00bfes el nuevo estilo de De la Fuente?<\/p>\n<p style=\"text-align: center;\"><strong>RESPONSABILIDAD SOCIAL <\/strong><strong>CORPORATIVA <\/strong><\/p>\n<p><strong>PEPSICO: <\/strong>A trav\u00e9s de su programa \u201cFood for Good\u201d, Pepsico, que en M\u00e9xico preside Roberto Mart\u00ednez, adquiere el compromiso 2030, mediante el cual promover\u00e1n la seguridad alimentaria de 50 millones de personas en el mundo, a partir de la colaboraci\u00f3n con socios y aliados locales, as\u00ed como la inversi\u00f3n en soluciones para un acceso equitativo a alimentos nutritivos, adem\u00e1s de mejorar la productividad y rentabilidad del campo en beneficio de los peque\u00f1os productores. En el periodo de 2020 a 2022, Fundaci\u00f3n PepsiCo invertir\u00e1 110 Millones de pesos en seguridad alimentaria, as\u00ed como otros 30 millones para la reactivaci\u00f3n econ\u00f3mica y m\u00e1s de 4 millones en programas de acceso al agua. Food for Good va en l\u00ednea con PepsiCo Positivo se suma al programa Hambre Cero en el que ha invertido 100 millones de d\u00f3lares en promover t\u00e9cnicas de agricultura regenerativa y con ello la seguridad alimentaria.<\/p>\n<p>&nbsp;<\/p>\n<blockquote>\n<p style=\"text-align: right;\"><strong>Esc\u00fachame de lunes a viernes, de 21 a 22 horas,<br \/>\nen \u201cV\u00edctor S\u00e1nchez Ba\u00f1os en MVS\u201d<\/strong><\/p>\n<\/blockquote>\n<p>&nbsp;<\/p>\n<p><a href=\"https:\/\/mvsnoticias.com\/\" target=\"_blank\" rel=\"noopener noreferrer\"><em>MVSnoticias.com<\/em><\/a><br \/>\n<a href=\"http:\/\/poderydinero.mx\" target=\"_blank\" rel=\"noopener noreferrer\"><em>poderydinero.mx<\/em><\/a><em><b><br \/>\n<\/b><a href=\"mailto:vsb@poderydinero.mx\" target=\"_blank\" rel=\"noopener noreferrer\">vsb@poderydinero.mx<\/a><a href=\"mailto:vsanchezb@gmail.com\" target=\"_blank\" rel=\"noopener noreferrer\"><br \/>\n<\/a><strong>Twitter:<\/strong><a href=\"https:\/\/twitter.com\/vsanchezbanos\" target=\"_blank\" rel=\"noopener noreferrer\">@vsanchezbanos<br \/>\n<\/a><strong>Facebook: <\/strong><a href=\"https:\/\/www.facebook.com\/vsanchezbanos?fref=ts\" target=\"_blank\" rel=\"noopener noreferrer\">vsanchezbanos<\/a><\/em><\/p>\n","protected":false},"excerpt":{"rendered":"<p><span style=\"color: #005497;\"><strong>V\u00edctor S\u00e1nchez Ba\u00f1os<\/strong><\/span<\/span><\/p>\n","protected":false},"author":3,"featured_media":0,"comment_status":"open","ping_status":"open","sticky":false,"template":"","format":"standard","meta":{"_monsterinsights_skip_tracking":false,"_monsterinsights_sitenote_active":false,"_monsterinsights_sitenote_note":"","_monsterinsights_sitenote_category":0,"footnotes":""},"categories":[38844],"tags":[43674,38847,38848],"class_list":["post-528311","post","type-post","status-publish","format-standard","hentry","category-victor-sanchez-banos","tag-opinion","tag-poder-y-dinero","tag-victor-sanchez-banos"],"_links":{"self":[{"href":"https:\/\/www.diarioimagen.net\/index.php?rest_route=\/wp\/v2\/posts\/528311","targetHints":{"allow":["GET"]}}],"collection":[{"href":"https:\/\/www.diarioimagen.net\/index.php?rest_route=\/wp\/v2\/posts"}],"about":[{"href":"https:\/\/www.diarioimagen.net\/index.php?rest_route=\/wp\/v2\/types\/post"}],"author":[{"embeddable":true,"href":"https:\/\/www.diarioimagen.net\/index.php?rest_route=\/wp\/v2\/users\/3"}],"replies":[{"embeddable":true,"href":"https:\/\/www.diarioimagen.net\/index.php?rest_route=%2Fwp%2Fv2%2Fcomments&post=528311"}],"version-history":[{"count":0,"href":"https:\/\/www.diarioimagen.net\/index.php?rest_route=\/wp\/v2\/posts\/528311\/revisions"}],"wp:attachment":[{"href":"https:\/\/www.diarioimagen.net\/index.php?rest_route=%2Fwp%2Fv2%2Fmedia&parent=528311"}],"wp:term":[{"taxonomy":"category","embeddable":true,"href":"https:\/\/www.diarioimagen.net\/index.php?rest_route=%2Fwp%2Fv2%2Fcategories&post=528311"},{"taxonomy":"post_tag","embeddable":true,"href":"https:\/\/www.diarioimagen.net\/index.php?rest_route=%2Fwp%2Fv2%2Ftags&post=528311"}],"curies":[{"name":"wp","href":"https:\/\/api.w.org\/{rel}","templated":true}]}}