{"id":528410,"date":"2021-11-26T00:05:21","date_gmt":"2021-11-26T06:05:21","guid":{"rendered":"https:\/\/www.diarioimagen.net\/?p=528410"},"modified":"2021-11-29T04:54:28","modified_gmt":"2021-11-29T10:54:28","slug":"academia-sociedad-y-gobiernos-actores-clave-para-la-construccion-de-ciudades-del-futuro","status":"publish","type":"post","link":"https:\/\/www.diarioimagen.net\/?p=528410","title":{"rendered":"Academia, sociedad y gobiernos, actores clave para la construcci\u00f3n de ciudades del futuro"},"content":{"rendered":"<p><em>\u00a0<\/em><\/p>\n<ul>\n<li><em><strong>El ponente invitado de la UAEM, Francisco Da Silva Costa, de la Universidad de Minho en Portugal, consider\u00f3 que las ciudades deben ser resilientes y adaptarse a los cambios que supone la naturaleza y las actividades humanas<\/strong><\/em><\/li>\n<\/ul>\n<p>&nbsp;<\/p>\n<div id=\"attachment_528492\" style=\"width: 470px\" class=\"wp-caption aligncenter\"><a href=\"https:\/\/www.diarioimagen.net\/?attachment_id=528492\" rel=\"attachment wp-att-528492\"><img loading=\"lazy\" decoding=\"async\" aria-describedby=\"caption-attachment-528492\" class=\"size-full wp-image-528492\" src=\"https:\/\/www.diarioimagen.net\/wp-content\/uploads\/2021\/11\/uaem-14.jpg\" alt=\"\" width=\"460\" height=\"270\" \/><\/a><p id=\"caption-attachment-528492\" class=\"wp-caption-text\">Francisco Da Silva Costa, de la Universidad de Minho en Portugal, enfatiz\u00f3 que gobiernos y sociedad deben transitar a un futuro m\u00e1s sustentable de acuerdo con los Objetivos de Desarrollo Sostenible (ODS).<\/p><\/div>\n<p>&nbsp;<\/p>\n<p><strong>Toluca, Estado de M\u00e9xico<\/strong>.\u2014 La construcci\u00f3n de ciudades resilientes y capaces de adaptarse es una labor conjunta de gobernantes, sociedad y profesionales en la materia para crear un futuro m\u00e1s sustentable y en apego a la agenda 2030 de las Naciones Unidas, destac\u00f3 el investigador de la Universidad de Minho en Portugal, Francisco Da Silva Costa en la Universidad Aut\u00f3noma del Estado de M\u00e9xico (UAEM).<\/p>\n<p>A prop\u00f3sito del Primer Coloquio Internacional de Geotecnolog\u00edas, Ambiente y Sociedades Resilientes, organizado por la Facultad de Geograf\u00eda de la UAEM, el ponente portugu\u00e9s enfatiz\u00f3 que entre las ense\u00f1anzas que dej\u00f3 la pandemia de COVID-19 destaca la necesidad de crear espacios urbanos que puedan adaptarse y absorber los efectos de la naturaleza, as\u00ed como las actividades humanas, a trav\u00e9s del ordenamiento y gesti\u00f3n del territorio.<\/p>\n<p>En este sentido, puntualiz\u00f3 que los gobiernos locales deben tomar un papel activo en la creaci\u00f3n de ciudades resilientes, ya que son quienes tienen la capacidad de tomar decisiones y aplicar medidas que permitan reducir da\u00f1os y preservar la vida humana.<\/p>\n<p>Por su parte, el director de la Facultad de Geograf\u00eda de la Aut\u00f3noma Mexiquense, Rodrigo Huitr\u00f3n Rodr\u00edguez, indic\u00f3 que a trav\u00e9s de las tecnolog\u00edas de informaci\u00f3n geogr\u00e1fica y la formaci\u00f3n de profesionales en la materia, las sociedades ser\u00e1n capaces de enfrentar las problem\u00e1ticas ambientales que cada vez m\u00e1s se acrecientan y requieren de soluciones inmediatas.<\/p>\n<p>Asimismo, destac\u00f3 la relevancia de las actividades acad\u00e9micas y el trabajo de investigaci\u00f3n que realiza este espacio universitario para desarrollar propuestas que contribuyan a dar respuesta a las problem\u00e1ticas sociales, as\u00ed como para que la poblaci\u00f3n tenga los elementos y conocimientos suficientes para tomar acciones al respecto.<\/p>\n<p>En su oportunidad, la Directora para la Internacionalizaci\u00f3n de la Investigaci\u00f3n y Estudios Avanzados de la M\u00e1xima Casa de Estudios Mexiquense, Mar\u00eda del Pilar Ampudia Garc\u00eda, enfatiz\u00f3 el compromiso de la administraci\u00f3n universitaria 2021-2025 de atender y dar cumplimiento a los Objetivos de Desarrollo Sostenible de la ONU, por lo cual destac\u00f3 la pertinencia del Primer Coloquio Internacional de Geotecnolog\u00edas, Ambiente y Sociedades Resilientes para poner atenci\u00f3n en generar acciones en favor del planeta.<\/p>\n","protected":false},"excerpt":{"rendered":"<p>La construcci\u00f3n de ciudades resilientes y capaces de adaptarse es una labor conjunta de gobernantes, sociedad y profesionales en la materia para crear un futuro m\u00e1s sustentable y en apego a la agenda 2030 de las Naciones Unidas, destac\u00f3 el investigador de la Universidad de Minho en Portugal, Francisco Da Silva Costa en la Universidad Aut\u00f3noma del Estado de M\u00e9xico (UAEM).<\/p>\n","protected":false},"author":3,"featured_media":528492,"comment_status":"open","ping_status":"open","sticky":false,"template":"","format":"standard","meta":{"_monsterinsights_skip_tracking":false,"_monsterinsights_sitenote_active":false,"_monsterinsights_sitenote_note":"","_monsterinsights_sitenote_category":0,"footnotes":""},"categories":[5],"tags":[66206,77038,43675,452,1491],"class_list":["post-528410","post","type-post","status-publish","format-standard","has-post-thumbnail","hentry","category-estado-de-mexico","tag-actores","tag-clave","tag-estado-de-mexico","tag-toluca","tag-uaem"],"_links":{"self":[{"href":"https:\/\/www.diarioimagen.net\/index.php?rest_route=\/wp\/v2\/posts\/528410","targetHints":{"allow":["GET"]}}],"collection":[{"href":"https:\/\/www.diarioimagen.net\/index.php?rest_route=\/wp\/v2\/posts"}],"about":[{"href":"https:\/\/www.diarioimagen.net\/index.php?rest_route=\/wp\/v2\/types\/post"}],"author":[{"embeddable":true,"href":"https:\/\/www.diarioimagen.net\/index.php?rest_route=\/wp\/v2\/users\/3"}],"replies":[{"embeddable":true,"href":"https:\/\/www.diarioimagen.net\/index.php?rest_route=%2Fwp%2Fv2%2Fcomments&post=528410"}],"version-history":[{"count":0,"href":"https:\/\/www.diarioimagen.net\/index.php?rest_route=\/wp\/v2\/posts\/528410\/revisions"}],"wp:featuredmedia":[{"embeddable":true,"href":"https:\/\/www.diarioimagen.net\/index.php?rest_route=\/wp\/v2\/media\/528492"}],"wp:attachment":[{"href":"https:\/\/www.diarioimagen.net\/index.php?rest_route=%2Fwp%2Fv2%2Fmedia&parent=528410"}],"wp:term":[{"taxonomy":"category","embeddable":true,"href":"https:\/\/www.diarioimagen.net\/index.php?rest_route=%2Fwp%2Fv2%2Fcategories&post=528410"},{"taxonomy":"post_tag","embeddable":true,"href":"https:\/\/www.diarioimagen.net\/index.php?rest_route=%2Fwp%2Fv2%2Ftags&post=528410"}],"curies":[{"name":"wp","href":"https:\/\/api.w.org\/{rel}","templated":true}]}}