{"id":528433,"date":"2021-11-26T00:01:49","date_gmt":"2021-11-26T06:01:49","guid":{"rendered":"https:\/\/www.diarioimagen.net\/?p=528433"},"modified":"2021-11-26T07:45:33","modified_gmt":"2021-11-26T13:45:33","slug":"tlalnepantla-obtuvo-el-primer-lugar-en-certamen-de-buenas-practicas-en-materia-de-transparencia-2021","status":"publish","type":"post","link":"https:\/\/www.diarioimagen.net\/?p=528433","title":{"rendered":"Tlalnepantla obtuvo el primer lugar en \u201cCertamen de Buenas Pr\u00e1cticas en Materia de Transparencia 2021\u201d"},"content":{"rendered":"<p>&nbsp;<\/p>\n<p><a href=\"https:\/\/www.diarioimagen.net\/?attachment_id=528536\" rel=\"attachment wp-att-528536\"><img loading=\"lazy\" decoding=\"async\" class=\"aligncenter size-full wp-image-528536\" src=\"https:\/\/www.diarioimagen.net\/wp-content\/uploads\/2021\/11\/tlalnepantla-18.jpg\" alt=\"\" width=\"460\" height=\"270\" \/><\/a><\/p>\n<p>&nbsp;<\/p>\n<p><strong>Tlalnepantla, Estado de M\u00e9xico<\/strong><strong>.\u2014 <\/strong>El gobierno de Tlalnepantla que encabeza el presidente municipal Raciel P\u00e9rez Cruz obtuvo el primer lugar del \u2018Certamen de Buenas Pr\u00e1cticas en Materia de Transparencia 2021\u2019, organizado por el Instituto de Transparencia, Acceso a la Informaci\u00f3n P\u00fablica y Protecci\u00f3n de Datos Personales del Estado de M\u00e9xico y Municipios, debido a que cumpli\u00f3 en tiempo y forma con los criterios de evaluaci\u00f3n en esta materia, que lo constituyen como una administraci\u00f3n confiable y transparente.<\/p>\n","protected":false},"excerpt":{"rendered":"<p>El gobierno de Tlalnepantla que encabeza el presidente municipal Raciel P\u00e9rez Cruz obtuvo el primer lugar del \u2018Certamen de Buenas Pr\u00e1cticas en Materia de Transparencia 2021\u2019, organizado por el Instituto de Transparencia, Acceso a la Informaci\u00f3n P\u00fablica y Protecci\u00f3n de Datos Personales del Estado de M\u00e9xico y Municipios, debido a que cumpli\u00f3 en tiempo y forma con los criterios de evaluaci\u00f3n en esta materia, que lo constituyen como una administraci\u00f3n confiable y transparente.<\/p>\n","protected":false},"author":3,"featured_media":528536,"comment_status":"open","ping_status":"open","sticky":false,"template":"","format":"standard","meta":{"_monsterinsights_skip_tracking":false,"_monsterinsights_sitenote_active":false,"_monsterinsights_sitenote_note":"","_monsterinsights_sitenote_category":0,"footnotes":""},"categories":[5],"tags":[43675,169,26216],"class_list":["post-528433","post","type-post","status-publish","format-standard","has-post-thumbnail","hentry","category-estado-de-mexico","tag-estado-de-mexico","tag-tlalnepantla","tag-transparencia"],"_links":{"self":[{"href":"https:\/\/www.diarioimagen.net\/index.php?rest_route=\/wp\/v2\/posts\/528433","targetHints":{"allow":["GET"]}}],"collection":[{"href":"https:\/\/www.diarioimagen.net\/index.php?rest_route=\/wp\/v2\/posts"}],"about":[{"href":"https:\/\/www.diarioimagen.net\/index.php?rest_route=\/wp\/v2\/types\/post"}],"author":[{"embeddable":true,"href":"https:\/\/www.diarioimagen.net\/index.php?rest_route=\/wp\/v2\/users\/3"}],"replies":[{"embeddable":true,"href":"https:\/\/www.diarioimagen.net\/index.php?rest_route=%2Fwp%2Fv2%2Fcomments&post=528433"}],"version-history":[{"count":0,"href":"https:\/\/www.diarioimagen.net\/index.php?rest_route=\/wp\/v2\/posts\/528433\/revisions"}],"wp:featuredmedia":[{"embeddable":true,"href":"https:\/\/www.diarioimagen.net\/index.php?rest_route=\/wp\/v2\/media\/528536"}],"wp:attachment":[{"href":"https:\/\/www.diarioimagen.net\/index.php?rest_route=%2Fwp%2Fv2%2Fmedia&parent=528433"}],"wp:term":[{"taxonomy":"category","embeddable":true,"href":"https:\/\/www.diarioimagen.net\/index.php?rest_route=%2Fwp%2Fv2%2Fcategories&post=528433"},{"taxonomy":"post_tag","embeddable":true,"href":"https:\/\/www.diarioimagen.net\/index.php?rest_route=%2Fwp%2Fv2%2Ftags&post=528433"}],"curies":[{"name":"wp","href":"https:\/\/api.w.org\/{rel}","templated":true}]}}