{"id":528575,"date":"2021-11-29T00:04:24","date_gmt":"2021-11-29T06:04:24","guid":{"rendered":"https:\/\/www.diarioimagen.net\/?p=528575"},"modified":"2021-11-29T05:36:49","modified_gmt":"2021-11-29T11:36:49","slug":"las-mujeres-de-cuautitlan-se-unen-contra-la-violencia-hacia-este-sector","status":"publish","type":"post","link":"https:\/\/www.diarioimagen.net\/?p=528575","title":{"rendered":"Las mujeres de Cuautitl\u00e1n se unen contra la violencia hacia este sector"},"content":{"rendered":"<p>&nbsp;<\/p>\n<ul>\n<li><strong><em>Destaca el alcalde Cuauht\u00e9moc Mas\u00f3n Orta<\/em><\/strong><\/li>\n<\/ul>\n<p>&nbsp;<\/p>\n<div id=\"attachment_528656\" style=\"width: 470px\" class=\"wp-caption aligncenter\"><a href=\"https:\/\/www.diarioimagen.net\/?attachment_id=528656\" rel=\"attachment wp-att-528656\"><img loading=\"lazy\" decoding=\"async\" aria-describedby=\"caption-attachment-528656\" class=\"size-full wp-image-528656\" src=\"https:\/\/www.diarioimagen.net\/wp-content\/uploads\/2021\/11\/cuautitlan-10.jpg\" alt=\"\" width=\"460\" height=\"270\" \/><\/a><p id=\"caption-attachment-528656\" class=\"wp-caption-text\">El alcalde Cuauht\u00e9moc Mas\u00f3n Orta, invit\u00f3 alzar la voz y acercarse a las autoridades correspondientes solicitando ayuda, adem\u00e1s de sensibilizar a la poblaci\u00f3n en cada una de las violencias existentes.<\/p><\/div>\n<p>&nbsp;<\/p>\n<p><strong>Cuautitl\u00e1n, Estado de M\u00e9xico.\u2014<\/strong> Alzar a la voz ante cualquier indicio de violencia es fundamental para una mejor sociedad, destac\u00f3 el presidente municipal Cuauht\u00e9moc Mas\u00f3n Orta, este 25 de noviembre durante encuentro del D\u00eda Internacional de la Eliminaci\u00f3n de la Violencia en contra las Mujeres y las Ni\u00f1as, realizado en el palacio municipal.<\/p>\n<p>Las mujeres deben poner el primer alto ante cualquier acto de violencia, desde la pareja, el lugar de trabajo o la escuela, se\u00f1al\u00f3 Mas\u00f3n Orta, por lo que invit\u00f3 alzar la voz y acercarse a las autoridades correspondientes solicitando ayuda, adem\u00e1s de sensibilizar a la poblaci\u00f3n en cada una de las violencias existentes, por lo que pidi\u00f3 responsabilidad de todos ante este problema para poder transformar a Cuautitl\u00e1n, apunt\u00f3.<\/p>\n<p>En su mensaje la secretaria del ayuntamiento Mar\u00eda Teresa Ruiz P\u00e9rez, destac\u00f3 que las autoridades recibieron en los \u00faltimos 9 meses, m\u00e1s de 15 mil carpetas de investigaci\u00f3n relacionadas con la violencia contra las mujeres, de ah\u00ed, dijo se hace necesario educar a todos en el tema de equidad y respeto, donde la conciencia moral debe tomar un papel importante para combatir este mal, apunt\u00f3.<\/p>\n<p>En el marco de este d\u00eda, la titular del Organismo Desconcentrado de la Mujer y Equidad de G\u00e9nero de Cuautitl\u00e1n, inform\u00f3 que del 25 de noviembre al 3 de diciembre se realizar\u00e1n ponencias, actividades de emprendimiento y recreativas.<\/p>\n<p>Se instalar\u00e1 la Feria de Empoderamiento Econ\u00f3mico, en el jard\u00edn Principal, con la venta de art\u00edculos, demostraciones de actividades deportivas y una jornada informativa de las actividades de la coordinaci\u00f3n de la mujer y equidad de g\u00e9nero con pl\u00e1ticas dirigidas a los j\u00f3venes; el taller de empoderamiento, en el DIF de Los Morales y por \u00faltimo la entrega de reconocimientos a las participantes del curso de computaci\u00f3n b\u00e1sico.<\/p>\n<p>Al t\u00e9rmino del evento se realiz\u00f3 la premiaci\u00f3n a los ganadores del concurso de carteles, \u00bfQu\u00e9 es la equidad de g\u00e9nero?, elaborados por estudiantes de secundaria y la presentaci\u00f3n de la exposici\u00f3n fotogr\u00e1fica \u201cSuicidio\u201d, por el maestro Ernesto Casta\u00f1eda.<\/p>\n","protected":false},"excerpt":{"rendered":"<p>Alzar a la voz ante cualquier indicio de violencia es fundamental para una mejor sociedad, destac\u00f3 el presidente municipal Cuauht\u00e9moc Mas\u00f3n Orta, este 25 de noviembre durante encuentro del D\u00eda Internacional de la Eliminaci\u00f3n de la Violencia en contra las Mujeres y las Ni\u00f1as, realizado en el palacio municipal.<\/p>\n","protected":false},"author":3,"featured_media":528656,"comment_status":"open","ping_status":"open","sticky":false,"template":"","format":"standard","meta":{"_monsterinsights_skip_tracking":false,"_monsterinsights_sitenote_active":false,"_monsterinsights_sitenote_note":"","_monsterinsights_sitenote_category":0,"footnotes":""},"categories":[5],"tags":[681,38783,43675,14425],"class_list":["post-528575","post","type-post","status-publish","format-standard","has-post-thumbnail","hentry","category-estado-de-mexico","tag-cuautitlan","tag-erradicar","tag-estado-de-mexico","tag-violencia-de-genero"],"_links":{"self":[{"href":"https:\/\/www.diarioimagen.net\/index.php?rest_route=\/wp\/v2\/posts\/528575","targetHints":{"allow":["GET"]}}],"collection":[{"href":"https:\/\/www.diarioimagen.net\/index.php?rest_route=\/wp\/v2\/posts"}],"about":[{"href":"https:\/\/www.diarioimagen.net\/index.php?rest_route=\/wp\/v2\/types\/post"}],"author":[{"embeddable":true,"href":"https:\/\/www.diarioimagen.net\/index.php?rest_route=\/wp\/v2\/users\/3"}],"replies":[{"embeddable":true,"href":"https:\/\/www.diarioimagen.net\/index.php?rest_route=%2Fwp%2Fv2%2Fcomments&post=528575"}],"version-history":[{"count":0,"href":"https:\/\/www.diarioimagen.net\/index.php?rest_route=\/wp\/v2\/posts\/528575\/revisions"}],"wp:featuredmedia":[{"embeddable":true,"href":"https:\/\/www.diarioimagen.net\/index.php?rest_route=\/wp\/v2\/media\/528656"}],"wp:attachment":[{"href":"https:\/\/www.diarioimagen.net\/index.php?rest_route=%2Fwp%2Fv2%2Fmedia&parent=528575"}],"wp:term":[{"taxonomy":"category","embeddable":true,"href":"https:\/\/www.diarioimagen.net\/index.php?rest_route=%2Fwp%2Fv2%2Fcategories&post=528575"},{"taxonomy":"post_tag","embeddable":true,"href":"https:\/\/www.diarioimagen.net\/index.php?rest_route=%2Fwp%2Fv2%2Ftags&post=528575"}],"curies":[{"name":"wp","href":"https:\/\/api.w.org\/{rel}","templated":true}]}}