{"id":528584,"date":"2021-11-29T00:01:13","date_gmt":"2021-11-29T06:01:13","guid":{"rendered":"https:\/\/www.diarioimagen.net\/?p=528584"},"modified":"2021-11-29T05:37:31","modified_gmt":"2021-11-29T11:37:31","slug":"obtiene-romina-contreras-de-vargas-grado-de-doctora-en-administracion-publica","status":"publish","type":"post","link":"https:\/\/www.diarioimagen.net\/?p=528584","title":{"rendered":"Obtiene Romina Contreras de Vargas grado de Doctora en Administraci\u00f3n P\u00fablica"},"content":{"rendered":"<p>&nbsp;<\/p>\n<ul>\n<li><strong><em>Por la Universidad An\u00e1huac M\u00e9xico<\/em><\/strong><\/li>\n<\/ul>\n<p>&nbsp;<\/p>\n<div id=\"attachment_528660\" style=\"width: 470px\" class=\"wp-caption aligncenter\"><a href=\"https:\/\/www.diarioimagen.net\/?attachment_id=528660\" rel=\"attachment wp-att-528660\"><img loading=\"lazy\" decoding=\"async\" aria-describedby=\"caption-attachment-528660\" class=\"size-full wp-image-528660\" src=\"https:\/\/www.diarioimagen.net\/wp-content\/uploads\/2021\/11\/romina.jpg\" alt=\"\" width=\"460\" height=\"270\" \/><\/a><p id=\"caption-attachment-528660\" class=\"wp-caption-text\">El grado de Doctora en Administraci\u00f3n P\u00fablica, se suma a la amplia preparaci\u00f3n profesional con la que cuenta Romina Contreras, pues tambi\u00e9n\u00a0es Maestra en Derecho Corporativo y Licenciada en Derecho por la Universidad An\u00e1huac.<\/p><\/div>\n<p>&nbsp;<\/p>\n<p><strong>Huixquilucan, Estado de M\u00e9xico.\u2014<\/strong> La presidenta municipal electa de Huixquilucan, Romina Contreras de Vargas, obtuvo el grado de Doctora en Administraci\u00f3n P\u00fablica, con Menci\u00f3n Honor\u00edfica, por la Universidad An\u00e1huac M\u00e9xico.<\/p>\n<p>Tras realizar su examen de grado, Romina Contreras acredit\u00f3 frente a sus sinodales su amplio conocimiento sobre la Administraci\u00f3n P\u00fablica, lo cual fue\u00a0abordado en su tesis doctoral, con lo que, dijo, consolida su preparaci\u00f3n para servir a los huixquiluquenses como su pr\u00f3xima presidenta municipal.<\/p>\n<p>\u201cEs un logro personal, fruto de la dedicaci\u00f3n, el estudio y la disciplina que quiero compartir, en especial, con las ni\u00f1as y j\u00f3venes de Huixquilucan, para invitarlas a ser perseverantes y alcanzar sus sue\u00f1os\u201d, resalt\u00f3.<\/p>\n<p>El grado de Doctora en Administraci\u00f3n P\u00fablica, se suma a la amplia preparaci\u00f3n profesional con la que cuenta Romina Contreras, pues tambi\u00e9n es Maestra en Derecho Corporativo y Licenciada en Derecho por la Universidad An\u00e1huac.<\/p>\n<p>A partir del pr\u00f3ximo 01 de enero, Romina Contreras asumir\u00e1 la presidencia municipal de Huixquilucan, para encabezar la administraci\u00f3n 2022-2024, siendo una de las candidatas m\u00e1s votadas a nivel nacional en el pasado proceso electoral del 06 de junio.<\/p>\n<p>Actualmente, se desempe\u00f1a como presidenta del Sistema Municipal DIF de Huixquilucan, desde donde construy\u00f3 el Complejo Rosa M\u00edstica, considerado el complejo de salud m\u00e1s importante que ha construido un municipio en los \u00faltimos a\u00f1os.<\/p>\n","protected":false},"excerpt":{"rendered":"<p>La presidenta municipal electa de Huixquilucan, Romina Contreras de Vargas, obtuvo el grado de Doctora en Administraci\u00f3n P\u00fablica, con Menci\u00f3n Honor\u00edfica, por la Universidad An\u00e1huac M\u00e9xico.<\/p>\n","protected":false},"author":3,"featured_media":528660,"comment_status":"open","ping_status":"open","sticky":false,"template":"","format":"standard","meta":{"_monsterinsights_skip_tracking":false,"_monsterinsights_sitenote_active":false,"_monsterinsights_sitenote_note":"","_monsterinsights_sitenote_category":0,"footnotes":""},"categories":[5],"tags":[94145,43675,1097,93695],"class_list":["post-528584","post","type-post","status-publish","format-standard","has-post-thumbnail","hentry","category-estado-de-mexico","tag-doctorado","tag-estado-de-mexico","tag-huixquilucan","tag-romina-contreras-de-vargas"],"_links":{"self":[{"href":"https:\/\/www.diarioimagen.net\/index.php?rest_route=\/wp\/v2\/posts\/528584","targetHints":{"allow":["GET"]}}],"collection":[{"href":"https:\/\/www.diarioimagen.net\/index.php?rest_route=\/wp\/v2\/posts"}],"about":[{"href":"https:\/\/www.diarioimagen.net\/index.php?rest_route=\/wp\/v2\/types\/post"}],"author":[{"embeddable":true,"href":"https:\/\/www.diarioimagen.net\/index.php?rest_route=\/wp\/v2\/users\/3"}],"replies":[{"embeddable":true,"href":"https:\/\/www.diarioimagen.net\/index.php?rest_route=%2Fwp%2Fv2%2Fcomments&post=528584"}],"version-history":[{"count":0,"href":"https:\/\/www.diarioimagen.net\/index.php?rest_route=\/wp\/v2\/posts\/528584\/revisions"}],"wp:featuredmedia":[{"embeddable":true,"href":"https:\/\/www.diarioimagen.net\/index.php?rest_route=\/wp\/v2\/media\/528660"}],"wp:attachment":[{"href":"https:\/\/www.diarioimagen.net\/index.php?rest_route=%2Fwp%2Fv2%2Fmedia&parent=528584"}],"wp:term":[{"taxonomy":"category","embeddable":true,"href":"https:\/\/www.diarioimagen.net\/index.php?rest_route=%2Fwp%2Fv2%2Fcategories&post=528584"},{"taxonomy":"post_tag","embeddable":true,"href":"https:\/\/www.diarioimagen.net\/index.php?rest_route=%2Fwp%2Fv2%2Ftags&post=528584"}],"curies":[{"name":"wp","href":"https:\/\/api.w.org\/{rel}","templated":true}]}}