{"id":528589,"date":"2021-11-29T00:03:44","date_gmt":"2021-11-29T06:03:44","guid":{"rendered":"https:\/\/www.diarioimagen.net\/?p=528589"},"modified":"2021-11-29T05:38:10","modified_gmt":"2021-11-29T11:38:10","slug":"realiza-gobierno-de-huixquilucan-mono-morado-para-concientizar-sobre-la-violencia-de-genero","status":"publish","type":"post","link":"https:\/\/www.diarioimagen.net\/?p=528589","title":{"rendered":"Realiza gobierno de Huixquilucan mo\u00f1o morado para concientizar sobre la violencia de g\u00e9nero"},"content":{"rendered":"<p>&nbsp;<\/p>\n<ul>\n<li><strong><em>Imparti\u00f3 pl\u00e1ticas a mujeres y hombres<\/em><\/strong><\/li>\n<\/ul>\n<p>&nbsp;<\/p>\n<div id=\"attachment_528663\" style=\"width: 470px\" class=\"wp-caption aligncenter\"><a href=\"https:\/\/www.diarioimagen.net\/?attachment_id=528663\" rel=\"attachment wp-att-528663\"><img loading=\"lazy\" decoding=\"async\" aria-describedby=\"caption-attachment-528663\" class=\"size-full wp-image-528663\" src=\"https:\/\/www.diarioimagen.net\/wp-content\/uploads\/2021\/11\/huixquilucan-19.jpg\" alt=\"\" width=\"460\" height=\"270\" \/><\/a><p id=\"caption-attachment-528663\" class=\"wp-caption-text\">El gobierno de Huixquilucan conform\u00f3 un mo\u00f1o morado gigante en la explanada municipal, con el apoyo de servidores p\u00fablicos, e imparti\u00f3 pl\u00e1ticas a mujeres y hombres, con el objetivo de concientizar sobre violencia de g\u00e9nero.<\/p><\/div>\n<p>&nbsp;<\/p>\n<p><strong>Huixquilucan, Estado de M\u00e9xico.\u2014<\/strong> En el marco de los 16 d\u00edas de activismo contra la violencia de g\u00e9nero, el gobierno de Huixquilucan conform\u00f3 un mo\u00f1o morado gigante en la explanada municipal, con el apoyo de servidores p\u00fablicos, e imparti\u00f3 pl\u00e1ticas a mujeres y hombres, con el objetivo de concientizar a la poblaci\u00f3n para detectar a tiempo los diversos tipos de violencia que se pueden ejercer contra una persona, as\u00ed como para demostrar respaldo a quienes, por alguna raz\u00f3n, enfrentan una situaci\u00f3n de este tipo, con el fin de que sepan que no est\u00e1n solas y que pueden ponerle freno a esta condici\u00f3n.<\/p>\n<p>Al encabezar ambas actividades realizadas para conmemorar el D\u00eda Internacional de la Eliminaci\u00f3n de la Violencia contra la Mujer, la presidenta municipal por Ministerio de Ley, Mar\u00eda Eugenia Torres P\u00e9rez Tejada, afirm\u00f3 que esta conmemoraci\u00f3n no solo debe tenerse presente en una fecha en especial, sino que todos los d\u00edas debe trabajarse para erradicar cualquier forma de violencia que atente contra las personas y, en especial, contra las mujeres y ni\u00f1as.<\/p>\n<p>Ante servidoras p\u00fablicas y vecinas de la cabecera municipal, se\u00f1al\u00f3 que la responsabilidad de eliminar estas pr\u00e1cticas que afectan la vida y la salud de las personas, no solo son responsabilidad de los tres niveles de gobierno, sino que la sociedad, desde casa, se debe sumar para prevenir y evitar estas conductas, pues generalmente inician y ocurren en el entorno familiar.<\/p>\n<p>Mar\u00eda Eugenia Torres asever\u00f3 que ninguna mujer puede sentirse sola, pues cuentan con un gobierno municipal que las respalda y protege, por lo que les solicit\u00f3 poner un alto a cualquier abuso o acto violento y no permitir que la violencia afecte a sus hogares, al tiempo en que exhort\u00f3 a los padres de familia a educar a sus hijos para que, cuando crezcan, no recurran a estas conductas. Destac\u00f3 que las mujeres unidas son fuertes, por lo que les pidi\u00f3 trabajar en su autoestima a diario y recordar todos los d\u00edas lo valiosas que son, y no dejar esta conmemoraci\u00f3n en un acto en donde solo se portan prendas de color naranja o morado, sino emprender una cruzada de concientizaci\u00f3n, para respaldar a quienes han sido v\u00edctimas de la violencia de g\u00e9nero.<\/p>\n<p>Ayer, en el auditorio del edificio administrativo de ExCinemas, se imparti\u00f3 una pl\u00e1tica para que las mujeres pudieran identificar los tipos de violencia de los que pueden ser v\u00edctimas, sin saberlo, con la intenci\u00f3n de que rompan el ciclo de la violencia y, en su caso, detengan cualquier abuso en su contra.<\/p>\n","protected":false},"excerpt":{"rendered":"<p>En el marco de los 16 d\u00edas de activismo contra la violencia de g\u00e9nero, el gobierno de Huixquilucan conform\u00f3 un mo\u00f1o morado gigante en la explanada municipal, con el apoyo de servidores p\u00fablicos, e imparti\u00f3 pl\u00e1ticas a mujeres y hombres, con el objetivo de concientizar a la poblaci\u00f3n para detectar a tiempo los diversos tipos de violencia que se pueden ejercer contra una persona, as\u00ed como para demostrar respaldo a quienes, por alguna raz\u00f3n, enfrentan una situaci\u00f3n de este tipo, con el fin de que sepan que no est\u00e1n solas y que pueden ponerle freno a esta condici\u00f3n.<\/p>\n","protected":false},"author":3,"featured_media":528663,"comment_status":"open","ping_status":"open","sticky":false,"template":"","format":"standard","meta":{"_monsterinsights_skip_tracking":false,"_monsterinsights_sitenote_active":false,"_monsterinsights_sitenote_note":"","_monsterinsights_sitenote_category":0,"footnotes":""},"categories":[5],"tags":[43675,1097,94146,14425],"class_list":["post-528589","post","type-post","status-publish","format-standard","has-post-thumbnail","hentry","category-estado-de-mexico","tag-estado-de-mexico","tag-huixquilucan","tag-mono-morado","tag-violencia-de-genero"],"_links":{"self":[{"href":"https:\/\/www.diarioimagen.net\/index.php?rest_route=\/wp\/v2\/posts\/528589","targetHints":{"allow":["GET"]}}],"collection":[{"href":"https:\/\/www.diarioimagen.net\/index.php?rest_route=\/wp\/v2\/posts"}],"about":[{"href":"https:\/\/www.diarioimagen.net\/index.php?rest_route=\/wp\/v2\/types\/post"}],"author":[{"embeddable":true,"href":"https:\/\/www.diarioimagen.net\/index.php?rest_route=\/wp\/v2\/users\/3"}],"replies":[{"embeddable":true,"href":"https:\/\/www.diarioimagen.net\/index.php?rest_route=%2Fwp%2Fv2%2Fcomments&post=528589"}],"version-history":[{"count":0,"href":"https:\/\/www.diarioimagen.net\/index.php?rest_route=\/wp\/v2\/posts\/528589\/revisions"}],"wp:featuredmedia":[{"embeddable":true,"href":"https:\/\/www.diarioimagen.net\/index.php?rest_route=\/wp\/v2\/media\/528663"}],"wp:attachment":[{"href":"https:\/\/www.diarioimagen.net\/index.php?rest_route=%2Fwp%2Fv2%2Fmedia&parent=528589"}],"wp:term":[{"taxonomy":"category","embeddable":true,"href":"https:\/\/www.diarioimagen.net\/index.php?rest_route=%2Fwp%2Fv2%2Fcategories&post=528589"},{"taxonomy":"post_tag","embeddable":true,"href":"https:\/\/www.diarioimagen.net\/index.php?rest_route=%2Fwp%2Fv2%2Ftags&post=528589"}],"curies":[{"name":"wp","href":"https:\/\/api.w.org\/{rel}","templated":true}]}}