{"id":528593,"date":"2021-11-29T00:02:04","date_gmt":"2021-11-29T06:02:04","guid":{"rendered":"https:\/\/www.diarioimagen.net\/?p=528593"},"modified":"2021-11-29T05:43:38","modified_gmt":"2021-11-29T11:43:38","slug":"en-nicolas-romero-erradicar-la-violencia-de-genero-es-prioridad-del-edil-armando-navarrete","status":"publish","type":"post","link":"https:\/\/www.diarioimagen.net\/?p=528593","title":{"rendered":"En Nicol\u00e1s Romero, erradicar la violencia de g\u00e9nero, es prioridad del edil Armando Navarrete"},"content":{"rendered":"<p>&nbsp;<\/p>\n<p><a href=\"https:\/\/www.diarioimagen.net\/?attachment_id=528665\" rel=\"attachment wp-att-528665\"><img loading=\"lazy\" decoding=\"async\" class=\"aligncenter size-full wp-image-528665\" src=\"https:\/\/www.diarioimagen.net\/wp-content\/uploads\/2021\/11\/nicolas-6.jpg\" alt=\"\" width=\"460\" height=\"270\" \/><\/a><\/p>\n<p>&nbsp;<\/p>\n<p><strong>Nicol\u00e1s Romero, Estado de M\u00e9xico.\u2014 <\/strong>Pese a que este municipio no tiene Alerta de Violencia de G\u00e9nero, el gobierno del alcalde Armando Navarrete L\u00f3pez, ha emprendido desde el primer d\u00eda de su gesti\u00f3n, un combate frontal contra las agresiones hacia las personas del sexo femenino, por lo que, reiter\u00f3 su compromiso de profundizar en la realizaci\u00f3n de acciones que contribuyan a que \u00e9stas vivan libres de ataques, sean plenamente respetadas y ejerzan plenamente sus derechos.<\/p>\n<p>Luego del acto de conmemoraci\u00f3n del D\u00eda Internacional de la Eliminaci\u00f3n de la Violencia contra la Mujer efectuado en la explanada del Palacio Municipal, donde servidoras y servidores p\u00fablicos del ayuntamiento se congregaron en torno a la frase \u201c25 N #Ni Una Menos\u201d.<\/p>\n","protected":false},"excerpt":{"rendered":"<p>Pese a que este municipio no tiene Alerta de Violencia de G\u00e9nero, el gobierno del alcalde Armando Navarrete L\u00f3pez, ha emprendido desde el primer d\u00eda de su gesti\u00f3n, un combate frontal contra las agresiones hacia las personas del sexo femenino, por lo que, reiter\u00f3 su compromiso de profundizar en la realizaci\u00f3n de acciones que contribuyan a que \u00e9stas vivan libres de ataques, sean plenamente respetadas y ejerzan plenamente sus derechos.<\/p>\n","protected":false},"author":3,"featured_media":528665,"comment_status":"open","ping_status":"open","sticky":false,"template":"","format":"standard","meta":{"_monsterinsights_skip_tracking":false,"_monsterinsights_sitenote_active":false,"_monsterinsights_sitenote_note":"","_monsterinsights_sitenote_category":0,"footnotes":""},"categories":[5],"tags":[94147,43675,752],"class_list":["post-528593","post","type-post","status-publish","format-standard","has-post-thumbnail","hentry","category-estado-de-mexico","tag-ni-una-menos","tag-estado-de-mexico","tag-nicolas-romero"],"_links":{"self":[{"href":"https:\/\/www.diarioimagen.net\/index.php?rest_route=\/wp\/v2\/posts\/528593","targetHints":{"allow":["GET"]}}],"collection":[{"href":"https:\/\/www.diarioimagen.net\/index.php?rest_route=\/wp\/v2\/posts"}],"about":[{"href":"https:\/\/www.diarioimagen.net\/index.php?rest_route=\/wp\/v2\/types\/post"}],"author":[{"embeddable":true,"href":"https:\/\/www.diarioimagen.net\/index.php?rest_route=\/wp\/v2\/users\/3"}],"replies":[{"embeddable":true,"href":"https:\/\/www.diarioimagen.net\/index.php?rest_route=%2Fwp%2Fv2%2Fcomments&post=528593"}],"version-history":[{"count":0,"href":"https:\/\/www.diarioimagen.net\/index.php?rest_route=\/wp\/v2\/posts\/528593\/revisions"}],"wp:featuredmedia":[{"embeddable":true,"href":"https:\/\/www.diarioimagen.net\/index.php?rest_route=\/wp\/v2\/media\/528665"}],"wp:attachment":[{"href":"https:\/\/www.diarioimagen.net\/index.php?rest_route=%2Fwp%2Fv2%2Fmedia&parent=528593"}],"wp:term":[{"taxonomy":"category","embeddable":true,"href":"https:\/\/www.diarioimagen.net\/index.php?rest_route=%2Fwp%2Fv2%2Fcategories&post=528593"},{"taxonomy":"post_tag","embeddable":true,"href":"https:\/\/www.diarioimagen.net\/index.php?rest_route=%2Fwp%2Fv2%2Ftags&post=528593"}],"curies":[{"name":"wp","href":"https:\/\/api.w.org\/{rel}","templated":true}]}}