{"id":528623,"date":"2021-11-29T00:08:43","date_gmt":"2021-11-29T06:08:43","guid":{"rendered":"https:\/\/www.diarioimagen.net\/?p=528623"},"modified":"2021-11-29T05:10:10","modified_gmt":"2021-11-29T11:10:10","slug":"se-reciclan-cartuchos-quemados","status":"publish","type":"post","link":"https:\/\/www.diarioimagen.net\/?p=528623","title":{"rendered":"Se reciclan \u201ccartuchos quemados\u201d"},"content":{"rendered":"<h2>Punto por punto<\/h2>\n<h5>Augusto Corro<\/h5>\n<p>&nbsp;<\/p>\n<p>La oposici\u00f3n partidista sigue sumida en la mediocridad; adem\u00e1s, carece de l\u00edderes.<\/p>\n<p>As\u00ed lo demostr\u00f3 la nueva organizaci\u00f3n denominada Frente C\u00edvico Nacional (Frecin) el s\u00e1bado pasado.<\/p>\n<p>Promovido por \u201ccartuchos quemados\u201d de la pol\u00edtica buscan ser un contrapeso verdadero para la Cuarta Transformaci\u00f3n (4T).<\/p>\n<p>Concretamente se empe\u00f1ar\u00e1n en darle voz a las 32 entidades del pa\u00eds para formar una oposici\u00f3n \u00fanica en las pr\u00f3ximas elecciones presidenciales de 2024.<\/p>\n<p>La reuni\u00f3n para anunciar su proyecto se realiz\u00f3 en el WTC de la Ciudad de M\u00e9xico.<\/p>\n<p>Seg\u00fan se inform\u00f3, asistieron los pol\u00edticos eternos encabezados por Guadalupe Acosta Naranjo, un ex perredista que va a todas.<\/p>\n<p>Tambi\u00e9n estuvieron en la reuni\u00f3n los siguientes \u201cgrillos\u201d:<\/p>\n<p>Senador Gustavo Madero, periodista Beatriz Pag\u00e9s, ex priista; Mar\u00eda Elena Morera, activista; el senador Emilio Alvarez Icaza, sin partido; el pol\u00edtico Fernando Belaunzar\u00e1n y Demetrio Sodi de la Tijera.<\/p>\n<p>El movimiento Frecin no parece ser lo esperado por la oposici\u00f3n. Los personajes que lo promueven tienen poca o nula convocatoria.<\/p>\n<p>El comit\u00e9 promotor del citado frente inform\u00f3 que se dar\u00e1 inicio a la expansi\u00f3n a nivel nacional que tiene como meta inmediata una convenci\u00f3n fundadora.<\/p>\n<p>Ayudar\u00eda mucho a Frecin incorporar en su lucha a dirigentes j\u00f3venes con ideas nuevas, sin pensamientos arcaicos, con ganas de competir. De otra forma, la oposici\u00f3n seguir\u00e1 en la mediocridad.<\/p>\n<p>\u00bfUsted qu\u00e9 opina amable lector?<\/p>\n<p style=\"text-align: center;\"><strong>Las carreteras de la muerte<\/strong><\/p>\n<p>El fin de semana volvi\u00f3 a registrarse un accidente carretero, en el que perdieron la vida 21 personas.\u00a0 Un autob\u00fas tur\u00edstico que transportaba 50 peregrinos se qued\u00f3 sin frenos y se impact\u00f3 contra una vivienda.<\/p>\n<p>Los viajeros, que partieron de Michoac\u00e1n, ten\u00edan como meta el Santuario del Se\u00f1or de Chalma, en Malinalco, Estado de M\u00e9xico.<\/p>\n<p>De acuerdo con los informes oficiales, en el primer trimestre de 2021 fallecieron 685 personas y mil 677 resultaron lesionadas, en accidentes registrados en carreteras federales. Fueron siete las entidades donde se concentraron el 40 por ciento de los accidentes consumados en dicho lapso:<\/p>\n<p>Veracruz, Guanajuato, Chiapas, Jalisco, Estado de M\u00e9xico, Michoac\u00e1n e Hidalgo.<\/p>\n<p>Tambi\u00e9n, en algunas regiones del pa\u00eds, contin\u00faa la violencia desatada en los caminos debido a la presencia de las organizaciones del narcotr\u00e1fico.<\/p>\n<p>\u00bfY las autoridades? Bien, gracias.<\/p>\n<p>Las tragedias en las carreteras parecen encontrarse sin leyes que obliguen a los conductores a manejar con precauci\u00f3n.<\/p>\n<p>Por ejemplo, los camiones de doble remolque son conducidos a altas velocidades, por choferes irresponsables que provocan accidentes a cada rato.<\/p>\n<p style=\"text-align: center;\"><strong>Violencia contra activistas<\/strong><\/p>\n<p>El jueves fue asesinada la activista Marisol Cuadras, durante un ataque armado frente al palacio municipal de Guaymas, Sonora. La joven realizaba una manifestaci\u00f3n pac\u00edfica contra la violencia de g\u00e9nero.<\/p>\n<p>Ese crimen se sum\u00f3 a las decenas de asesinatos contra activistas en M\u00e9xico.\u00a0 En la mayor\u00eda de los casos, los criminales no son castigados.<\/p>\n<p>Como es costumbre, la Comisi\u00f3n Nacional de los Derechos Humanos (CNDH) lanz\u00f3 su respectiva condena de los hechos.<\/p>\n<p>Inform\u00f3 que la comisi\u00f3n inici\u00f3 una queja de oficio y solicit\u00f3 a las autoridades de los tres \u00f3rdenes de gobierno, y en particular del estado, investigar con diligencia y exhaustividad el caso. Cabe se\u00f1alar que adem\u00e1s de Marisol perdieron la vida otras dos personas.<\/p>\n<p>La joven Misol Cuadras era integrante de la Colectiva \u201cFeministas del Mar\u201d. Protestaba pac\u00edficamente frente al edificio gubernamental, en el D\u00eda Internacional de la Eliminaci\u00f3n de la Violencia contra la Mujer.<\/p>\n<p>La CNDH demand\u00f3 que en el caso de Marisol no se descarte su posible vinculaci\u00f3n con las labores de activismo como defensora de derechos humanos, especialmente de las mujeres. Sin embargo, las autoridades ya manifestaron que la agresi\u00f3n era directa contra las autoridades locales.<\/p>\n<p>Ojal\u00e1 y el asesinato de Marisol sea investigado a fondo y se castigue a los criminales.<\/p>\n<p><a href=\"mailto:aco2742@hotmail.com\" target=\"_blank\" rel=\"noopener noreferrer\"><em>aco2742@hotmail.com<\/em><\/a><\/p>\n","protected":false},"excerpt":{"rendered":"<p><span style=\"color: #005497;\"><strong>Augusto Corro<\/strong><\/span><\/p>\n","protected":false},"author":3,"featured_media":0,"comment_status":"open","ping_status":"open","sticky":false,"template":"","format":"standard","meta":{"_monsterinsights_skip_tracking":false,"_monsterinsights_sitenote_active":false,"_monsterinsights_sitenote_note":"","_monsterinsights_sitenote_category":0,"footnotes":""},"categories":[157],"tags":[43686,43674,11515],"class_list":["post-528623","post","type-post","status-publish","format-standard","hentry","category-augusto-corro","tag-augusto-corro","tag-opinion","tag-punto-por-punto"],"_links":{"self":[{"href":"https:\/\/www.diarioimagen.net\/index.php?rest_route=\/wp\/v2\/posts\/528623","targetHints":{"allow":["GET"]}}],"collection":[{"href":"https:\/\/www.diarioimagen.net\/index.php?rest_route=\/wp\/v2\/posts"}],"about":[{"href":"https:\/\/www.diarioimagen.net\/index.php?rest_route=\/wp\/v2\/types\/post"}],"author":[{"embeddable":true,"href":"https:\/\/www.diarioimagen.net\/index.php?rest_route=\/wp\/v2\/users\/3"}],"replies":[{"embeddable":true,"href":"https:\/\/www.diarioimagen.net\/index.php?rest_route=%2Fwp%2Fv2%2Fcomments&post=528623"}],"version-history":[{"count":0,"href":"https:\/\/www.diarioimagen.net\/index.php?rest_route=\/wp\/v2\/posts\/528623\/revisions"}],"wp:attachment":[{"href":"https:\/\/www.diarioimagen.net\/index.php?rest_route=%2Fwp%2Fv2%2Fmedia&parent=528623"}],"wp:term":[{"taxonomy":"category","embeddable":true,"href":"https:\/\/www.diarioimagen.net\/index.php?rest_route=%2Fwp%2Fv2%2Fcategories&post=528623"},{"taxonomy":"post_tag","embeddable":true,"href":"https:\/\/www.diarioimagen.net\/index.php?rest_route=%2Fwp%2Fv2%2Ftags&post=528623"}],"curies":[{"name":"wp","href":"https:\/\/api.w.org\/{rel}","templated":true}]}}