{"id":528636,"date":"2021-11-29T00:08:02","date_gmt":"2021-11-29T06:08:02","guid":{"rendered":"https:\/\/www.diarioimagen.net\/?p=528636"},"modified":"2021-11-29T05:20:08","modified_gmt":"2021-11-29T11:20:08","slug":"legisladores-han-renunciado-a-ser-contrapeso-del-poder-lorenzo-cordova","status":"publish","type":"post","link":"https:\/\/www.diarioimagen.net\/?p=528636","title":{"rendered":"Legisladores han renunciado a ser contrapeso del poder: Lorenzo C\u00f3rdova"},"content":{"rendered":"<h2>Clase Pol\u00edtica<\/h2>\n<h5>Miguel \u00c1ngel Rivera<\/h5>\n<p>&nbsp;<\/p>\n<p>\u201cPresenciamos la renuncia de parte de los legisladores a su funci\u00f3n fundamental de contrapeso del poder, y se privilegia el <strong><em>no se cambie ni una coma <\/em><\/strong>frente a la construcci\u00f3n de consensos democr\u00e1ticos como \u00fanica v\u00eda para la recreaci\u00f3n pac\u00edfica e incluyente de nuestro pluralismo pol\u00edtico\u201d, afirm\u00f3 el presidente del Instituto Nacional Electoral (INE), Lorenzo C\u00f3rdova Vianello, al recordar la omisi\u00f3n del Congreso de la Uni\u00f3n para aprobar la ley secundaria que regular\u00e1 la reelecci\u00f3n de diputados federales que por primera vez ocurri\u00f3 en las pasadas elecciones intermedias.<\/p>\n<p>Vapuleado por los diputados federales de Morena en reciente comparecencia, sobre todo porque los diputados oficialistas de Morena y asociados, criticaron a los consejeros electorales por no haber aceptado que les recortaran sus salarios, el presidente del INE se present\u00f3 en la Feria Internacional del Libro (FIL) de Guadalajara, en donde particip\u00f3 en la presentaci\u00f3n del libro <strong><em>La reelecci\u00f3n en M\u00e9xico el nuevo reto democr\u00e1tico<\/em><\/strong>,<strong><em> del magistrado Jorge S\u00e1nchez Morales, <\/em><\/strong>el titular del INE acus\u00f3 que los legisladores han privilegiado el que \u201cno se cambie ni una coma\u201d a las iniciativas enviadas al Congreso de la Uni\u00f3n. Destac\u00f3 que los legisladores abdicaron de sus responsabilidades legislativas, por lo cual el INE debi\u00f3 aprobar disposiciones reglamentarias para llenar los vac\u00edos dejados por diputados y senadores.<\/p>\n<p>\u201cCabe precisar que si bien el 18 de marzo de 2020, en los albores del proceso electoral de 2021, la C\u00e1mara de Diputados aprob\u00f3 una iniciativa de reformas y adiciones en esta materia, dicha iniciativa no transit\u00f3 en el Senado de la Rep\u00fablica. En s\u00edntesis, no hay Ley\u201d, se\u00f1al\u00f3 C\u00f3rdova como ejemplo.<\/p>\n<p>El consejero presidente del sostuvo que este libro es una obligada referencia y consulta para los legisladores, pues, dijo, resulta pertinente en un contexto en donde prevalece \u201cpor desgracia\u201d un debate p\u00fablico precario, el dogma y se desprecia la discusi\u00f3n informada. Hay \u201cun ambiente en el que hay una renuncia a la sana e indispensable, en un contexto democr\u00e1tico, confrontaci\u00f3n de las ideas y en el que existe una condena anti-moderna al pensamiento cr\u00edtico y al conocimiento cient\u00edfico\u201d, expres\u00f3 C\u00f3rdova.<\/p>\n<p>Tambi\u00e9n el presidente del Tribunal Electoral del Poder Judicial de la Federaci\u00f3n, Reyes Rodr\u00edguez Mondrag\u00f3n, subray\u00f3 que, en las pasadas elecciones, el 65% de los diputados que se postularon para la reelecci\u00f3n ganaron las elecciones, mientras que, a nivel local, 25% de los legisladores locales intent\u00f3 reelegirse al menos en una ocasi\u00f3n, entre 2014-2019.<\/p>\n<p>En esta presentaci\u00f3n, adem\u00e1s del autor, tambi\u00e9n particip\u00f3 la ministra de la Suprema Corte de Justicia de la Naci\u00f3n (SCJN), Norma Luc\u00eda Pi\u00f1a. Antes, C\u00f3rdova Vianello inaugur\u00f3 el stand del INE en esta edici\u00f3n 35 de la FIL de Guadalajara.<\/p>\n<p style=\"text-align: center;\"><strong>Indigno, que el Presidente de la Rep\u00fablica utilice<br \/>\nsu tribuna para atacar a sus cr\u00edticos: Krauze<\/strong><\/p>\n<p>Esta edici\u00f3n de la FIL, de alguna manera respondi\u00f3 a las cr\u00edticas del presidente Andr\u00e9s Manuel L\u00f3pez Obrador, quien hace un a\u00f1o coment\u00f3 que las \u00faltimas Ferias del Libro de Guadalajara estuvieron dedicadas en contra de nosotros, y mencion\u00f3 entre otros autores contrarios al premio Nobel Mario Vargas Llosa, y a los escritores mexicanos H\u00e9ctor Aguilar Cam\u00edn y Enrique Krauze.<\/p>\n<p>En esa ocasi\u00f3n el gobernador de Jalisco, difundi\u00f3 un video en el cual denunci\u00f3 que Morena y los operadores de la 4T dan dinero para que lo ataquen, as\u00ed como a su gobierno.<\/p>\n<p>El presidente L\u00f3pez Obrador neg\u00f3 esas acciones: \u201cNosotros no hacemos eso\u201d y se\u00f1al\u00f3 que no hay nada personal contra el gobernador de Jalisco. Indic\u00f3 que Alfaro tiene una postura, que pertenece a un \u201cbloque de conservadores\u201d y que se lleva muy bien con el l\u00edder de la Universidad de Guadalajara.<\/p>\n<p>El a\u00f1o anterior, la FIL de Guadalajara fue reconocida con el Premio Princesa de Asturias de Comunicaci\u00f3n y Humanidades. El presidente de la Feria, el ex rector de la Universidad de Guadalajara, Ra\u00fal Padilla L\u00f3pez, no acudi\u00f3, pero envi\u00f3 un video en el que dedicaba el Premio a las v\u00edctimas de Covid-19. \u201cLos libros y en general la letra impresa se alimentan de la libertad y a la vez la ampl\u00edan\u201d.<\/p>\n<p>Seguramente para incomodidad del presidente L\u00f3pez Obrador, en la edici\u00f3n de este a\u00f1o de la FIL se volvi\u00f3 a presentar el historiador Enrique Krauze para presentar su libro \u201cCr\u00edtica al poder presidencial\u201d.<\/p>\n<p>En esa oportunidad, el tambi\u00e9n director de la revisa cultural <strong><em>Letras Libres<\/em><\/strong> afirm\u00f3 que bienvenido el debate, bienvenida la disidencia, bienvenida la diferencia de opiniones, pero \u201ces indigno de la Presidencia de M\u00e9xico, con todo el poder que tiene, con toda la fuerza que significa el lugar desde donde habla, emplear la tribuna presidencial para insultar, para atacar a sus cr\u00edticos\u201d.<\/p>\n<p>El historiados destac\u00f3 que la palabra presidencial tiene un peso inmenso, por lo cual \u201ces una injusticia, es una asimetr\u00eda, es indigno de la Presidencia de M\u00e9xico que el presidente con todo el poder que tiene utilice el pulpito presidencial o la palestra presidencial para insultar, calumniar, difamar o atacar a sus cr\u00edticos\u201d.<\/p>\n<p>El autor de <strong><em>Por una democracia sin adjetivos<\/em><\/strong> destac\u00f3 que nunca hab\u00edan ocurrido esos ataques desde el p\u00falpito presidencial, \u201cen un pa\u00eds tan acosado, en donde el periodismo es tan acosado, donde mueren tantos periodistas, en un pa\u00eds como M\u00e9xico el presidente con todo el poder que tiene, con nombre y apellido difame, calumnie y mienta sobre periodistas o intelectuales o acad\u00e9micos\u201d.<\/p>\n<p>Krauze dijo que deseaba un gobierno de izquierda, pero que respetara las conquistas que tanto costaron, con divisi\u00f3n de poderes, libertad de la prensa, libertad de los medios, libertad de expresi\u00f3n, respeto a la cr\u00edtica, respeto a los organismos aut\u00f3nomos, al Instituto federal Electoral, al Instituto Nacional de Transparencia, a todas las instancias aut\u00f3nomas, con un Congreso y un poder judicial que se respete as\u00ed mismo y un presidente que respete a los ciudadanos y sobre todo, un presidente que no utilice con fines pol\u00edticos, los profundos sentimientos religiosos y la fe del pueblo mexicano.<\/p>\n<p style=\"text-align: center;\"><strong>Ideas de libertad que cambian al mundo<\/strong><\/p>\n<p>Tambi\u00e9n la FIL de Guadalajara se present\u00f3 el libro <strong><em>Ideas sobre la libertad que cambian al mundo<\/em><\/strong> del empresario Ricardo Salinas Pliego en el cual expone comentarios positivos acerca de temas como el valor de la libertad econ\u00f3mica, pol\u00edtica, de expresi\u00f3n y de acci\u00f3n. Adem\u00e1s, recalca la importancia de defender las libertades y de crear una prosperidad incluyente para que la sociedad salga adelante.<\/p>\n<p>La obra del presidente y fundador del Grupo Salinas fue presentada por los periodistas Leonardo Curzio y Sergio Sarmiento.<\/p>\n<p>En un art\u00edculo que public\u00f3 en el diario <strong><em>El Universal<\/em><\/strong>, a prop\u00f3sito de nueva obra, el destacado empresario escribi\u00f3 estar inspirado por la obra <strong><em>El Arte de la Guerra <\/em><\/strong>del fil\u00f3sofo Sun Tzu.<\/p>\n<p>\u201cAlgo que considero muy importante es que, en el terreno de batalla -o en los negocios-, un buen comandante deja que la situaci\u00f3n se desarrolle y, con paciencia, encuentra el momento indicado para actuar. Las mejores oportunidades de negocio se ejecutan bajo la observaci\u00f3n y el entendimiento sobre lo que hace falta en los mercados, conocer profundamente las necesidades de la gente, abre la puerta a la innovaci\u00f3n y al emprendimiento\u201d.<\/p>\n<p>En su libro <em>Ideas sobre la libertad que cambian al mundo<\/em>, el empresario Salinas Pliego plasma su particular y poderosa visi\u00f3n sobre el valor esencial de la libertad econ\u00f3mica, pol\u00edtica, de expresi\u00f3n y de acci\u00f3n.<\/p>\n<p>Una de las principales revelaciones que hace en su libro el visionario empresario mexicano es en torno a la importancia de defender nuestras libertades y de crear prosperidad incluyente para que todos salgamos adelante.<\/p>\n<p>Por otra parte, la bancada del PRI en la C\u00e1mara de Diputados insisti\u00f3 en la necesidad de reactivar el programa de Estancias Infantiles, cancelado por la llamada Cuarta Transformaci\u00f3n.<\/p>\n<p>\u201cQuienes cuidaban a los menores en el programa de Estancias Infantiles no eran maestras, eran vecinas que hoy est\u00e1n desempleadas, que eran capacitadas y supervisadas por el DIF Nacional. Y los ni\u00f1os y ni\u00f1as que tuvieron mayor exposici\u00f3n a este programa, tuvieron mejoras en el puntaje en su escala de comunicaci\u00f3n, y fueron beneficiados en su comportamiento individual y social, afirm\u00f3 Ana Lilia Herrera Anzaldo, presidenta de la Comisi\u00f3n de Derechos de la Ni\u00f1ez y Adolescencia.<\/p>\n<p><em><a href=\"mailto:riparcangel@hotmail.com\" target=\"_blank\" rel=\"noopener noreferrer\">riparcangel@hotmail.com<\/a><\/em><\/p>\n","protected":false},"excerpt":{"rendered":"<p><span style=\"color: #005497;\"><strong>Miguel \u00c1ngel Rivera<\/strong><\/span<\/span><\/p>\n","protected":false},"author":3,"featured_media":0,"comment_status":"open","ping_status":"open","sticky":false,"template":"","format":"standard","meta":{"_monsterinsights_skip_tracking":false,"_monsterinsights_sitenote_active":false,"_monsterinsights_sitenote_note":"","_monsterinsights_sitenote_category":0,"footnotes":""},"categories":[84119],"tags":[84120,84121,43674],"class_list":["post-528636","post","type-post","status-publish","format-standard","hentry","category-miguel-angel-rivera","tag-clase-politica","tag-miguel-angel-rivera","tag-opinion"],"_links":{"self":[{"href":"https:\/\/www.diarioimagen.net\/index.php?rest_route=\/wp\/v2\/posts\/528636","targetHints":{"allow":["GET"]}}],"collection":[{"href":"https:\/\/www.diarioimagen.net\/index.php?rest_route=\/wp\/v2\/posts"}],"about":[{"href":"https:\/\/www.diarioimagen.net\/index.php?rest_route=\/wp\/v2\/types\/post"}],"author":[{"embeddable":true,"href":"https:\/\/www.diarioimagen.net\/index.php?rest_route=\/wp\/v2\/users\/3"}],"replies":[{"embeddable":true,"href":"https:\/\/www.diarioimagen.net\/index.php?rest_route=%2Fwp%2Fv2%2Fcomments&post=528636"}],"version-history":[{"count":0,"href":"https:\/\/www.diarioimagen.net\/index.php?rest_route=\/wp\/v2\/posts\/528636\/revisions"}],"wp:attachment":[{"href":"https:\/\/www.diarioimagen.net\/index.php?rest_route=%2Fwp%2Fv2%2Fmedia&parent=528636"}],"wp:term":[{"taxonomy":"category","embeddable":true,"href":"https:\/\/www.diarioimagen.net\/index.php?rest_route=%2Fwp%2Fv2%2Fcategories&post=528636"},{"taxonomy":"post_tag","embeddable":true,"href":"https:\/\/www.diarioimagen.net\/index.php?rest_route=%2Fwp%2Fv2%2Ftags&post=528636"}],"curies":[{"name":"wp","href":"https:\/\/api.w.org\/{rel}","templated":true}]}}