{"id":528694,"date":"2021-11-30T00:04:01","date_gmt":"2021-11-30T06:04:01","guid":{"rendered":"https:\/\/www.diarioimagen.net\/?p=528694"},"modified":"2021-11-30T06:43:25","modified_gmt":"2021-11-30T12:43:25","slug":"urge-acercar-el-tema-del-suicidio-a-los-gobiernos-y-la-sociedad-mason-orta","status":"publish","type":"post","link":"https:\/\/www.diarioimagen.net\/?p=528694","title":{"rendered":"Urge acercar el tema del suicidio a los gobiernos y la sociedad: Mas\u00f3n Orta"},"content":{"rendered":"<p>&nbsp;<\/p>\n<ul>\n<li><strong><em>Sesi\u00f3n de cabildo abierto en Cuautitl\u00e1n<\/em><\/strong><\/li>\n<\/ul>\n<p>&nbsp;<\/p>\n<div id=\"attachment_528792\" style=\"width: 470px\" class=\"wp-caption aligncenter\"><a href=\"https:\/\/www.diarioimagen.net\/?attachment_id=528792\" rel=\"attachment wp-att-528792\"><img loading=\"lazy\" decoding=\"async\" aria-describedby=\"caption-attachment-528792\" class=\"size-full wp-image-528792\" src=\"https:\/\/www.diarioimagen.net\/wp-content\/uploads\/2021\/11\/cuautitlan-11.jpg\" alt=\"\" width=\"460\" height=\"270\" \/><\/a><p id=\"caption-attachment-528792\" class=\"wp-caption-text\">En la novena sesi\u00f3n de cabildo abierto enfocado al tema de prevenci\u00f3n del suicidio, el alcalde Cuauht\u00e9moc Mas\u00f3n Orta, se\u00f1al\u00f3 la urgencia de acercar este tema de gran relevancia.<\/p><\/div>\n<p>&nbsp;<\/p>\n<p><strong>Cuautitl\u00e1n, Estado de M\u00e9xico.\u2014<\/strong> Durante la novena sesi\u00f3n de cabildo abierto enfocado al tema de prevenci\u00f3n del suicidio, el presidente Municipal Cuauht\u00e9moc Mas\u00f3n Orta, se\u00f1al\u00f3 la urgencia de acercar este tema de gran relevancia, a las autoridades municipales con el objetivo de encontrar la mejor forma de atenderlos, primeramente, visibiliz\u00e1ndolo, dijo.<\/p>\n<p>Acompa\u00f1ado de la s\u00edndica, regidores, la secretaria del ayuntamiento, as\u00ed como p\u00fablico en general, Mas\u00f3n Orta dijo que este tema requiere de la atenci\u00f3n del personal especializado de salud, con el objetivo de afrontarlo, siguiendo una ruta definida para entenderlo y atacarlo desde la responsabilidad institucional, asever\u00f3.<\/p>\n<p>Durante esta sesi\u00f3n de cabildo abierto se cont\u00f3 con la participaci\u00f3n de vecinos quienes expusieron las experiencias y repercusiones de este problema, desde la perspectiva social, familiar e institucional como parte de los trabajos de prevenci\u00f3n emprendidas por el gobierno municipal.<\/p>\n<p>Las vecinas participantes coincidieron en la necesidad de darle difusi\u00f3n a las campa\u00f1as de prevenci\u00f3n que los gobiernos, instituciones privadas y sociedad civil, llevan a cabo, las cuales pueden salvarle la vida a las personas que afrontan sentimientos de soledad o de vac\u00edo.<\/p>\n<p>La tanat\u00f3loga y vecina de Cuautitl\u00e1n, al hacer uso de la palabra, mencion\u00f3 que se hace necesario la atenci\u00f3n especializada, dependiendo de las caracter\u00edsticas emocionales que atraviesan las personas, desde un dolor o p\u00e9rdida, por lo que hay que estar atentos a cualquier indicio y subray\u00f3, no hay que dejar que dolor los consuma.<\/p>\n<p>El INEGI, report\u00f3 que en el Estado de M\u00e9xico se registraron 832 muertes a causa del suicidio, que lo sit\u00faa como la entidad con mayor n\u00famero de decesos por este hecho, se\u00f1al\u00f3 otra vecina participante, quien propuso algunas estrategias, como la de contar con una l\u00ednea telef\u00f3nica de atenci\u00f3n, unidades de atenci\u00f3n de primera instancia y campa\u00f1as intensivas, entre otras.<\/p>\n<p>En el desarrollo de la asamblea, se invit\u00f3 al p\u00fablico a acudir a las instalaciones del Sistema Municipal DIF, de Los Morales, ubicada en la calle Magnolia no.75, donde se cuenta con especialistas que dan atenci\u00f3n y asesor\u00eda sobre este tema, adem\u00e1s el Grupo de Ayuda de Prevenci\u00f3n del Suicidio dar\u00e1 la pl\u00e1tica \u201cHablando del Suicidio\u201d, el d\u00eda 13 de diciembre a las 09:00 horas.<\/p>\n","protected":false},"excerpt":{"rendered":"<p>Durante la novena sesi\u00f3n de cabildo abierto enfocado al tema de prevenci\u00f3n del suicidio, el presidente Municipal Cuauht\u00e9moc Mas\u00f3n Orta, se\u00f1al\u00f3 la urgencia de acercar este tema de gran relevancia, a las autoridades municipales con el objetivo de encontrar la mejor forma de atenderlos, primeramente, visibiliz\u00e1ndolo, dijo.<\/p>\n","protected":false},"author":3,"featured_media":528792,"comment_status":"open","ping_status":"open","sticky":false,"template":"","format":"standard","meta":{"_monsterinsights_skip_tracking":false,"_monsterinsights_sitenote_active":false,"_monsterinsights_sitenote_note":"","_monsterinsights_sitenote_category":0,"footnotes":""},"categories":[5],"tags":[681,43675,4302,2973,94150],"class_list":["post-528694","post","type-post","status-publish","format-standard","has-post-thumbnail","hentry","category-estado-de-mexico","tag-cuautitlan","tag-estado-de-mexico","tag-sociedad","tag-suicidio","tag-tema"],"_links":{"self":[{"href":"https:\/\/www.diarioimagen.net\/index.php?rest_route=\/wp\/v2\/posts\/528694","targetHints":{"allow":["GET"]}}],"collection":[{"href":"https:\/\/www.diarioimagen.net\/index.php?rest_route=\/wp\/v2\/posts"}],"about":[{"href":"https:\/\/www.diarioimagen.net\/index.php?rest_route=\/wp\/v2\/types\/post"}],"author":[{"embeddable":true,"href":"https:\/\/www.diarioimagen.net\/index.php?rest_route=\/wp\/v2\/users\/3"}],"replies":[{"embeddable":true,"href":"https:\/\/www.diarioimagen.net\/index.php?rest_route=%2Fwp%2Fv2%2Fcomments&post=528694"}],"version-history":[{"count":0,"href":"https:\/\/www.diarioimagen.net\/index.php?rest_route=\/wp\/v2\/posts\/528694\/revisions"}],"wp:featuredmedia":[{"embeddable":true,"href":"https:\/\/www.diarioimagen.net\/index.php?rest_route=\/wp\/v2\/media\/528792"}],"wp:attachment":[{"href":"https:\/\/www.diarioimagen.net\/index.php?rest_route=%2Fwp%2Fv2%2Fmedia&parent=528694"}],"wp:term":[{"taxonomy":"category","embeddable":true,"href":"https:\/\/www.diarioimagen.net\/index.php?rest_route=%2Fwp%2Fv2%2Fcategories&post=528694"},{"taxonomy":"post_tag","embeddable":true,"href":"https:\/\/www.diarioimagen.net\/index.php?rest_route=%2Fwp%2Fv2%2Ftags&post=528694"}],"curies":[{"name":"wp","href":"https:\/\/api.w.org\/{rel}","templated":true}]}}