{"id":528696,"date":"2021-11-30T00:03:45","date_gmt":"2021-11-30T06:03:45","guid":{"rendered":"https:\/\/www.diarioimagen.net\/?p=528696"},"modified":"2021-11-30T06:44:28","modified_gmt":"2021-11-30T12:44:28","slug":"estancias-infantiles-una-oportunidad-de-desarrollo-para-miles-de-ninos-karla-fiesco","status":"publish","type":"post","link":"https:\/\/www.diarioimagen.net\/?p=528696","title":{"rendered":"Estancias infantiles, una oportunidad de desarrollo para miles de ni\u00f1os: Karla Fiesco"},"content":{"rendered":"<p>&nbsp;<\/p>\n<ul>\n<li><strong><em>Seis centros a cargo del DIF est\u00e1n activos<\/em><\/strong><\/li>\n<\/ul>\n<p>&nbsp;<\/p>\n<div id=\"attachment_528796\" style=\"width: 470px\" class=\"wp-caption aligncenter\"><a href=\"https:\/\/www.diarioimagen.net\/?attachment_id=528796\" rel=\"attachment wp-att-528796\"><img loading=\"lazy\" decoding=\"async\" aria-describedby=\"caption-attachment-528796\" class=\"size-full wp-image-528796\" src=\"https:\/\/www.diarioimagen.net\/wp-content\/uploads\/2021\/11\/izcalli-7.jpg\" alt=\"\" width=\"460\" height=\"270\" \/><\/a><p id=\"caption-attachment-528796\" class=\"wp-caption-text\">La alcaldesa electa de Cuautitl\u00e1n Izcalli, Karla Fiesco, particip\u00f3 en el Foro Virtual: \u201cEstancias Infantiles: Un respiro para miles de mujeres\u201d.<\/p><\/div>\n<p>&nbsp;<\/p>\n<p><strong>Cuautitl\u00e1n Izcalli, Estado de M\u00e9xico.\u2014<\/strong> Karla Fiesco Garc\u00eda, presidenta municipal electa de Cuautitl\u00e1n Izcalli particip\u00f3 en el Foro Virtual: \u201cEstancias Infantiles: Un respiro para miles de mujeres\u201d donde habl\u00f3 sobre el panorama de \u00e9stas en el municipio, comentando que hoy en d\u00eda existen 7 que est\u00e1n a cargo del Sistema DIF Municipal, de las cuales 6 se encuentran activas, ya que una sufri\u00f3 da\u00f1os estructurales durante el sismo del 2017, en la que en su administraci\u00f3n se pondr\u00e1 en servicio.<\/p>\n<p>Tambi\u00e9n refiri\u00f3 que desafortunadamente en el caso de Izcalli, se cerraron 32 estancias del programa estancias infantiles de Sedesol.<\/p>\n<p>\u201cLas estancias infantiles representan una oportunidad de desarrollo para miles de ni\u00f1os, as\u00ed como tambi\u00e9n la posibilidad de que las madres de familia que se encuentran estudiando puedan continuar haci\u00e9ndolo, as\u00ed como las que trabajan y aportan de manera activa en la econom\u00eda de su hogar, favoreciendo la estabilidad familiar y brind\u00e1ndoles la posibilidad de no solo cumplir con su rol de madres, si no de permitirles desempe\u00f1arse en otros \u00e1mbitos personales mientras sus hijos a la est\u00e1n en espacios seguros, atendidos y que fomentan el desarrollo de la primera infancia que es esencial y se ha perdido con el cierre de nuestras estancias\u201d coment\u00f3 la presidenta electa.<\/p>\n<p>Durante su participaci\u00f3n en la ronda de preguntas, Karla Fiesco coment\u00f3 que se encuentra generando los an\u00e1lisis pertinentes para atender el tema.<\/p>\n<p>\u201cPara nuestro plan de gobierno estamos haciendo diagn\u00f3stico del estado de cada una de nuestras estancias para invertir en tenerlas en condiciones \u00f3ptimas para los ni\u00f1os que se benefician de ellas, coordinando la Unidad de Atenci\u00f3n Psicol\u00f3gica, que depende del DIF con las instancias Infantiles, para la prevenci\u00f3n y atenci\u00f3n a la violencia familiar, as\u00ed como un programa integral de capacitaci\u00f3n e impulso al emprendimiento en la plataforma \u2018Mujer Izcallense\u2019, que tambi\u00e9n estar\u00e1 tocando puertas con el sector privado y con otras instancias estatales y federales para poder generar acciones y oportunidades para nuestras mujeres\u201d.<\/p>\n<p>\u201cPor ning\u00fan motivo el servicio de estancias debe representar un riesgo, se preve\u00e9 un presupuesto para dignificar estos espacios, para reactivar la estancia que esta detenida y por supuesto se esta evaluando la posibilidad de hacer sinergia con empresas, asociaciones y sociedad civil para aumentar el n\u00famero de estancias infantiles que hoy en d\u00eda tenemos, esto nos beneficia a todos, generamos empleos, disminuimos violencias, deserci\u00f3n escolar en madres j\u00f3venes y reactivamos la econom\u00eda de nuestras familias\u201d, finalizando as\u00ed su participaci\u00f3n en el mencionado foro.<\/p>\n","protected":false},"excerpt":{"rendered":"<p>Karla Fiesco Garc\u00eda, presidenta municipal electa de Cuautitl\u00e1n Izcalli particip\u00f3 en el Foro Virtual: \u201cEstancias Infantiles: Un respiro para miles de mujeres\u201d donde habl\u00f3 sobre el panorama de \u00e9stas en el municipio, comentando que hoy en d\u00eda existen 7 que est\u00e1n a cargo del Sistema DIF Municipal, de las cuales 6 se encuentran activas, ya que una sufri\u00f3 da\u00f1os estructurales durante el sismo del 2017, en la que en su administraci\u00f3n se pondr\u00e1 en servicio.<\/p>\n","protected":false},"author":3,"featured_media":528796,"comment_status":"open","ping_status":"open","sticky":false,"template":"","format":"standard","meta":{"_monsterinsights_skip_tracking":false,"_monsterinsights_sitenote_active":false,"_monsterinsights_sitenote_note":"","_monsterinsights_sitenote_category":0,"footnotes":""},"categories":[5],"tags":[971,31416,43675,93011,6187],"class_list":["post-528696","post","type-post","status-publish","format-standard","has-post-thumbnail","hentry","category-estado-de-mexico","tag-cuautitlan-izcalli","tag-desarrollo","tag-estado-de-mexico","tag-karla-fiesco-garcia","tag-ninos"],"_links":{"self":[{"href":"https:\/\/www.diarioimagen.net\/index.php?rest_route=\/wp\/v2\/posts\/528696","targetHints":{"allow":["GET"]}}],"collection":[{"href":"https:\/\/www.diarioimagen.net\/index.php?rest_route=\/wp\/v2\/posts"}],"about":[{"href":"https:\/\/www.diarioimagen.net\/index.php?rest_route=\/wp\/v2\/types\/post"}],"author":[{"embeddable":true,"href":"https:\/\/www.diarioimagen.net\/index.php?rest_route=\/wp\/v2\/users\/3"}],"replies":[{"embeddable":true,"href":"https:\/\/www.diarioimagen.net\/index.php?rest_route=%2Fwp%2Fv2%2Fcomments&post=528696"}],"version-history":[{"count":0,"href":"https:\/\/www.diarioimagen.net\/index.php?rest_route=\/wp\/v2\/posts\/528696\/revisions"}],"wp:featuredmedia":[{"embeddable":true,"href":"https:\/\/www.diarioimagen.net\/index.php?rest_route=\/wp\/v2\/media\/528796"}],"wp:attachment":[{"href":"https:\/\/www.diarioimagen.net\/index.php?rest_route=%2Fwp%2Fv2%2Fmedia&parent=528696"}],"wp:term":[{"taxonomy":"category","embeddable":true,"href":"https:\/\/www.diarioimagen.net\/index.php?rest_route=%2Fwp%2Fv2%2Fcategories&post=528696"},{"taxonomy":"post_tag","embeddable":true,"href":"https:\/\/www.diarioimagen.net\/index.php?rest_route=%2Fwp%2Fv2%2Ftags&post=528696"}],"curies":[{"name":"wp","href":"https:\/\/api.w.org\/{rel}","templated":true}]}}