{"id":528719,"date":"2021-11-30T00:04:24","date_gmt":"2021-11-30T06:04:24","guid":{"rendered":"https:\/\/www.diarioimagen.net\/?p=528719"},"modified":"2021-11-30T04:10:12","modified_gmt":"2021-11-30T10:10:12","slug":"frente-civico-nacional-fin-de-ideologias","status":"publish","type":"post","link":"https:\/\/www.diarioimagen.net\/?p=528719","title":{"rendered":"Frente C\u00edvico Nacional, fin de ideolog\u00edas"},"content":{"rendered":"<h2>Desde el portal<\/h2>\n<h5>\u00c1ngel Soriano<\/h5>\n<p>&nbsp;<\/p>\n<p>No s\u00f3lo se pone fin a las ideolog\u00edas, sino se borran los colores partidistas con la formaci\u00f3n del Frente C\u00edvico Nacional que pretende arrebatar el poder a Morena e imponer una nueva ruta a la naci\u00f3nm pues la actual no va de acuerdo a sus intereses disfrazados de intereses nacionales, de acuerdo a la versi\u00f3n de sus creadores.<\/p>\n<p>Si en el pasado reciente PAN y PRI se disputaban el poder con l\u00edneas ideol\u00f3gicas claramente marcadas, entre la reacci\u00f3n y la revoluci\u00f3n, con perfiles de izquierda de otros partidos o intelectuales, hoy ambos est\u00e1n superados y se busca un nuevo enfoque partidista con banderas suficientes para escalar el poder.<\/p>\n<p>Se han borrado los ideales o las convicciones ideol\u00f3gicas y hoy la defensa del medio ambiente, la pandemia, la defensa de la democracia, la insuficiencia en el abasto de medicamento y las instituciones, entre otros problemas comunes, son las banderas que enarbolar\u00e1n los nuevos contendientes en la arena pol\u00edtica.<\/p>\n<p>Si es en defensa de la naci\u00f3n y de la comunidad, sin duda que son buenas banderas; pero si se usa como pretexto para acceder a los puestos p\u00fablicos, resulta m\u00e1s de lo mismo como ha quedado demostrado en las \u00faltimas sucesiones presidenciales o la llamada alternancia en el poder. Los mismos vicios de siempre: impunidad y corrupci\u00f3n que acaban con todo.<\/p>\n<p style=\"text-align: center;\"><strong>Turbulencias<br \/>\n\u00bfVan sobre Mancera?<\/strong><\/p>\n<p>La detenci\u00f3n del ex coordinador de la Central de Abasto, Julio Serna, podr\u00eda ser el inicio del enjuiciamiento de la administraci\u00f3n del ex jefe de Gobierno del DF, senador Miguel \u00c1ngel Mancera, y presentarse otro caso similar al que enfrenta la ex titular de Sedesol, Rosario Robles. Es indudable que los funcionarios no realizan ninguna acci\u00f3n sin el visto bueno de sus jefes, pues en el manejo de los recursos p\u00fablicos existen candados imposibles de abrirlos sin la autorizaci\u00f3n correspondiente\u2026 Ra\u00fal Padilla, el controlador de la FIL, ha convertido un encuentro cultural en un redituable negocio que hoy transform\u00f3 en un instrumento pol\u00edtico opositor a los gobiernos estatal y federal. Con varias d\u00e9cadas de manejar el presupuesto universitario, seguramente pronto ser\u00e1 motivo de supervisi\u00f3n de los recursos federales y estatales que ha manejado durante a\u00f1os\u2026 El subsecretario Hugo L\u00f3pez-Gatell desmiente a los pa\u00edses de Europa, Asia y Estados Unidos que han encendido sus alarmas por la presencia de una nueva variante del covid-19, todav\u00eda m\u00e1s agresivo y devastador que otras y todo con el objeto de calmar a la poblaci\u00f3n y dejar que \u00e9sta asista libremente a la concentraci\u00f3n del mi\u00e9rcoles a la celebraci\u00f3n del tercer aniversario de la IV-Transformaci\u00f3n, o cuando menos se ve ese prop\u00f3sito al desautorizar la versi\u00f3n cient\u00edfica de la gravedad de la nueva ola de la pandemia\u2026 El director del ISSSTE, Luis Antonio Ram\u00edrez Pineda, afirma que la instituci\u00f3n a su cargo ha adquirido ya los medicamentos suficientes para la poblaci\u00f3n que una vez que las farmac\u00e9uticas los entreguen ser\u00e1n repartidos. Eso se espera pues por lo que se vio en la Biblioteca Jos\u00e9 Vasconcelos, la demanda del biol\u00f3gico es grande en la poblaci\u00f3n que antes era reacia a aplic\u00e1rselo. Se espera que las autoridades, al margen de los intereses pol\u00edticos, atiendan la gravedad de la pandemia y no ocurra lo que ha pasado en meses anteriores que se desestim\u00f3 hasta alcanzar cifras alarmantes de personas afectadas\u2026 Llam\u00f3 la atenci\u00f3n en Oaxaca que durante la gira del presidente L\u00f3pez Obrador por el istmo apareciera el director del IEEPO, Francisco \u00c1ngel Villarreal, que se ha tomado en serio como aspirante a la gubernatura de Oaxaca.<\/p>\n<p><u><a href=\"mailto:asorianocarrasco@yahoo.com\" target=\"_blank\" rel=\"noopener noreferrer\"><em>asorianocarrasco@yahoo.com<\/em><\/a><br \/>\n<em><a href=\"https:\/\/revistabrecha.com\" target=\"_blank\" rel=\"noopener noreferrer\">www.revistabrecha.com<\/a><br \/>\n<a href=\"https:\/\/twitter.com\/brecharevista\" target=\"_blank\" rel=\"noopener noreferrer\">@BrechaRevista<\/a><\/em><\/u><\/p>\n","protected":false},"excerpt":{"rendered":"<p><span style=\"color: #005497;\"><strong>\u00c1ngel Soriano<\/strong><\/span><\/p>\n","protected":false},"author":3,"featured_media":0,"comment_status":"open","ping_status":"open","sticky":false,"template":"","format":"standard","meta":{"_monsterinsights_skip_tracking":false,"_monsterinsights_sitenote_active":false,"_monsterinsights_sitenote_note":"","_monsterinsights_sitenote_category":0,"footnotes":""},"categories":[135],"tags":[85,86,43674],"class_list":["post-528719","post","type-post","status-publish","format-standard","hentry","category-angel-soriano-opinion","tag-angel-soriano","tag-desde-el-portal","tag-opinion"],"_links":{"self":[{"href":"https:\/\/www.diarioimagen.net\/index.php?rest_route=\/wp\/v2\/posts\/528719","targetHints":{"allow":["GET"]}}],"collection":[{"href":"https:\/\/www.diarioimagen.net\/index.php?rest_route=\/wp\/v2\/posts"}],"about":[{"href":"https:\/\/www.diarioimagen.net\/index.php?rest_route=\/wp\/v2\/types\/post"}],"author":[{"embeddable":true,"href":"https:\/\/www.diarioimagen.net\/index.php?rest_route=\/wp\/v2\/users\/3"}],"replies":[{"embeddable":true,"href":"https:\/\/www.diarioimagen.net\/index.php?rest_route=%2Fwp%2Fv2%2Fcomments&post=528719"}],"version-history":[{"count":0,"href":"https:\/\/www.diarioimagen.net\/index.php?rest_route=\/wp\/v2\/posts\/528719\/revisions"}],"wp:attachment":[{"href":"https:\/\/www.diarioimagen.net\/index.php?rest_route=%2Fwp%2Fv2%2Fmedia&parent=528719"}],"wp:term":[{"taxonomy":"category","embeddable":true,"href":"https:\/\/www.diarioimagen.net\/index.php?rest_route=%2Fwp%2Fv2%2Fcategories&post=528719"},{"taxonomy":"post_tag","embeddable":true,"href":"https:\/\/www.diarioimagen.net\/index.php?rest_route=%2Fwp%2Fv2%2Ftags&post=528719"}],"curies":[{"name":"wp","href":"https:\/\/api.w.org\/{rel}","templated":true}]}}