{"id":528723,"date":"2021-11-30T00:08:14","date_gmt":"2021-11-30T06:08:14","guid":{"rendered":"https:\/\/www.diarioimagen.net\/?p=528723"},"modified":"2021-11-30T04:14:20","modified_gmt":"2021-11-30T10:14:20","slug":"ahora-omicron","status":"publish","type":"post","link":"https:\/\/www.diarioimagen.net\/?p=528723","title":{"rendered":"Ahora, \u00d3micron"},"content":{"rendered":"<h2>Punto por punto<\/h2>\n<h5>Augusto Corro<\/h5>\n<p>&nbsp;<\/p>\n<p>Estamos hartos de la pandemia y as\u00ed seguiremos sin l\u00edmite de tiempo.<\/p>\n<p>Tenemos sobre nuestras cabezas a la \u00d3micron, una nueva variante del coronavirus.<\/p>\n<p>La Organizaci\u00f3n Mundial de la Salud (OMS) que la citada cepa presenta \u201cun riesgo muy elevado para el mundo\u201d.<\/p>\n<p>Recalc\u00f3 que el es elevada la posibilidad de que es elevada la posibilidad de que el virus se extienda a nivel mundial.<\/p>\n<p>En algunos pa\u00edses, con experiencia de sobra contra la pandemia, procedieron a cerrar sus aeropuertos.<\/p>\n<p>En M\u00e9xico, a la hora de escribir estas l\u00edneas, el gobierno se manten\u00eda en la idea de la no preocupaci\u00f3n.<\/p>\n<p>\u201cEstamos preparados y atentos\u201d para la variante \u00d3micron\u201d, dijo el presidente L\u00f3pez Obrador.<\/p>\n<p>Claro, conforme avancen las horas sabremos qu\u00e9 hacer frente a \u00d3micron, por ahora lo importante es cuidarnos.<\/p>\n<p>Es decir: no bajar la guardia. Adem\u00e1s, continuar con la aplicaci\u00f3n de las medidas sanitarias: lavado de manos constante, uso de cubrebocas y sana distancia.<\/p>\n<p>Vacunarse por encima de todo. Tambi\u00e9n se recomienda evitar lugares p\u00fablicos con presencia de muchas personas.<\/p>\n<p>En M\u00e9xico se viene una temporada de fiestas decembrinas que nos obligar\u00e1n a extremar cuidados.<\/p>\n<p>Ser\u00e1 nuestra responsabilidad evitar el contagio. En fin, la pesadilla se repite con la nueva cepa de coronavirus.<\/p>\n<p>\u00bfUsted qu\u00e9 opina amable lector?<\/p>\n<p style=\"text-align: center;\"><strong>Oposici\u00f3n sin fuerza<\/strong><\/p>\n<p>No existe preocupaci\u00f3n por la formaci\u00f3n del Frente C\u00edvico Nacional (Frecin) como franca y activa oposici\u00f3n.\u00a0 El nuevo grupo est\u00e1 promovido por pol\u00edticos inconformes y nada m\u00e1s.<\/p>\n<p>Lo que realmente los une es su rechazo al gobierno del presidente L\u00f3pez Obrador.<\/p>\n<p>Y si los promotores y seguidores del Frecin no definen sus metas, dif\u00edcilmente podr\u00e1n avanzar y crecer como oposici\u00f3n.<\/p>\n<p>Sin ideolog\u00eda y doctrina no podr\u00e1n llegar a ning\u00fan lugar.<\/p>\n<p>Cabe se\u00f1alar que quienes promueven al citado frente vienen de diferentes partidos pol\u00edticos, en los que desempe\u00f1aron papeles de mediocridad.<\/p>\n<p>Los partidos pol\u00edticos ya tienen la experiencia sobrada sobre su participaci\u00f3n en las contiendas electorales.<\/p>\n<p>En los recientes comicios electorales, la oposici\u00f3n sufri\u00f3 tal descalabro que a\u00fan contin\u00faa en la lona.<\/p>\n<p>Se juntaron representantes de las llamadas corrientes de izquierda y derecha. Los resultados todo el mundo los conoce.<\/p>\n<p>Y ahora van otra vez por la revancha. S\u00f3lo que no tienen la fuerza suficiente para ganar.\u00a0 Por ejemplo, \u00bfa quien se le ocurri\u00f3 la alianza PAN, PRI y PRD?<\/p>\n<p>Participaron en las elecciones presidenciales unidos por las ambiciones pol\u00edticas. No les result\u00f3.<\/p>\n<p>Adem\u00e1s, poco pueden ofrecer al electorado pol\u00edticos como Beatriz Pag\u00e9s, priista de coraz\u00f3n, Guadalupe Acosta Naranjo, se ignora su posici\u00f3n pol\u00edtica y Gustavo Madero, todav\u00eda militante panista.<\/p>\n<p style=\"text-align: center;\"><strong>El INE, en campa\u00f1ax<\/strong><\/p>\n<p>Alguien le dijo\u00a0 a Lorenzo C\u00f3rdova que puede ser candidato presidencial y se lo tom\u00f3 en serio. En cuanto acto p\u00fablico se presenta, no pierde la oportunidad de manifestar su tendencia pol\u00edtica.<\/p>\n<p>Las pugnas entre el gobierno federal y Lorenzo C\u00f3rdova son conocidas por todos.<\/p>\n<p>Es tan grande el pleito, que Morena enviar\u00e1 una iniciativa para reformar las leyes del INE.<\/p>\n<p>Los conflictos surgieron cuando se les orden\u00f3 a los consejeros que se bajaran sus sueldos que est\u00e1n por encima de lo que gana el presidente L\u00f3pez Obrador.<\/p>\n<p>Lo que hicieron los funcionarios del INE fue ampararse para continuar con su salario privilegiado.<\/p>\n<p>Con motivo de la revocaci\u00f3n de mandato, el INE dijo que no ten\u00eda suficiente capacidad econ\u00f3mica para realizar la encuesta.<\/p>\n<p>En una entrevista radiof\u00f3nica, Lorenzo C\u00f3rdova dijo que teme que la mencionada revocaci\u00f3n \u201cse quede a medias\u201d por el recorte presupuestal\u201d.<\/p>\n<p>Inform\u00f3 que el INE solicit\u00f3 3 mil millones de pesos para poder organizar el ejercicio de revocaci\u00f3n; sin embargo, solo se le concedieron 800 millones.<\/p>\n<p>Y, claro, el consejero Lorenzo C\u00f3rdova ya se maneja como presidenciable.<\/p>\n<p>\u00bfUsted qu\u00e9 opina amable lector?<\/p>\n<p><a href=\"mailto:aco2742@hotmail.com\" target=\"_blank\" rel=\"noopener noreferrer\"><em>aco2742@hotmail.com<\/em><\/a><\/p>\n","protected":false},"excerpt":{"rendered":"<p><span style=\"color: #005497;\"><strong>Augusto Corro<\/strong><\/span><\/p>\n","protected":false},"author":3,"featured_media":0,"comment_status":"open","ping_status":"open","sticky":false,"template":"","format":"standard","meta":{"_monsterinsights_skip_tracking":false,"_monsterinsights_sitenote_active":false,"_monsterinsights_sitenote_note":"","_monsterinsights_sitenote_category":0,"footnotes":""},"categories":[157],"tags":[43686,43674,11515],"class_list":["post-528723","post","type-post","status-publish","format-standard","hentry","category-augusto-corro","tag-augusto-corro","tag-opinion","tag-punto-por-punto"],"_links":{"self":[{"href":"https:\/\/www.diarioimagen.net\/index.php?rest_route=\/wp\/v2\/posts\/528723","targetHints":{"allow":["GET"]}}],"collection":[{"href":"https:\/\/www.diarioimagen.net\/index.php?rest_route=\/wp\/v2\/posts"}],"about":[{"href":"https:\/\/www.diarioimagen.net\/index.php?rest_route=\/wp\/v2\/types\/post"}],"author":[{"embeddable":true,"href":"https:\/\/www.diarioimagen.net\/index.php?rest_route=\/wp\/v2\/users\/3"}],"replies":[{"embeddable":true,"href":"https:\/\/www.diarioimagen.net\/index.php?rest_route=%2Fwp%2Fv2%2Fcomments&post=528723"}],"version-history":[{"count":0,"href":"https:\/\/www.diarioimagen.net\/index.php?rest_route=\/wp\/v2\/posts\/528723\/revisions"}],"wp:attachment":[{"href":"https:\/\/www.diarioimagen.net\/index.php?rest_route=%2Fwp%2Fv2%2Fmedia&parent=528723"}],"wp:term":[{"taxonomy":"category","embeddable":true,"href":"https:\/\/www.diarioimagen.net\/index.php?rest_route=%2Fwp%2Fv2%2Fcategories&post=528723"},{"taxonomy":"post_tag","embeddable":true,"href":"https:\/\/www.diarioimagen.net\/index.php?rest_route=%2Fwp%2Fv2%2Ftags&post=528723"}],"curies":[{"name":"wp","href":"https:\/\/api.w.org\/{rel}","templated":true}]}}