{"id":528726,"date":"2021-11-30T00:03:41","date_gmt":"2021-11-30T06:03:41","guid":{"rendered":"https:\/\/www.diarioimagen.net\/?p=528726"},"modified":"2021-11-30T04:15:22","modified_gmt":"2021-11-30T10:15:22","slug":"en-democracia-no-caben-dogmas-ine","status":"publish","type":"post","link":"https:\/\/www.diarioimagen.net\/?p=528726","title":{"rendered":"En democracia no caben dogmas: INE"},"content":{"rendered":"<h2>Espacio Electoral<\/h2>\n<h5>Eleazar Flores<\/h5>\n<p>&nbsp;<\/p>\n<p><strong>AUTORITARISMO-.<\/strong> \u201cEn la democracia no hay cabida para dogmas\u201d, dijo el presidente del Instituto Nacional Electoral, Lorenzo C\u00f3rdova, en el seno de la Feria Internacional del Libro de Guadalajara, evento cultural mundial n\u00famero dos, superado s\u00f3lo por la Feria del Libro de M\u00fanich, Alemania.<\/p>\n<p>M\u00e1s de diez piensan de inmediato que el pronunciamiento llevaba dedicatoria y que por lo mismo, ser\u00e1 un motivo m\u00e1s para seguir atacando al INE, blanco preferido de morenistas de todos niveles.<\/p>\n<p>\u201cQuien piense que tiene la verdad absoluta en realidad est\u00e1 en una \u00e1mbito que no es el de la pol\u00edtica democr\u00e1tica, est\u00e1 en el \u00e1mbito de la pol\u00edtica autoritaria\u201d, dijo en otra parte de su concurrida participaci\u00f3n el presidente del Instituto Nacional Electoral, apreciando entre los asistentes cruce de miradas, pues tambi\u00e9n pensaban que llevaba dedicatoria.<\/p>\n<p>Este escribiente ha tenido la oportunidad de estar en algunas ediciones de la FIL de Guadalajara y en honor a la verdad se transpira un ambiente diferente, de j\u00f3venes y adultos que saben a lo que van, a escuchar a destacados escritores, premios Nobel y conferencistas de nivel a quienes se les escucha con respeto y concentraci\u00f3n, Lorenzo C\u00f3rdova lo sab\u00eda bien, de ah\u00ed el tipo de discurso.<\/p>\n<p>En la democracia no hay pensamientos\u00a0 \u00fanicos, predominantes, pues ser\u00edan una embestida, la anti-ciencia, dijo en otra parte el burgomaestre C\u00f3rdova Vianello, ante un auditorio atento, pero tambi\u00e9n con cierto grado de desconcierto, m\u00e1s cuando a\u00f1adi\u00f3 que dentro de la democracia la opini\u00f3n \u00fanica puede caer en la pol\u00edtica autoritaria.<\/p>\n<p>Esta trig\u00e9sima quinta edici\u00f3n de la Feria Internacional del Libro de Guadalajara, suspendida en 2020 por la pandemia, ahora teniendo al hermano pa\u00eds de Per\u00fa como invitado especial, ha tenido conferencistas y \u201cdialoguistas\u201d, dicen algunos invitados, de todos los calibres y para todos los gustos, pero m\u00e1s gusto da, adem\u00e1s del reinicio, la asistencia mayoritaria de j\u00f3venes.<\/p>\n<p>Pues este escenario es el que escogi\u00f3 el consejero presidente del Instituto Nacional Electoral, que por el tenor de su participaci\u00f3n -como si fuera necesario- surgir\u00e1n voces de todos los calibres del Movimiento Regeneraci\u00f3n Nacional para seguirlo viendo como blanco preferido, m\u00e1s a\u00fan ahora que el inicio de los trabajos preparatorios para la Revocaci\u00f3n de Mandato no prende tanto.<\/p>\n<p>M\u00e1xime, por la instrucci\u00f3n avalada por el INE y el Tribunal Electoral del Poder Judicial de la Federaci\u00f3n en el sentido de limitar al padre de la Cuarta Transformaci\u00f3n hacer campa\u00f1a convocando al voto, igual que los dirigentes de partidos.<\/p>\n<p>Para bien o para mal, esta campa\u00f1a s\u00f3lo recae en el Instituto Nacional Electoral, pero despreoc\u00fapese, para el d\u00eda de la consulta, 10 de abril, faltan m\u00e1s de cuatro meses.<\/p>\n<p><em><a href=\"mailto:elefa44@gmail.com\" target=\"_blank\" rel=\"noopener noreferrer\">elefa44@gmail.com<\/a><\/em><\/p>\n","protected":false},"excerpt":{"rendered":"<p><span style=\"color: #005497;\"><strong>Eleazar Flores<\/strong><\/span><\/p>\n","protected":false},"author":3,"featured_media":0,"comment_status":"open","ping_status":"open","sticky":false,"template":"","format":"standard","meta":{"_monsterinsights_skip_tracking":false,"_monsterinsights_sitenote_active":false,"_monsterinsights_sitenote_note":"","_monsterinsights_sitenote_category":0,"footnotes":""},"categories":[81743],"tags":[81744,81776,43674],"class_list":["post-528726","post","type-post","status-publish","format-standard","hentry","category-eleazar-flores","tag-eleazar-flores","tag-espacio-electoral","tag-opinion"],"_links":{"self":[{"href":"https:\/\/www.diarioimagen.net\/index.php?rest_route=\/wp\/v2\/posts\/528726","targetHints":{"allow":["GET"]}}],"collection":[{"href":"https:\/\/www.diarioimagen.net\/index.php?rest_route=\/wp\/v2\/posts"}],"about":[{"href":"https:\/\/www.diarioimagen.net\/index.php?rest_route=\/wp\/v2\/types\/post"}],"author":[{"embeddable":true,"href":"https:\/\/www.diarioimagen.net\/index.php?rest_route=\/wp\/v2\/users\/3"}],"replies":[{"embeddable":true,"href":"https:\/\/www.diarioimagen.net\/index.php?rest_route=%2Fwp%2Fv2%2Fcomments&post=528726"}],"version-history":[{"count":0,"href":"https:\/\/www.diarioimagen.net\/index.php?rest_route=\/wp\/v2\/posts\/528726\/revisions"}],"wp:attachment":[{"href":"https:\/\/www.diarioimagen.net\/index.php?rest_route=%2Fwp%2Fv2%2Fmedia&parent=528726"}],"wp:term":[{"taxonomy":"category","embeddable":true,"href":"https:\/\/www.diarioimagen.net\/index.php?rest_route=%2Fwp%2Fv2%2Fcategories&post=528726"},{"taxonomy":"post_tag","embeddable":true,"href":"https:\/\/www.diarioimagen.net\/index.php?rest_route=%2Fwp%2Fv2%2Ftags&post=528726"}],"curies":[{"name":"wp","href":"https:\/\/api.w.org\/{rel}","templated":true}]}}