{"id":528821,"date":"2021-12-01T00:05:25","date_gmt":"2021-12-01T06:05:25","guid":{"rendered":"https:\/\/www.diarioimagen.net\/?p=528821"},"modified":"2021-12-02T08:17:04","modified_gmt":"2021-12-02T14:17:04","slug":"publica-uaem-convocatoria-para-elegir-vocal-del-consejo-ciudadano-de-uni-radio-99-7-fm-se-privilegia-un-proceso-publico-y-abierto","status":"publish","type":"post","link":"https:\/\/www.diarioimagen.net\/?p=528821","title":{"rendered":"Publica UAEM convocatoria para elegir vocal del Consejo Ciudadano de Uni Radio 99.7 FM; se privilegia un proceso p\u00fablico y abierto"},"content":{"rendered":"<p><em>\u00a0<\/em><\/p>\n<ul>\n<li><strong><em>Los postulantes podr\u00e1n participar hasta al 3 de diciembre en un horario de 8:00 a 20:00 horas<\/em><\/strong><\/li>\n<\/ul>\n<p>&nbsp;<\/p>\n<div id=\"attachment_528911\" style=\"width: 470px\" class=\"wp-caption aligncenter\"><a href=\"https:\/\/www.diarioimagen.net\/?attachment_id=528911\" rel=\"attachment wp-att-528911\"><img loading=\"lazy\" decoding=\"async\" aria-describedby=\"caption-attachment-528911\" class=\"size-full wp-image-528911\" src=\"https:\/\/www.diarioimagen.net\/wp-content\/uploads\/2021\/12\/uaem.jpg\" alt=\"\" width=\"460\" height=\"270\" \/><\/a><p id=\"caption-attachment-528911\" class=\"wp-caption-text\">Al aprobarse por el H. Consejo Universitario de la UAEM, el procedimiento para publicarse la convocatoria del nuevo o nueva integrante del Consejo Ciudadano de XHUAX 99.7 FM Uni Radio, la instituci\u00f3n cumple con disposiciones legales.<\/p><\/div>\n<p>&nbsp;<\/p>\n<p><strong>Toluca, Estado de M\u00e9xico.\u2014<\/strong> Para fortalecer la misi\u00f3n del Consejo Ciudadano de la estaci\u00f3n XHUAX 99.7 FM Uni Radio como un \u00f3rgano plural de representaci\u00f3n social, se public\u00f3 la convocatoria para elegir a uno de sus vocales, acto de transparencia mediante el cual la Universidad Aut\u00f3noma del Estado de M\u00e9xico (UAEM) da cumplimiento a diversas disposiciones legales, entre ellas, la Ley Federal de Telecomunicaciones y Radiodifusi\u00f3n.<\/p>\n<p>Luego de aprobarse por el H. Consejo Universitario de la UAEM, que preside el rector Carlos Eduardo Barrera D\u00edaz, el procedimiento para la publicaci\u00f3n de la convocatoria para el periodo 2021-2023, se podr\u00e1 completar a cinco integrantes el n\u00famero establecido de vocales para el Consejo Ciudadano de Uni Radio, que entre sus facultades destaca enriquecer los contenidos radiof\u00f3nicos de la estaci\u00f3n auriverde.<\/p>\n<p>Respecto a este procedimiento, la titular de Direcci\u00f3n General de Comunicaci\u00f3n Universitaria (DGCU), Ginarely Alc\u00e1ntara Valencia detall\u00f3 que con un t\u00edtulo de concesi\u00f3n hasta el a\u00f1o 2043, la estaci\u00f3n radiof\u00f3nica Uni Radio 99.7 FM con casi 15 a\u00f1os de existencia, cumple con la Ley Federal de Telecomunicaciones y Radiodifusi\u00f3n la cual indica, entre otros aspectos, el establecimiento de un Consejo Ciudadano integrado por cinco personas.<\/p>\n<p>Asimismo, mediante la elecci\u00f3n del vocal, se responde al art\u00edculo 7 de la Constituci\u00f3n Pol\u00edtica de los Estados Unidos Mexicano; 1 y 2 de la Ley de la UAEM; 2, 10 y 11 del Estatuto Universitario; as\u00ed como 5 y 8 de los Lineamientos del Consejo Ciudadano de XHUAX 99.7 FM.<\/p>\n<p>A\u00f1adi\u00f3 que en agosto pasado, con la renuncia de uno de los integrantes de dicho \u00f3rgano colegiado, es necesario la elecci\u00f3n por medio de un proceso p\u00fablico y abierto de una o un integrante del Consejo Ciudadano.<\/p>\n<p>La convocatoria, disponible para su consulta en los medios oficiales de la DGCU de la Aut\u00f3noma mexiquense, detalla que el registro de aspirantes para el Consejo Ciudadano se realizar\u00e1 hasta el pr\u00f3ximo 3 de diciembre en un horario de 8:00 a 20:00 horas a trav\u00e9s de postulaciones que podr\u00e1n realizarse exclusivamente v\u00eda electr\u00f3nica.<\/p>\n<p>Entre los requisitos para la postulaci\u00f3n destacan tener ciudadan\u00eda mexiquense con edad m\u00ednima de 25 a\u00f1os, destacarse por el conocimiento de la comunidad, la difusi\u00f3n cultural, el arte y el deporte, as\u00ed como la divulgaci\u00f3n cient\u00edfica, la cr\u00edtica, la libertad de pensamiento y participaci\u00f3n ciudadana. Tener vocaci\u00f3n de servicio y contar preferentemente con reconocimiento en el desempe\u00f1o laboral en \u00e1reas relacionadas con los medios de comunicaci\u00f3n. \u200b\u200b<\/p>\n<p>Los resultados de la selecci\u00f3n de la o el vocal del Consejo Ciudadano, cuyo encargo ser\u00e1 a t\u00edtulo honor\u00edfico, se publicar\u00e1n a partir del 8 de diciembre en la p\u00e1gina de internet <em>http:\/\/uniradio.uaemex.mx<\/em> y se dar\u00e1n a conocer en redes oficiales de la DGCU y en la programaci\u00f3n de Uni Radio 99.7 FM.<\/p>\n","protected":false},"excerpt":{"rendered":"<p>Para fortalecer la misi\u00f3n del Consejo Ciudadano de la estaci\u00f3n XHUAX 99.7 FM Uni Radio como un \u00f3rgano plural de representaci\u00f3n social, se public\u00f3 la convocatoria para elegir a uno de sus vocales, acto de transparencia mediante el cual la Universidad Aut\u00f3noma del Estado de M\u00e9xico (UAEM) da cumplimiento a diversas disposiciones legales, entre ellas, la Ley Federal de Telecomunicaciones y Radiodifusi\u00f3n.<\/p>\n","protected":false},"author":3,"featured_media":528911,"comment_status":"open","ping_status":"open","sticky":false,"template":"","format":"standard","meta":{"_monsterinsights_skip_tracking":false,"_monsterinsights_sitenote_active":false,"_monsterinsights_sitenote_note":"","_monsterinsights_sitenote_category":0,"footnotes":""},"categories":[5],"tags":[2483,43675,452],"class_list":["post-528821","post","type-post","status-publish","format-standard","has-post-thumbnail","hentry","category-estado-de-mexico","tag-consejo-ciudadano","tag-estado-de-mexico","tag-toluca"],"_links":{"self":[{"href":"https:\/\/www.diarioimagen.net\/index.php?rest_route=\/wp\/v2\/posts\/528821","targetHints":{"allow":["GET"]}}],"collection":[{"href":"https:\/\/www.diarioimagen.net\/index.php?rest_route=\/wp\/v2\/posts"}],"about":[{"href":"https:\/\/www.diarioimagen.net\/index.php?rest_route=\/wp\/v2\/types\/post"}],"author":[{"embeddable":true,"href":"https:\/\/www.diarioimagen.net\/index.php?rest_route=\/wp\/v2\/users\/3"}],"replies":[{"embeddable":true,"href":"https:\/\/www.diarioimagen.net\/index.php?rest_route=%2Fwp%2Fv2%2Fcomments&post=528821"}],"version-history":[{"count":0,"href":"https:\/\/www.diarioimagen.net\/index.php?rest_route=\/wp\/v2\/posts\/528821\/revisions"}],"wp:featuredmedia":[{"embeddable":true,"href":"https:\/\/www.diarioimagen.net\/index.php?rest_route=\/wp\/v2\/media\/528911"}],"wp:attachment":[{"href":"https:\/\/www.diarioimagen.net\/index.php?rest_route=%2Fwp%2Fv2%2Fmedia&parent=528821"}],"wp:term":[{"taxonomy":"category","embeddable":true,"href":"https:\/\/www.diarioimagen.net\/index.php?rest_route=%2Fwp%2Fv2%2Fcategories&post=528821"},{"taxonomy":"post_tag","embeddable":true,"href":"https:\/\/www.diarioimagen.net\/index.php?rest_route=%2Fwp%2Fv2%2Ftags&post=528821"}],"curies":[{"name":"wp","href":"https:\/\/api.w.org\/{rel}","templated":true}]}}