{"id":528823,"date":"2021-12-01T00:03:12","date_gmt":"2021-12-01T06:03:12","guid":{"rendered":"https:\/\/www.diarioimagen.net\/?p=528823"},"modified":"2021-12-02T02:10:19","modified_gmt":"2021-12-02T08:10:19","slug":"monreal-aclara-mi-permanencia-en-morena-no-esta-condicionada","status":"publish","type":"post","link":"https:\/\/www.diarioimagen.net\/?p=528823","title":{"rendered":"Monreal aclara: mi permanencia en Morena no est\u00e1 condicionada"},"content":{"rendered":"<p>&nbsp;<\/p>\n<h3 style=\"text-align: center;\">Pol\u00e9mica sobre m\u00e9todo para elegir candidatos<\/h3>\n<p><em>\u00a0<\/em><\/p>\n<ul>\n<li><strong><em>Afirma que quer\u00edan descalificarlo frente al presidente L\u00f3pez Obrador<\/em><\/strong><\/li>\n<\/ul>\n<p>&nbsp;<\/p>\n<div id=\"attachment_528913\" style=\"width: 470px\" class=\"wp-caption aligncenter\"><a href=\"https:\/\/www.diarioimagen.net\/?attachment_id=528913\" rel=\"attachment wp-att-528913\"><img loading=\"lazy\" decoding=\"async\" aria-describedby=\"caption-attachment-528913\" class=\"size-full wp-image-528913\" src=\"https:\/\/www.diarioimagen.net\/wp-content\/uploads\/2021\/12\/monreal.jpg\" alt=\"\" width=\"460\" height=\"270\" \/><\/a><p id=\"caption-attachment-528913\" class=\"wp-caption-text\">Ricardo Monreal aclar\u00f3 que es falso que su permanencia dentro del Movimiento de Regeneraci\u00f3n Nacional est\u00e9 condicionada.<\/p><\/div>\n<p>&nbsp;<\/p>\n<p>Tras las suposiciones sobre su presunta salida de Morena, por la estrategia para seleccionar a sus candidatos, Ricardo Monreal aclar\u00f3 que es falso que su permanencia dentro del partido est\u00e9 condicionada y asegur\u00f3 que haber puesto esas palabras en su boca, fue s\u00f3lo para desprestigiarlo frente al presidente Andr\u00e9s Manuel L\u00f3pez Obrador.<\/p>\n<p>Y es que, desde hace meses, el tambi\u00e9n l\u00edder de la bancada morenista en el Senado de la Rep\u00fablica, se ha pronunciado en contra del m\u00e9todo de encuesta usado por el Movimiento Regeneraci\u00f3n Nacional para seleccionar sus postulados a los cargos de elecci\u00f3n popular, al se\u00f1alar que \u00e9l ha sido v\u00edctima de \u00e9stas.<\/p>\n<p>\u201cNunca lo har\u00e9, no estoy en ese proceso de condicionar o de actuar de manera soberbia, no lo har\u00e9 nunca\u201d, dijo Monreal y reiter\u00f3 que desde su punto de vista y sin buscar un enfrentamiento con el mandatario federal, la encuesta est\u00e1 desgastada, por lo que es momento de modernizar al partido y ese ser\u00e1 el tema que debatir\u00e1 con los \u00f3rganos de gobierno morenistas.<\/p>\n<p>\u201cNo me desdigo, he dicho que la encuesta es m\u00e9todo desgastado en el que yo no comparto y que, dentro de Morena, en los \u00f3rganos de discusi\u00f3n de Morena plantear\u00e9 la b\u00fasqueda de otra forma de selecci\u00f3n de candidatos como la elecci\u00f3n primaria o como las convenciones o consultas a la base militante de Morena y sus aliados. No es que sea un rebelde sin causa, sino un hombre que est\u00e1 reflexionando en torno a un proceso de selecci\u00f3n de Morena que no intenta poner en riesgo el triunfo en 2024\u201d, puntualiz\u00f3.<\/p>\n<p>Tambi\u00e9n aclar\u00f3 que no est\u00e1 pensando en buscar la candidatura presidencial en otros partidos, \u201cellos cuentan, con sus propios perfiles y yo no ando de ofrecido\u201d, asever\u00f3, aunque s\u00ed reconoce que est\u00e1 alejado de L\u00f3pez Obrador, luego de la derrota en la Ciudad de M\u00e9xico.<\/p>\n<p>\u201cNo necesit\u00f3 estar tan cerca de \u00e9l cuando puede seguir cumpliendo con los principios y el ideario en el que cree. No voy a traicionar nunca esos principios, no me voy a enfrentar al Presidente, no voy a pelear con la historia, le voy a tener siempre respeto. Y creo que este proceso que vivimos puede lograr que Morena al interior est\u00e9 reflexionando en torno a qui\u00e9n debe de ser el aspirante dos a\u00f1os antes\u201d, explic\u00f3.<\/p>\n<p>Mientras tanto, Monreal participar\u00e1 hoy en el festejo del Z\u00f3calo al que convoc\u00f3 L\u00f3pez Obrador con motivo de los tres a\u00f1os de su gobierno.<\/p>\n","protected":false},"excerpt":{"rendered":"<p>Tras las suposiciones sobre su presunta salida de Morena, por la estrategia para seleccionar a sus candidatos, Ricardo Monreal aclar\u00f3 que es falso que su permanencia dentro del partido est\u00e9 condicionada y asegur\u00f3 que haber puesto esas palabras en su boca, fue s\u00f3lo para desprestigiarlo frente al presidente Andr\u00e9s Manuel L\u00f3pez Obrador.<\/p>\n","protected":false},"author":3,"featured_media":528913,"comment_status":"open","ping_status":"open","sticky":false,"template":"","format":"standard","meta":{"_monsterinsights_skip_tracking":false,"_monsterinsights_sitenote_active":false,"_monsterinsights_sitenote_note":"","_monsterinsights_sitenote_category":0,"footnotes":""},"categories":[3],"tags":[94158,20663,63773,90037],"class_list":["post-528823","post","type-post","status-publish","format-standard","has-post-thumbnail","hentry","category-nacional","tag-desprestigiarlo","tag-morena","tag-ricardo-monreal","tag-salid"],"_links":{"self":[{"href":"https:\/\/www.diarioimagen.net\/index.php?rest_route=\/wp\/v2\/posts\/528823","targetHints":{"allow":["GET"]}}],"collection":[{"href":"https:\/\/www.diarioimagen.net\/index.php?rest_route=\/wp\/v2\/posts"}],"about":[{"href":"https:\/\/www.diarioimagen.net\/index.php?rest_route=\/wp\/v2\/types\/post"}],"author":[{"embeddable":true,"href":"https:\/\/www.diarioimagen.net\/index.php?rest_route=\/wp\/v2\/users\/3"}],"replies":[{"embeddable":true,"href":"https:\/\/www.diarioimagen.net\/index.php?rest_route=%2Fwp%2Fv2%2Fcomments&post=528823"}],"version-history":[{"count":0,"href":"https:\/\/www.diarioimagen.net\/index.php?rest_route=\/wp\/v2\/posts\/528823\/revisions"}],"wp:featuredmedia":[{"embeddable":true,"href":"https:\/\/www.diarioimagen.net\/index.php?rest_route=\/wp\/v2\/media\/528913"}],"wp:attachment":[{"href":"https:\/\/www.diarioimagen.net\/index.php?rest_route=%2Fwp%2Fv2%2Fmedia&parent=528823"}],"wp:term":[{"taxonomy":"category","embeddable":true,"href":"https:\/\/www.diarioimagen.net\/index.php?rest_route=%2Fwp%2Fv2%2Fcategories&post=528823"},{"taxonomy":"post_tag","embeddable":true,"href":"https:\/\/www.diarioimagen.net\/index.php?rest_route=%2Fwp%2Fv2%2Ftags&post=528823"}],"curies":[{"name":"wp","href":"https:\/\/api.w.org\/{rel}","templated":true}]}}