{"id":528840,"date":"2021-12-01T00:01:41","date_gmt":"2021-12-01T06:01:41","guid":{"rendered":"https:\/\/www.diarioimagen.net\/?p=528840"},"modified":"2021-12-01T05:05:25","modified_gmt":"2021-12-01T11:05:25","slug":"buscara-el-pri-mayores-recursos-a-salud-y-educacion-afirma-el-diputado-david-parra","status":"publish","type":"post","link":"https:\/\/www.diarioimagen.net\/?p=528840","title":{"rendered":"Buscar\u00e1 el PRI mayores recursos a salud y educaci\u00f3n, afirma el diputado David Parra"},"content":{"rendered":"<p>&nbsp;<\/p>\n<ul>\n<li><strong><em>\u201cFalta mucho por hacer en Naucalpan\u201d<\/em><\/strong><\/li>\n<\/ul>\n<p>&nbsp;<\/p>\n<div id=\"attachment_528944\" style=\"width: 470px\" class=\"wp-caption aligncenter\"><a href=\"https:\/\/www.diarioimagen.net\/?attachment_id=528944\" rel=\"attachment wp-att-528944\"><img loading=\"lazy\" decoding=\"async\" aria-describedby=\"caption-attachment-528944\" class=\"size-full wp-image-528944\" src=\"https:\/\/www.diarioimagen.net\/wp-content\/uploads\/2021\/12\/naucalpan.jpg\" alt=\"\" width=\"460\" height=\"270\" \/><\/a><p id=\"caption-attachment-528944\" class=\"wp-caption-text\">El diputado David Parra afirm\u00f3 que seguir\u00e1 recorriendo las colonias del Distrito 32 para escuchar necesidades ciudadanas tal y como se comprometi\u00f3 durante su campa\u00f1a.<\/p><\/div>\n<p>&nbsp;<\/p>\n<p><strong>Naucalpan, Estado de M\u00e9xico.\u2014<\/strong> Sin duda alguna que falta mucho por hacer en Naucalpan. Es necesario y urgente, regresar a las familias naucalpenses la tranquilidad y justicia social que tanto demandan. Seguir\u00e9 recorriendo las colonias de mi distrito (32) para escuchar sus necesidades tal y como me compromet\u00ed durante mi campa\u00f1a.<\/p>\n<p>\u201cLos legisladores, son los encargados de escuchar y recoger las necesidades de los ciudadanos, para luego llevarlas al centro de la vida p\u00fablica, donde se deben de tomar decisiones a favor de la comunidad. Entonces un diputado se vuelve un amplificador de la voz de la gente y eso no dejaremos de hacerlo\u201d, dijo.<\/p>\n<p>Ante decenas de vecinos, el legislador David Parra, destac\u00f3 que \u201cla fracci\u00f3n del PRI que encabeza nuestro amigo y compa\u00f1ero El\u00edas Rescala, no defraudar\u00e1 la confianza que depositaron hacia nosotros\u201d, afirm\u00f3.<\/p>\n<p>Al continuar con su recorrido, el diputado naucalpense, acompa\u00f1ado de Luis Gilberto Lim\u00f3n Ch\u00e1vez, secretario de Movilidad del gobierno del Estado de M\u00e9xico, escuch\u00f3 a l\u00edderes sociales y vecinos de Minas Tecolote, San Jos\u00e9 Poza Honda, Ol\u00edmpica Radio, Minas Tecolote y de rancheras, entre otras, para respaldar el proyecto para la creaci\u00f3n un libramiento alterno de salida al aboulevard \u201cLuis Donaldo Colosio\u201d , para beneficio de miles de vecinos de est\u00e1s colonias y comunidades.<\/p>\n<p>Finalmente, acompa\u00f1ado del diputado Enrique Jacob, visitaron dos cl\u00ednicas obtamol\u00f3gicas ubicadas en Naucalpan, en donde se comprometieron a tramitar mayeres recursos para el sector salud, educativo y seguridad.<\/p>\n","protected":false},"excerpt":{"rendered":"<p>Sin duda alguna que falta mucho por hacer en Naucalpan. Es necesario y urgente, regresar a las familias naucalpenses la tranquilidad y justicia social que tanto demandan. Seguir\u00e9 recorriendo las colonias de mi distrito (32) para escuchar sus necesidades tal y como me compromet\u00ed durante mi campa\u00f1a.<\/p>\n","protected":false},"author":3,"featured_media":528944,"comment_status":"open","ping_status":"open","sticky":false,"template":"","format":"standard","meta":{"_monsterinsights_skip_tracking":false,"_monsterinsights_sitenote_active":false,"_monsterinsights_sitenote_note":"","_monsterinsights_sitenote_category":0,"footnotes":""},"categories":[5],"tags":[43675,970,362,20477],"class_list":["post-528840","post","type-post","status-publish","format-standard","has-post-thumbnail","hentry","category-estado-de-mexico","tag-estado-de-mexico","tag-naucalpan","tag-pri","tag-recursos"],"_links":{"self":[{"href":"https:\/\/www.diarioimagen.net\/index.php?rest_route=\/wp\/v2\/posts\/528840","targetHints":{"allow":["GET"]}}],"collection":[{"href":"https:\/\/www.diarioimagen.net\/index.php?rest_route=\/wp\/v2\/posts"}],"about":[{"href":"https:\/\/www.diarioimagen.net\/index.php?rest_route=\/wp\/v2\/types\/post"}],"author":[{"embeddable":true,"href":"https:\/\/www.diarioimagen.net\/index.php?rest_route=\/wp\/v2\/users\/3"}],"replies":[{"embeddable":true,"href":"https:\/\/www.diarioimagen.net\/index.php?rest_route=%2Fwp%2Fv2%2Fcomments&post=528840"}],"version-history":[{"count":0,"href":"https:\/\/www.diarioimagen.net\/index.php?rest_route=\/wp\/v2\/posts\/528840\/revisions"}],"wp:featuredmedia":[{"embeddable":true,"href":"https:\/\/www.diarioimagen.net\/index.php?rest_route=\/wp\/v2\/media\/528944"}],"wp:attachment":[{"href":"https:\/\/www.diarioimagen.net\/index.php?rest_route=%2Fwp%2Fv2%2Fmedia&parent=528840"}],"wp:term":[{"taxonomy":"category","embeddable":true,"href":"https:\/\/www.diarioimagen.net\/index.php?rest_route=%2Fwp%2Fv2%2Fcategories&post=528840"},{"taxonomy":"post_tag","embeddable":true,"href":"https:\/\/www.diarioimagen.net\/index.php?rest_route=%2Fwp%2Fv2%2Ftags&post=528840"}],"curies":[{"name":"wp","href":"https:\/\/api.w.org\/{rel}","templated":true}]}}