{"id":528844,"date":"2021-12-01T00:03:06","date_gmt":"2021-12-01T06:03:06","guid":{"rendered":"https:\/\/www.diarioimagen.net\/?p=528844"},"modified":"2021-12-01T05:03:54","modified_gmt":"2021-12-01T11:03:54","slug":"instalan-consejo-municipal-para-el-fomento-de-la-lectura-y-el-libro-de-tlalnepantla","status":"publish","type":"post","link":"https:\/\/www.diarioimagen.net\/?p=528844","title":{"rendered":"Instalan Consejo Municipal para el Fomento de la Lectura y el Libro de Tlalnepantla"},"content":{"rendered":"<p>&nbsp;<\/p>\n<p><a href=\"https:\/\/www.diarioimagen.net\/?attachment_id=528937\" rel=\"attachment wp-att-528937\"><img loading=\"lazy\" decoding=\"async\" class=\"aligncenter size-full wp-image-528937\" src=\"https:\/\/www.diarioimagen.net\/wp-content\/uploads\/2021\/12\/tlalnepantla.jpg\" alt=\"\" width=\"460\" height=\"225\" \/><\/a><\/p>\n<p>&nbsp;<\/p>\n<p><strong>Tlalnepantla, Estado de M\u00e9xico<\/strong><strong>.\u2014<\/strong> El Gobierno de Tlalnepantla instal\u00f3 el Consejo Municipal para el Fomento de la Lectura y el Libro de Nuestra Ciudad que tiene como prop\u00f3sito generar estrategias e iniciativas que promuevan este h\u00e1bito en los distintos sectores de la poblaci\u00f3n.<\/p>\n<p>Tomaron protesta diez de sus integrantes, entre ellos, el escritor Jorge Nicol\u00e1s Solano Reyes, as\u00ed como titulares de diversas \u00e1reas de la administraci\u00f3n municipal.<\/p>\n","protected":false},"excerpt":{"rendered":"<p>El Gobierno de Tlalnepantla instal\u00f3 el Consejo Municipal para el Fomento de la Lectura y el Libro de Nuestra Ciudad que tiene como prop\u00f3sito generar estrategias e iniciativas que promuevan este h\u00e1bito en los distintos sectores de la poblaci\u00f3n.<\/p>\n","protected":false},"author":3,"featured_media":528937,"comment_status":"open","ping_status":"open","sticky":false,"template":"","format":"standard","meta":{"_monsterinsights_skip_tracking":false,"_monsterinsights_sitenote_active":false,"_monsterinsights_sitenote_note":"","_monsterinsights_sitenote_category":0,"footnotes":""},"categories":[5],"tags":[43675,94161,169],"class_list":["post-528844","post","type-post","status-publish","format-standard","has-post-thumbnail","hentry","category-estado-de-mexico","tag-estado-de-mexico","tag-fomento-de-la-lectura-y-el-libro","tag-tlalnepantla"],"_links":{"self":[{"href":"https:\/\/www.diarioimagen.net\/index.php?rest_route=\/wp\/v2\/posts\/528844","targetHints":{"allow":["GET"]}}],"collection":[{"href":"https:\/\/www.diarioimagen.net\/index.php?rest_route=\/wp\/v2\/posts"}],"about":[{"href":"https:\/\/www.diarioimagen.net\/index.php?rest_route=\/wp\/v2\/types\/post"}],"author":[{"embeddable":true,"href":"https:\/\/www.diarioimagen.net\/index.php?rest_route=\/wp\/v2\/users\/3"}],"replies":[{"embeddable":true,"href":"https:\/\/www.diarioimagen.net\/index.php?rest_route=%2Fwp%2Fv2%2Fcomments&post=528844"}],"version-history":[{"count":0,"href":"https:\/\/www.diarioimagen.net\/index.php?rest_route=\/wp\/v2\/posts\/528844\/revisions"}],"wp:featuredmedia":[{"embeddable":true,"href":"https:\/\/www.diarioimagen.net\/index.php?rest_route=\/wp\/v2\/media\/528937"}],"wp:attachment":[{"href":"https:\/\/www.diarioimagen.net\/index.php?rest_route=%2Fwp%2Fv2%2Fmedia&parent=528844"}],"wp:term":[{"taxonomy":"category","embeddable":true,"href":"https:\/\/www.diarioimagen.net\/index.php?rest_route=%2Fwp%2Fv2%2Fcategories&post=528844"},{"taxonomy":"post_tag","embeddable":true,"href":"https:\/\/www.diarioimagen.net\/index.php?rest_route=%2Fwp%2Fv2%2Ftags&post=528844"}],"curies":[{"name":"wp","href":"https:\/\/api.w.org\/{rel}","templated":true}]}}