{"id":528846,"date":"2021-12-01T00:04:23","date_gmt":"2021-12-01T06:04:23","guid":{"rendered":"https:\/\/www.diarioimagen.net\/?p=528846"},"modified":"2021-12-01T05:02:44","modified_gmt":"2021-12-01T11:02:44","slug":"el-gobierno-de-cuautitlan-izcalli-trabaja-por-mejores-vialidades-para-sus-habitantes","status":"publish","type":"post","link":"https:\/\/www.diarioimagen.net\/?p=528846","title":{"rendered":"El gobierno de Cuautitl\u00e1n Izcalli trabaja por mejores vialidades para sus habitantes"},"content":{"rendered":"<p>&nbsp;<\/p>\n<ul>\n<li><strong><em>Inauguran reencarpetado de la avenida Morelos<\/em><\/strong><\/li>\n<\/ul>\n<p>&nbsp;<\/p>\n<div id=\"attachment_528935\" style=\"width: 470px\" class=\"wp-caption aligncenter\"><a href=\"https:\/\/www.diarioimagen.net\/?attachment_id=528935\" rel=\"attachment wp-att-528935\"><img loading=\"lazy\" decoding=\"async\" aria-describedby=\"caption-attachment-528935\" class=\"size-full wp-image-528935\" src=\"https:\/\/www.diarioimagen.net\/wp-content\/uploads\/2021\/12\/izcalli.jpg\" alt=\"\" width=\"460\" height=\"270\" \/><\/a><p id=\"caption-attachment-528935\" class=\"wp-caption-text\">El alcalde Ricardo N\u00fa\u00f1ez, en compa\u00f1\u00eda de directores de \u00e1rea y vecinos, inaugur\u00f3 el reencarpetado de avenida Morelos con una rodada\u00a0en bicicleta.<\/p><\/div>\n<p>&nbsp;<\/p>\n<p><strong>Cuautitl\u00e1n Izcalli, Estado de M\u00e9xico.\u2014<\/strong> La Direcci\u00f3n de Equipamiento Urbano trabaj\u00f3 en la avenida Morelos, aplicando un total de mil 924.29 toneladas de mezcla asf\u00e1ltica, reencarpetando 19 mil 166.08 metros cuadrados, de igual manera, fueron rehabilitadas 17 luminarias y se colocaron 15 m\u00e1s.<\/p>\n<p>El director de Equipamiento Urbano, Arturo V\u00e9lez Ortiz, se\u00f1al\u00f3 que esta avenida representaba un fuerte rezago para la \u00e1gil circulaci\u00f3n, por ello se trabaj\u00f3 de manera eficaz para que la obra fuera terminada en un tiempo de tres semanas con la finalidad de dotar a los izcallenses de una mejor vialidad.<\/p>\n<p>Asimismo, el alcalde Ricardo N\u00fa\u00f1ez agradeci\u00f3 el trabajo que realiza el personal de la Administraci\u00f3n P\u00fablica, ya que est\u00e1n haciendo su mejor esfuerzo por recuperar las vialidades de Cuautitl\u00e1n Izcalli. \u201cEstamos trabajando a marchas forzadas respecto a la entrega de muchas obras, terminar lo que se program\u00f3 por hacer y no s\u00f3lo sea una calle, sino tambi\u00e9n la recuperaci\u00f3n de espacios p\u00fablicos\u201d, dijo.<\/p>\n<p>Posterior a ello, autoridades Municipales y vecinos de la zona iniciaron una rodada en bicicletas para conocer los trabajos realizados en avenida Morelos.A la inauguraci\u00f3n tambi\u00e9n acudi\u00f3 el director general de Servicios P\u00fablicos, Guillermo Ju\u00e1rez Padilla; director de Parques y Jardines, Eduardo Alc\u00e1ntara; el jefe del Departamento de Alumbrado P\u00fablico, Marco Hern\u00e1ndez; la jefa de Mantenimiento Urbano, Brenda Enr\u00edquez Rosas, y el comisario de Seguridad P\u00fablica y Tr\u00e1nsito Municipal, Rodrigo Iv\u00e1n Hern\u00e1ndez.<\/p>\n","protected":false},"excerpt":{"rendered":"<p>La Direcci\u00f3n de Equipamiento Urbano trabaj\u00f3 en la avenida Morelos, aplicando un total de mil 924.29 toneladas de mezcla asf\u00e1ltica, reencarpetando 19 mil 166.08 metros cuadrados, de igual manera, fueron rehabilitadas 17 luminarias y se colocaron 15 m\u00e1s.<\/p>\n","protected":false},"author":3,"featured_media":528935,"comment_status":"open","ping_status":"open","sticky":false,"template":"","format":"standard","meta":{"_monsterinsights_skip_tracking":false,"_monsterinsights_sitenote_active":false,"_monsterinsights_sitenote_note":"","_monsterinsights_sitenote_category":0,"footnotes":""},"categories":[5],"tags":[971,43675,47157,71465],"class_list":["post-528846","post","type-post","status-publish","format-standard","has-post-thumbnail","hentry","category-estado-de-mexico","tag-cuautitlan-izcalli","tag-estado-de-mexico","tag-habitantes","tag-vialidades"],"_links":{"self":[{"href":"https:\/\/www.diarioimagen.net\/index.php?rest_route=\/wp\/v2\/posts\/528846","targetHints":{"allow":["GET"]}}],"collection":[{"href":"https:\/\/www.diarioimagen.net\/index.php?rest_route=\/wp\/v2\/posts"}],"about":[{"href":"https:\/\/www.diarioimagen.net\/index.php?rest_route=\/wp\/v2\/types\/post"}],"author":[{"embeddable":true,"href":"https:\/\/www.diarioimagen.net\/index.php?rest_route=\/wp\/v2\/users\/3"}],"replies":[{"embeddable":true,"href":"https:\/\/www.diarioimagen.net\/index.php?rest_route=%2Fwp%2Fv2%2Fcomments&post=528846"}],"version-history":[{"count":0,"href":"https:\/\/www.diarioimagen.net\/index.php?rest_route=\/wp\/v2\/posts\/528846\/revisions"}],"wp:featuredmedia":[{"embeddable":true,"href":"https:\/\/www.diarioimagen.net\/index.php?rest_route=\/wp\/v2\/media\/528935"}],"wp:attachment":[{"href":"https:\/\/www.diarioimagen.net\/index.php?rest_route=%2Fwp%2Fv2%2Fmedia&parent=528846"}],"wp:term":[{"taxonomy":"category","embeddable":true,"href":"https:\/\/www.diarioimagen.net\/index.php?rest_route=%2Fwp%2Fv2%2Fcategories&post=528846"},{"taxonomy":"post_tag","embeddable":true,"href":"https:\/\/www.diarioimagen.net\/index.php?rest_route=%2Fwp%2Fv2%2Ftags&post=528846"}],"curies":[{"name":"wp","href":"https:\/\/api.w.org\/{rel}","templated":true}]}}