{"id":528858,"date":"2021-12-01T00:05:08","date_gmt":"2021-12-01T06:05:08","guid":{"rendered":"https:\/\/www.diarioimagen.net\/?p=528858"},"modified":"2021-12-01T02:44:48","modified_gmt":"2021-12-01T08:44:48","slug":"los-que-moririan-por-su-presidente","status":"publish","type":"post","link":"https:\/\/www.diarioimagen.net\/?p=528858","title":{"rendered":"Los que morir\u00edan por su Presidente"},"content":{"rendered":"<h2>Perfil de M\u00e9xico<\/h2>\n<h5>Armando R\u00edos Ruiz<\/h5>\n<p>&nbsp;<\/p>\n<p>Todos los mexicanos que quieran morir o, aunque sea contagiarse con la nueva cepa de virus denominado \u00d3micron, cuyo peligro es s\u00f3lo comparable con el \u00c9bola, de acuerdo con especialistas, est\u00e1n cordialmente invitados al Z\u00f3calo de la capital, a escuchar otro informe del Presidente de M\u00e9xico, debido a que las ma\u00f1aneras no han sido suficientes para aburrir demasiado. La ceremonia pre luctuosa iniciar\u00e1 a las 17:00 horas. \u00a1No faltes!<\/p>\n<p>As\u00ed deber\u00eda ser la invitaci\u00f3n a la Plaza de la Constituci\u00f3n para el d\u00eda primero de diciembre, \u201ca pesar del dolor y la tristeza por la pandemia\u201d, como dijo precisamente el mandatario, quien desea celebrar su d\u00eda de toma de posici\u00f3n hace tres a\u00f1os y quien inst\u00f3 adem\u00e1s a salir adelante y echarle ganas, as\u00ed como a reunirnos. \u201cTenemos muchas ganas de vernos\u201d. \u00bfTenemos, kimosabi?\u201d<\/p>\n<p>\u00bfA qui\u00e9n quiere ver? Todos los fines de semana visita estados en donde mucha gente lo recibe con recordatorios familiares y aun as\u00ed dice que \u201ctenemos muchas ganas de vernos\u201d. Lo que quiere es confirmar que sus delirantes seguidores ser\u00e1n capaces de dejarlo todo y de acudir, aunque sea como acarreados, a exponer la vida s\u00f3lo por vitorear a su \u00eddolo.<\/p>\n<p>Un consejo: en virtud de que muchos son tra\u00eddos de la provincia, no conocen la capital y hay temor de que se pierdan y los organizadores son tan descuidados que dejan estacionadas las decenas de camiones encargados del acarreo a s\u00f3lo unas cuantas cuadras de la plancha del Z\u00f3calo, les recomendamos que los dejen m\u00e1s lejos, con la advertencia de que el que se qued\u00f3 se qued\u00f3. No hay forma de ocultarlos. \u00a1Pero por favor, m\u00e1s lejos! \u00a1Estorban la vialidad y la vista!<\/p>\n<p>Desea constatar que muchos mexicanos estar\u00e1n ah\u00ed con la baba en el pecho, y que, aunque ahora sean menos y nadie notar\u00e1 que faltan muchos, porque la explanada se reboza con 100 mil asistentes, cifra perfectamente estudiada por expertos, se ver\u00e1 que est\u00e1 llena. Desea con vehemencia satisfacer su ego, inflado como globo de Cantoya, para sentirse bien. Como una variante del espejo en el cuento de Blancanieves. Tal vez alguien le grite que es el mejor Presidente en nuestra historia. Eso no se lo puede perder.<\/p>\n<p>Pero contrario a sus mismas convicciones, en esta ocasi\u00f3n, a lo dicho al principio de 2020, cuando all\u00e1 por febrero o marzo aparecieron los primeros signos de peligro de contagio y atiz\u00f3 con que los mexicanos no nos contagiamos porque pertenecemos a una raza superior y bastaba un simple amuleto para anular todos los riesgos e incluso puso y ha puesto el ejemplo con su renuencia a usar el cubreboca, ahora lo recomienda en caso de que se junte mucha gente.<\/p>\n<p>Eso ocurre aqu\u00ed, mientras en otras latitudes se insiste, desde el descubrimiento de la nueva variante, la m\u00e1s peligrosa hasta hoy conocida, en observar cuidados extremos. Se restringen viajes que transporten el virus mortal y se est\u00e1 en alerta constante para cerrar las fronteras en cualquier momento. Esto pone en evidencia la diferencia entre ser responsable y ser irresponsable.<\/p>\n<p>Despu\u00e9s de echada al vuelo la alarma, el presidente Biden, se reuni\u00f3 con Anthony Fauci, su asesor para cuestiones de medicina y con el Equipo de Respuesta de la Casa Blanca, para tomar las previsiones pertinentes frente al virus. Mientras, aqu\u00ed se invita a los mexicanos a una reuni\u00f3n masiva y por ello altamente peligrosa. Nuestras autoridades sanitarias est\u00e1n s\u00f3lo para afirmar que nuestros muertos no son tantos, aunque le resten al n\u00famero real.<\/p>\n<p>En diversos pa\u00edses europeos y en Asia, los mandatarios correspondientes han tomado todas las medidas para contrarrestar los embates del enemigo invisible. Una de ellas, es evitar las aglomeraciones de personas.<\/p>\n<p>El nuevo coronavirus ya lleg\u00f3 a Am\u00e9rica y no podemos olvidar por nada, que se extiende con una velocidad impresionante. Basta un contagiado para que en cuesti\u00f3n de segundos una multitud sea alcanzada y lo transporte a sus hogares y a puntos de reuni\u00f3n a donde acuda cada uno. Lo bueno es que hay hospitales de sobra que no cuentan con los m\u00ednimos requisitos para atender a los enfermos.<\/p>\n<p><a href=\"mailto:ariosruiz@gmail.com\" target=\"_blank\" rel=\"noopener noreferrer\"><em>ariosruiz@gmail.com<\/em><\/a><\/p>\n","protected":false},"excerpt":{"rendered":"<p><span style=\"color: #005497;\"><strong>Armando R\u00edos Ruiz<\/strong><\/span><\/p>\n","protected":false},"author":3,"featured_media":0,"comment_status":"open","ping_status":"open","sticky":false,"template":"","format":"standard","meta":{"_monsterinsights_skip_tracking":false,"_monsterinsights_sitenote_active":false,"_monsterinsights_sitenote_note":"","_monsterinsights_sitenote_category":0,"footnotes":""},"categories":[88405],"tags":[88407,43674,91193],"class_list":["post-528858","post","type-post","status-publish","format-standard","hentry","category-armando-rios-ruiz","tag-armando-rios-ruiz","tag-opinion","tag-perfil-de-mexico"],"_links":{"self":[{"href":"https:\/\/www.diarioimagen.net\/index.php?rest_route=\/wp\/v2\/posts\/528858","targetHints":{"allow":["GET"]}}],"collection":[{"href":"https:\/\/www.diarioimagen.net\/index.php?rest_route=\/wp\/v2\/posts"}],"about":[{"href":"https:\/\/www.diarioimagen.net\/index.php?rest_route=\/wp\/v2\/types\/post"}],"author":[{"embeddable":true,"href":"https:\/\/www.diarioimagen.net\/index.php?rest_route=\/wp\/v2\/users\/3"}],"replies":[{"embeddable":true,"href":"https:\/\/www.diarioimagen.net\/index.php?rest_route=%2Fwp%2Fv2%2Fcomments&post=528858"}],"version-history":[{"count":0,"href":"https:\/\/www.diarioimagen.net\/index.php?rest_route=\/wp\/v2\/posts\/528858\/revisions"}],"wp:attachment":[{"href":"https:\/\/www.diarioimagen.net\/index.php?rest_route=%2Fwp%2Fv2%2Fmedia&parent=528858"}],"wp:term":[{"taxonomy":"category","embeddable":true,"href":"https:\/\/www.diarioimagen.net\/index.php?rest_route=%2Fwp%2Fv2%2Fcategories&post=528858"},{"taxonomy":"post_tag","embeddable":true,"href":"https:\/\/www.diarioimagen.net\/index.php?rest_route=%2Fwp%2Fv2%2Ftags&post=528858"}],"curies":[{"name":"wp","href":"https:\/\/api.w.org\/{rel}","templated":true}]}}