{"id":528864,"date":"2021-12-01T00:03:12","date_gmt":"2021-12-01T06:03:12","guid":{"rendered":"https:\/\/www.diarioimagen.net\/?p=528864"},"modified":"2021-12-01T03:15:30","modified_gmt":"2021-12-01T09:15:30","slug":"acarreo-pro-peje","status":"publish","type":"post","link":"https:\/\/www.diarioimagen.net\/?p=528864","title":{"rendered":"Acarreo pro <em>Peje<\/em>"},"content":{"rendered":"<h2>Espacio Electoral<\/h2>\n<h5>Eleazar Flores<\/h5>\n<p>&nbsp;<\/p>\n<p><strong>\u00bfCU\u00c1NTO COSTAR\u00c1?-.<\/strong> La magna concentraci\u00f3n de hoy en el Z\u00f3calo capitalino para conmemorar el tercer aniversario de la asunci\u00f3n del creador de la Cuarta Transformaci\u00f3n al cielo guinda, contar\u00e1 con acarreados adeptos, pero tambi\u00e9n con VIP internacionales, variopintos mundiales.<\/p>\n<p>Ejemplos; la ex presidenta brasile\u00f1a Dilma Rousseff, presunta izquierdista carioca, pero tambi\u00e9n el derechista ex presidente espa\u00f1ol Jos\u00e9 Mar\u00eda Aznar, l\u00edder del Partido Popular, hoy opositor al partido gobernante que comanda Pedro S\u00e1nchez.<\/p>\n<p>As\u00ed es, Aznar que en julio de 2001 fue quien dio la primicia a la prensa nacional, la boda del entonces presidente Vicente Fox con su hasta entonces vocera Marthita Sahag\u00fan, en adelante de Fox Quesada. Eran otros tiempos, pues por ejemplo el ibero de extrema derecha Jos\u00e9 Mar\u00eda era presidente del gobierno de la madre patria.<\/p>\n<p>Pues veinte a\u00f1os despu\u00e9s, Aznar viene de ac\u00f3lito, perd\u00f3n, de invitado de un Presidente mexicano que presume ser de izquierda, lo que muchos dudan, pero no de su avasallante popularidad, gran parte de la cual la debe al p\u00falpito ma\u00f1anero que utiliza a diario, aderezado del incienso que le lanzan \u201cperiodistas\u201d a modo, consuetudinarios asistentes a esas conferencias,\u00a0 a quienes se les facilita el micr\u00f3fono para preguntar, lo que a muchos no.<\/p>\n<p>Habr\u00e1 m\u00e1s invitados internacionales, de pa\u00edses centro y sudamericanos que seguramente festejar\u00e1n y tambi\u00e9n disfrutar\u00e1n la cima de la popularidad presidencial, cuyo propietario goza- por ahora-, de la\u00a0 sima preferencial comicial de sus oponentes, pero recuerde que en pol\u00edtica como en el deporte, -\u00bfno \u00e1guilas del Am\u00e9rica?-, nada es para siempre.<\/p>\n<p>De la concentraci\u00f3n de esta tarde en el z\u00f3calo capitalino, los gastos correr\u00e1n por cuenta de los contingentes del Movimiento Regeneraci\u00f3n Nacional, as\u00ed los dirigentes lo nieguen, y de reportar esos gastos al INE, menos, ser\u00e1 misi\u00f3n imposible, al tiempo.<\/p>\n<p>En cuanto al festejo, seguro el mandatario aprovechar\u00e1 para anunciar los \u201cgrandes avances\u201d en todos los rubros y tambi\u00e9n para lanzarse contra sus adversarios, que son todos los que comulgan con \u00e9l, de dentro o fuera de los partidos, dirigentes del sector privado, y de la comunidad intelectual ni dudarlo. CIDE es ejemplo<\/p>\n<p><strong>CONTRA INTELECTUALIDAD-.<\/strong> Por haber descubierto la vocaci\u00f3n empresarial de uno de sus hijos, el presidente Andr\u00e9s Manuel L\u00f3pez Obrador se lanz\u00f3 contra la periodista Carmelita Aristegui, anta\u00f1o su amiga, confirm\u00e1ndose una vez m\u00e1s que nada es para siempre, pues hasta sus m\u00e1s ac\u00e9rrimos enemigos reconocen en Aristegui como periodista con cultura de sobra en su medio<\/p>\n<p>Por otros medios se denuncia tambi\u00e9n el \u201ccrecimiento\u201d en varias hect\u00e1reas de la finca heredada al hijo del presidente dedicado al cultivo del cacao, nada novedoso, pues recuerde que el \u201cRancho Fox\u201d ten\u00eda menos extensi\u00f3n y ya con Fox presidente,\u00a0 \u201ccreci\u00f3\u201d.<\/p>\n<p><em><a href=\"mailto:elefa44@gmail.com\" target=\"_blank\" rel=\"noopener noreferrer\">elefa44@gmail.com<\/a><\/em><\/p>\n","protected":false},"excerpt":{"rendered":"<p><span style=\"color: #005497;\"><strong>Eleazar Flores<\/strong><\/span><\/p>\n","protected":false},"author":3,"featured_media":0,"comment_status":"open","ping_status":"open","sticky":false,"template":"","format":"standard","meta":{"_monsterinsights_skip_tracking":false,"_monsterinsights_sitenote_active":false,"_monsterinsights_sitenote_note":"","_monsterinsights_sitenote_category":0,"footnotes":""},"categories":[81743],"tags":[81744,81776,43674],"class_list":["post-528864","post","type-post","status-publish","format-standard","hentry","category-eleazar-flores","tag-eleazar-flores","tag-espacio-electoral","tag-opinion"],"_links":{"self":[{"href":"https:\/\/www.diarioimagen.net\/index.php?rest_route=\/wp\/v2\/posts\/528864","targetHints":{"allow":["GET"]}}],"collection":[{"href":"https:\/\/www.diarioimagen.net\/index.php?rest_route=\/wp\/v2\/posts"}],"about":[{"href":"https:\/\/www.diarioimagen.net\/index.php?rest_route=\/wp\/v2\/types\/post"}],"author":[{"embeddable":true,"href":"https:\/\/www.diarioimagen.net\/index.php?rest_route=\/wp\/v2\/users\/3"}],"replies":[{"embeddable":true,"href":"https:\/\/www.diarioimagen.net\/index.php?rest_route=%2Fwp%2Fv2%2Fcomments&post=528864"}],"version-history":[{"count":0,"href":"https:\/\/www.diarioimagen.net\/index.php?rest_route=\/wp\/v2\/posts\/528864\/revisions"}],"wp:attachment":[{"href":"https:\/\/www.diarioimagen.net\/index.php?rest_route=%2Fwp%2Fv2%2Fmedia&parent=528864"}],"wp:term":[{"taxonomy":"category","embeddable":true,"href":"https:\/\/www.diarioimagen.net\/index.php?rest_route=%2Fwp%2Fv2%2Fcategories&post=528864"},{"taxonomy":"post_tag","embeddable":true,"href":"https:\/\/www.diarioimagen.net\/index.php?rest_route=%2Fwp%2Fv2%2Ftags&post=528864"}],"curies":[{"name":"wp","href":"https:\/\/api.w.org\/{rel}","templated":true}]}}